{"id":43063,"date":"2011-11-21T15:15:44","date_gmt":"2011-11-21T13:15:44","guid":{"rendered":"http:\/\/www.korhanyilmaz.com\/?p=43063"},"modified":"2011-11-21T21:30:53","modified_gmt":"2011-11-21T19:30:53","slug":"buyuk-ustanin-evlat-acisi","status":"publish","type":"post","link":"http:\/\/www.korhanyilmaz.com\/?p=43063","title":{"rendered":"B\u00fcy\u00fck ustan\u0131n evlat ac\u0131s\u0131"},"content":{"rendered":"<p style=\"text-align: center;\"><a href=\"http:\/\/www.korhanyilmaz.com\/wp-content\/uploads\/2011\/11\/7212.jpg\"  class=\"lightview\"><img loading=\"lazy\" decoding=\"async\" class=\"aligncenter  wp-image-43064\" src=\"http:\/\/www.korhanyilmaz.com\/wp-content\/uploads\/2011\/11\/7212.jpg\" alt=\"\" width=\"354\" height=\"219\" \/><\/a><\/p>\n<p style=\"text-align: justify;\">Halk ozan\u0131 Rahmi Saltuk\u2019un o\u011flu Baran Saltuk, be\u015finci kattaki evlerinin penceresinden d\u00fc\u015ferek hayat\u0131n\u0131 kaybetti. Ac\u0131 haberi sabah kap\u0131ya gelen polislerden alan Saltuk, \u201cBaran 4 gibi eve geldi, \u2018Babac\u0131\u011f\u0131m iyi geceler\u2019 deyip sar\u0131lmak istedi, sonra odas\u0131nda sigara i\u00e7ti\u201d diyerek o\u011flunun son saatlerini anlatt\u0131. Baran Saltuk, \u0130stanbul&#8217;da topra\u011fa verildi. Cenaze t\u00f6reninde b\u00fcy\u00fck usta Rahmi Saltuk&#8217;un g\u00f6zya\u015flar\u0131 dinmedi.\u00a0<!--more--><\/p>\n<p style=\"text-align: justify;\"><a href=\"http:\/\/www.korhanyilmaz.com\/wp-content\/uploads\/2011\/11\/7215.jpg\"  class=\"lightview\"><img loading=\"lazy\" decoding=\"async\" class=\"alignleft  wp-image-43067\" style=\"margin-left: 10px; margin-right: 10px;\" src=\"http:\/\/www.korhanyilmaz.com\/wp-content\/uploads\/2011\/11\/7215.jpg\" alt=\"\" width=\"240\" height=\"144\" \/><\/a>SABAH saatlerinde, \u0130stanbul \u015ei\u015fli\u2019de bulunan 5 katl\u0131 binan\u0131n alt\u0131nda, halk ozan\u0131 Rahmi Saltuk\u2019un o\u011flu Baran Saltuk (21) a\u011f\u0131r yaral\u0131 bulundu. Oturduklar\u0131 5\u2019inci kattaki dairenin penceresinin a\u00e7\u0131k oldu\u011fu g\u00f6r\u00fcld\u00fc. Polisin s\u0131k s\u0131k anons etti\u011fi sa\u011fl\u0131k ekipleri, olay yerine geldiklerinde Saltuk\u2019un hayat\u0131n\u0131 kaybetti\u011fini belirledi. Soka\u011fa g\u00fcvenlik \u015feridi \u00e7ekilerek, inceleme ba\u015flad\u0131. Polis \u00f6len gen\u00e7le ilgili ayr\u0131nt\u0131l\u0131 bilgi almaya \u00e7al\u0131\u015ft\u0131.<\/p>\n<p style=\"text-align: justify;\"><strong>ANNE ASUMAN SALTUK, &#8220;DAHA 21 YA\u015eINDAYDI&#8221; D\u0130YEB\u0130LD\u0130\u00a0<\/strong><\/p>\n<p style=\"text-align: justify;\">Halk Ozan\u0131 Rahmi Saltuk\u2019un hayat\u0131n\u0131 kaybeden 21 ya\u015f\u0131ndaki o\u011flu Baran Saltuk i\u00e7in Okmeydan\u0131 Cemevi\u2019nde \u00f6\u011fle vakti d\u00fczenlenen cenaze t\u00f6reninde yak\u0131nlar\u0131n\u0131n deste\u011fi ile ayakta durabilen anne Asuman Saltuk, s\u00fcrekli a\u011flad\u0131. Konu\u015famayan anne Saltuk\u2019un a\u011fz\u0131ndan sadece &#8220;Daha 21 ya\u015f\u0131ndayd\u0131&#8221; s\u00f6zleri d\u00f6k\u00fcld\u00fc.<\/p>\n<p style=\"text-align: justify;\"><a href=\"http:\/\/www.korhanyilmaz.com\/wp-content\/uploads\/2011\/11\/7216.jpg\"  class=\"lightview\"><img loading=\"lazy\" decoding=\"async\" class=\"alignright  wp-image-43068\" style=\"margin-left: 10px; margin-right: 10px;\" src=\"http:\/\/www.korhanyilmaz.com\/wp-content\/uploads\/2011\/11\/7216.jpg\" alt=\"\" width=\"164\" height=\"239\" \/><\/a>\u0130T\u00dc Meslek Y\u00fcksekokulu G\u00fcverte Kaptanl\u0131\u011f\u0131 b\u00f6l\u00fcm\u00fcnden k\u0131sa bir s\u00fcre \u00f6nce mezun olan Baran Saltuk\u2019un cenazesine, aralar\u0131nda Edip Akbayram, Arif Sa\u011f, Sad\u0131k G\u00fcrb\u00fcz, Ali R\u0131za Binbo\u011fa, Ferhat Tun\u00e7, Nevzat Metin, P\u0131nar Sa\u011f, Ferhat Tun\u00e7, R\u0131dvan Budak, Mehmet Sevigen, Gazeteci Hikmet \u00c7etinkaya, Zeki Sezer, Tolga \u00c7andar, Cemal Seymen, Menderes Samanc\u0131lar, Berhan \u015eim\u015fek, Ayd\u0131n Ilgaz, S\u00f6nmez Targan, G\u00fcrb\u00fcz \u00c7apan\u2019\u0131n da aralar\u0131nda bulundu\u011fu, dostlar\u0131 ve yak\u0131nlar\u0131 kat\u0131ld\u0131. CHP Genel Ba\u015fkan\u0131 Kemal K\u0131l\u0131\u00e7daro\u011flu da cenaze t\u00f6renine \u00e7i\u00e7ek g\u00f6nderdi.<\/p>\n<p style=\"text-align: justify;\">\u00d6\u011fle vakti cenaze namaz\u0131 k\u0131l\u0131nd\u0131. Namaz sonras\u0131, T\u00fcrkiye Kom\u00fcnist Partisi (TKP) \u00fcyesi olan Baran Saltuk\u2019un tabutunun \u00fczerine partili arkada\u015flar\u0131, parti bayra\u011f\u0131 koydu. Tabut, alk\u0131\u015flarla cenaze arabas\u0131na ta\u015f\u0131nd\u0131. Cenaze Ulus Mezarl\u0131\u011f\u0131\u2019nda topra\u011fa verildi.<\/p>\n<p style=\"text-align: justify;\">Rahmi Saltuk\u2019un yaz\u0131l\u0131 a\u00e7\u0131klama yapaca\u011f\u0131 duyuruldu.<\/p>\n<p style=\"text-align: justify;\"><strong>K\u0130TAP FUARI \u0130\u00c7\u0130N RANDEVULA\u015eMI\u015e\u00a0<\/strong><\/p>\n<p style=\"text-align: justify;\">Cenazeye kat\u0131lanlardan Sad\u0131k G\u00fcrb\u00fcz \u015funlar\u0131 s\u00f6yledi:<\/p>\n<p style=\"text-align: justify;\">&#8220;Arkada\u015flar\u0131n\u0131n bir kafede konserleri varm\u0131\u015f. Onlar\u0131n konserinden d\u00f6n\u00fcyor. Orada bira i\u00e7mi\u015f. Eve d\u00f6nd\u00fc\u011f\u00fcnde 05.00 s\u0131ralar\u0131nda babas\u0131na sar\u0131lm\u0131\u015f. &amp;lsquo;\u0130yi geceler baba\u2019 demi\u015f. Babas\u0131 da &#8216;O\u011flum ne gecesi sabah oluyor. Saat be\u015f&#8217; demi\u015f. Ablas\u0131ndan sigara istiyor. Odas\u0131na \u00e7ekiliyor. Pencere kenar\u0131nda oturdu\u011funu san\u0131yorum. Pencerenin kenar\u0131 al\u00e7ak. Baran\u2019\u0131n boyu 1.85. Daha \u00f6nce anne-babas\u0131 &#8216;O\u011flum d\u00fc\u015fersin&#8221; diye uyarm\u0131\u015flar. Bu da &#8216;Bir \u015fey olmaz&#8217; demi\u015f. Enerji dolu bir \u00e7ocuktu. Okulunu yeni bitirmi\u015fti. O g\u00fcn, kitap fuar\u0131na gitmek i\u00e7in arkada\u015flar\u0131 ile randevula\u015fm\u0131\u015f. \u00c7ok ne\u015feli, hayat dolu bir insand\u0131. Tabii t\u00fcm gen\u00e7ler gibi s\u00f6z dinlememezlik var. Kendine g\u00fcven var.&#8221;<\/p>\n<p style=\"text-align: justify;\"><strong>BU ACI, KEL\u0130MLERLE TAR\u0130F ED\u0130LMEZ\u00a0<\/strong><\/p>\n<p style=\"text-align: justify;\"><a href=\"http:\/\/www.korhanyilmaz.com\/wp-content\/uploads\/2011\/11\/7214.jpg\"  class=\"lightview\"><img loading=\"lazy\" decoding=\"async\" class=\"alignright  wp-image-43066\" style=\"margin-left: 10px; margin-right: 10px;\" src=\"http:\/\/www.korhanyilmaz.com\/wp-content\/uploads\/2011\/11\/7214.jpg\" alt=\"\" width=\"161\" height=\"307\" \/><\/a>Rahmi Saltuk\u2019un yak\u0131n arkada\u015f\u0131 Nevzat Metin de &#8220;Ablas\u0131ndan bir sigara rica ediyor. Babas\u0131 kalk\u0131yor. Dikkat et yavrum diyor. Baran 1.85 boyunda, bir de yorgunlu\u011fun etkisi ile pencereden d\u00fc\u015f\u00fcyor. Saat 07.00\u2019de kom\u015fular\u0131 fark\u0131na var\u0131yor. Ambulans \u00e7a\u011f\u0131r\u0131yorlar, ama i\u015f i\u015ften ge\u00e7mi\u015f oluyor&#8221; dedi. Sanat\u00e7\u0131 Edip Akbayram da &#8220;\u00c7ocuklu\u011funu biliyoruz, Baran\u2019\u0131n. O da bizim bir evlad\u0131m\u0131z\u0131d\u0131r. B\u00f6yle bir ac\u0131 kelimelerle ifade edilemez. Ac\u0131lar\u0131n en b\u00fcy\u00fc\u011f\u00fcd\u00fcr, bir anne baba i\u00e7in. Bir anne-babaya ancak dayanma g\u00fcc\u00fc dileyebiliriz. S\u00f6zc\u00fckler kifayetsiz kal\u0131r. Evlat ac\u0131s\u0131 d\u00fcnyan\u0131n en b\u00fcy\u00fck ac\u0131s\u0131d\u0131r. \u00c7ok \u00e7al\u0131\u015fkan, cana yak\u0131n, sorumlu bir birey, ayd\u0131n bir insan. B\u00f6yle olmas\u0131 bizi \u00fczd\u00fc&#8221; diye konu\u015ftu.<\/p>\n<p style=\"text-align: justify;\">Sanat\u00e7\u0131 Arif Sa\u011f &#8220;Bizde, Anadolu\u2019da bir laf vard\u0131r. Gen\u00e7 \u00f6l\u00fcm\u00fc zor olur. Allah Rahmi\u2019ye sab\u0131r versin&#8221; dedi.<\/p>\n<p style=\"text-align: justify;\"><strong>Ac\u0131 haberi polisten \u00f6\u011frendi\u00a0<\/strong><\/p>\n<p style=\"text-align: justify;\">Baba Rahmi Saltuk o\u011flunun \u00f6l\u00fcm haberini kap\u0131 zilini \u00e7alan polisten \u00f6\u011frendi. Olay yerinde inceleme yapan polis, zili \u00e7ald\u0131. Uykudan uyanarak kap\u0131y\u0131 a\u00e7an babaya ac\u0131 haberi polis memurlar\u0131 verdi. Saltuk, a\u015fa\u011f\u0131ya indi\u011finde o\u011flunun cesediyle kar\u015f\u0131la\u015ft\u0131. \u015ei\u015fli Etfal Hastanesi morgunda \u0130stanbul Cumhuriyet Savc\u0131s\u0131 Mahir Kalebek\u2019e ifade veren Rahmi Saltuk, o\u011flu Baran\u2019\u0131n sabaha kar\u015f\u0131 saat 04.00 s\u0131ralar\u0131nda eve gelmesiyle uyand\u0131\u011f\u0131n\u0131 anlatt\u0131. Saltuk ifadesine \u015f\u00f6yle devam etti:<\/p>\n<p style=\"text-align: justify;\"><strong>Gece ge\u00e7 geldi, sigara i\u00e7ti<\/strong><\/p>\n<p style=\"text-align: justify;\">\u00a0\u201cAnahtar\u0131n\u0131 d\u00fc\u015f\u00fcrm\u00fc\u015f, ablas\u0131 \u0130lke\u2019yi aram\u0131\u015f. Daha sonra saat 05.00\u2019te o\u011flumla koridorda kar\u015f\u0131la\u015ft\u0131m. Bana sar\u0131lmak istedi. \u2018Babac\u0131\u011f\u0131m iyi geceler\u2019 dedi. Ben de \u2018Saat be\u015f o\u011flum, bu saatte iyi geceler olur mu\u2019 dedim. Daha sonra Baran\u2019\u0131n odas\u0131n\u0131n kap\u0131s\u0131n\u0131 a\u00e7t\u0131\u011f\u0131mda sigara i\u00e7iyordu. \u2018Saat 5\u2019te bu ne o\u011flum\u2019 dedim. Sonra uyumu\u015fum. Saat 07.00 s\u0131ralar\u0131nda kap\u0131 \u00e7al\u0131nd\u0131\u011f\u0131nda polisler gelmi\u015fti. Kimseden davac\u0131 ve \u015fikayet\u00e7i de\u011filim. Olay\u0131n ara\u015ft\u0131r\u0131lmas\u0131n\u0131 istiyorum. O\u011flumun neden b\u00f6yle bir \u015fey yapt\u0131\u011f\u0131n\u0131 tahmin edemiyorum. D\u00fc\u015fm\u00fc\u015f olabilece\u011fini d\u00fc\u015f\u00fcn\u00fcyorum\u201d dedi. CHP Genel Ba\u015fkan\u0131 Kemal K\u0131l\u0131\u00e7daro\u011flu, o\u011flu ya\u015fam\u0131n\u0131 yitiren sanat\u00e7\u0131 Rahmi Saltuk\u2019a ba\u015fsa\u011fl\u0131\u011f\u0131 diledi.<\/p>\n<p style=\"text-align: justify;\"><strong>\u0130ntihar m\u0131, kaza m\u0131?\u00a0<\/strong><\/p>\n<p style=\"text-align: justify;\">T\u00dcRK\u0130YE Kom\u00fcnist Partisi\u2019nin \u00fcyesi olan \u0130stanbul Teknik \u00dcniversitesi mezunu Baran Saltuk\u2019un intihar m\u0131 etti\u011fi, kaza sonucu mu d\u00fc\u015ft\u00fc\u011f\u00fc, yoksa cinayete mi kurban gitti\u011fi polisin incelemesinin ard\u0131ndan ortaya \u00e7\u0131kacak. Gencin \u00f6l\u00fcm\u00fc polis kay\u0131tlar\u0131na \u2018intihar\u2019 olarak ge\u00e7erken aile, o\u011fullar\u0131n\u0131n d\u00fc\u015fm\u00fc\u015f olabilece\u011fini ileri s\u00fcrd\u00fc.<\/p>\n<p style=\"text-align: justify;\"><strong>Baran Saltuk topra\u011fa verildi\u00a0<\/strong><\/p>\n<p style=\"text-align: justify;\"><a href=\"http:\/\/www.korhanyilmaz.com\/wp-content\/uploads\/2011\/11\/7213.jpg\"  class=\"lightview\"><img loading=\"lazy\" decoding=\"async\" class=\"alignleft size-full wp-image-43065\" style=\"margin-left: 10px; margin-right: 10px;\" src=\"http:\/\/www.korhanyilmaz.com\/wp-content\/uploads\/2011\/11\/7213.jpg\" alt=\"\" width=\"300\" height=\"200\" \/><\/a>Baran Saltuk i\u00e7in, Hac\u0131 Bekta\u015fi Veli Anadolu K\u00fclt\u00fcr Vakf\u0131 \u0130stanbul \u015eubesi Alevi K\u00fclt\u00fcr Merkezi&#8217;nde d\u00fczenlenen t\u00f6rene, T\u00fcrkiye Kominist Partisi (TKP) Genel Ba\u015fkan\u0131 Erkan Ba\u015f, eski DSP Genel Ba\u015fkan\u0131 Zeki Sezer, eski CHP milletvekilleri Mehmet Sevigen, Berhan \u015eim\u015fek, D\u0130SK Tekstil \u0130\u015f\u00e7ileri Sendikas\u0131 Genel Ba\u015fkan\u0131 R\u0131dvan Budak, sanat\u00e7\u0131lar Edip Akbayram ve Arif Sa\u011f ile yak\u0131nlar\u0131 kat\u0131ld\u0131.<\/p>\n<p style=\"text-align: justify;\">CHP Genel Ba\u015fkan\u0131 Kemal K\u0131l\u0131\u00e7daro\u011flu&#8217;nun da \u00e7elenk g\u00f6nderdi\u011fi cenaze t\u00f6reninde, Saltuk ailesi \u00fcyeleri taziyeleri kabul etti. Baran Saltuk&#8217;un annesi Asuman ile babas\u0131 Rahmi Saltuk&#8217;un g\u00fc\u00e7l\u00fckle ayakta durduklar\u0131 g\u00f6r\u00fcld\u00fc.<\/p>\n<p style=\"text-align: justify;\">Bas\u0131n mensuplar\u0131n\u0131n sorular\u0131 \u00fczerine Berhan \u015eim\u015fek, \u201cAllah b\u00f6yle bir olay\u0131 d\u00fc\u015fman\u0131ma bile ya\u015fatmas\u0131n. \u00d6l\u00fcm gence hi\u00e7 yak\u0131\u015fm\u0131yor. Ailesine ve yak\u0131nlar\u0131na sab\u0131r diliyorum\u201d dedi.<\/p>\n<p style=\"text-align: justify;\">Mehmet Sevigen de \u201c\u00c7ok gen\u00e7, \u00e7ok delikanl\u0131, \u00f6l\u00fcmle hi\u00e7 yan yana getirilecek ya\u015fta de\u011fil\u201d diye konu\u015ftu.<\/p>\n<p style=\"text-align: justify;\">\u00d6\u011fle vakti k\u0131l\u0131nan cenaze namaz\u0131n\u0131n ard\u0131nda TKP bayra\u011f\u0131na sar\u0131l\u0131 tabutu bir s\u00fcre yak\u0131nlar\u0131 taraf\u0131nda omuzlarda ta\u015f\u0131nan Saltuk&#8217;un cenazesi, daha sonra cenaze arac\u0131yla Ulus Mezarl\u0131\u011f\u0131&#8217;na g\u00f6t\u00fcr\u00fclerek burada topra\u011fa verildi.<\/p>\n<p style=\"text-align: justify;\"><a href=\"http:\/\/www.hurriyet.com.tr\/gundem\/19288901.asp\" target=\"_blank\">Kaynak : H\u00fcrriyet.com.tr<\/a><\/p>\n","protected":false},"excerpt":{"rendered":"<p style=\"text-align: center;\">\n<p style=\"text-align: justify;\">Halk ozan\u0131 Rahmi Saltuk\u2019un o\u011flu Baran Saltuk, be\u015finci kattaki evlerinin penceresinden d\u00fc\u015ferek hayat\u0131n\u0131 kaybetti. Ac\u0131 haberi sabah kap\u0131ya gelen polislerden alan Saltuk, \u201cBaran 4 gibi eve geldi, \u2018Babac\u0131\u011f\u0131m iyi geceler\u2019 deyip sar\u0131lmak istedi, sonra odas\u0131nda sigara i\u00e7ti\u201d diyerek o\u011flunun son saatlerini anlatt\u0131. Baran Saltuk, \u0130stanbul&#8217;da topra\u011fa verildi. Cenaze t\u00f6reninde b\u00fcy\u00fck <\/p>\n","protected":false},"author":1,"featured_media":0,"comment_status":"open","ping_status":"open","sticky":false,"template":"","format":"standard","meta":{"footnotes":""},"categories":[105],"tags":[511,510],"class_list":["post-43063","post","type-post","status-publish","format-standard","hentry","category-gundem","tag-baran-saltuk","tag-rahmi-saltuk","odd"],"_links":{"self":[{"href":"http:\/\/www.korhanyilmaz.com\/index.php?rest_route=\/wp\/v2\/posts\/43063","targetHints":{"allow":["GET"]}}],"collection":[{"href":"http:\/\/www.korhanyilmaz.com\/index.php?rest_route=\/wp\/v2\/posts"}],"about":[{"href":"http:\/\/www.korhanyilmaz.com\/index.php?rest_route=\/wp\/v2\/types\/post"}],"author":[{"embeddable":true,"href":"http:\/\/www.korhanyilmaz.com\/index.php?rest_route=\/wp\/v2\/users\/1"}],"replies":[{"embeddable":true,"href":"http:\/\/www.korhanyilmaz.com\/index.php?rest_route=%2Fwp%2Fv2%2Fcomments&post=43063"}],"version-history":[{"count":0,"href":"http:\/\/www.korhanyilmaz.com\/index.php?rest_route=\/wp\/v2\/posts\/43063\/revisions"}],"wp:attachment":[{"href":"http:\/\/www.korhanyilmaz.com\/index.php?rest_route=%2Fwp%2Fv2%2Fmedia&parent=43063"}],"wp:term":[{"taxonomy":"category","embeddable":true,"href":"http:\/\/www.korhanyilmaz.com\/index.php?rest_route=%2Fwp%2Fv2%2Fcategories&post=43063"},{"taxonomy":"post_tag","embeddable":true,"href":"http:\/\/www.korhanyilmaz.com\/index.php?rest_route=%2Fwp%2Fv2%2Ftags&post=43063"}],"curies":[{"name":"wp","href":"https:\/\/api.w.org\/{rel}","templated":true}]}}