{"id":43054,"date":"2011-11-21T20:40:36","date_gmt":"2011-11-21T18:40:36","guid":{"rendered":"http:\/\/www.korhanyilmaz.com\/?p=43054"},"modified":"2011-11-21T20:49:18","modified_gmt":"2011-11-21T18:49:18","slug":"basbakanlikta-surpriz-toplanti","status":"publish","type":"post","link":"http:\/\/www.korhanyilmaz.com\/?p=43054","title":{"rendered":"Ba\u015fbakanl\u0131k&#8217;ta s\u00fcrpriz toplant\u0131"},"content":{"rendered":"<p style=\"text-align: center;\"><a href=\"http:\/\/www.korhanyilmaz.com\/wp-content\/uploads\/2011\/11\/7210.jpg\"  class=\"lightview\"><img loading=\"lazy\" decoding=\"async\" class=\"aligncenter  wp-image-43055\" src=\"http:\/\/www.korhanyilmaz.com\/wp-content\/uploads\/2011\/11\/7210.jpg\" alt=\"\" width=\"282\" height=\"216\" \/><\/a><\/p>\n<p style=\"text-align: justify;\">Ba\u015fbakanl\u0131k&#8217;ta ak\u015fam saatlerinde s\u00fcrpriz bir toplant\u0131 yap\u0131ld\u0131. Ba\u015fbakan Erdo\u011fan, ter\u00f6rle m\u00fccadele konusunda \u00e7al\u0131\u015fma yapan bakanlarla biraraya geldi.<\/p>\n<p style=\"text-align: justify;\">Ba\u015fbakan Erdo\u011fan, Ba\u015fbakanl\u0131k Resmi Konutu&#8217;nda Ba\u015fbakan Yard\u0131mc\u0131s\u0131 Be\u015fir Atalay, Adalet Bakan\u0131 Sadullah Ergin, \u0130\u00e7i\u015fleri Bakan\u0131 \u0130dris Naim \u015eahin, Milli Savunma Bakan\u0131 \u0130smet Y\u0131lmaz, AK Parti Grup Ba\u015fkanvekili Mahir \u00dcnal ve M\u0130T M\u00fcste\u015far\u0131 Hakan Fidan ile biraraya geldi.\u00a0<!--more--><\/p>\n<p style=\"text-align: justify;\">Ba\u015fbakanl\u0131k Resmi Konut&#8217;taki kabullerin ard\u0131ndan Ba\u015fbakan Yard\u0131mc\u0131s\u0131 Atalay, bakanlar Ergin, \u015eahin, Y\u0131lmaz ile M\u0130T M\u00fcste\u015far\u0131 Fidan ve AK Parti Grup Ba\u015fkanvekili \u00dcnal konuttan ayr\u0131ld\u0131.<\/p>\n<p style=\"text-align: justify;\">Ba\u015fbakan Erdo\u011fan daha sonra, BP D\u00fcnya \u00dcsty\u00f6neticisi Robert Dudley&#8217;i kabul etti.<\/p>\n<p style=\"text-align: justify;\">Kabulde, Enerji ve Tabii Kaynaklar Bakan\u0131 Taner Y\u0131ld\u0131z da yer ald\u0131.<\/p>\n<p style=\"text-align: justify;\"><a href=\"http:\/\/www.cnnturk.com\/2011\/turkiye\/11\/21\/basbakanlikta.surpriz.toplanti\/637566.0\/index.html\" target=\"_blank\">Kaynak : CNN T\u00dcRK<\/a><\/p>\n","protected":false},"excerpt":{"rendered":"<p style=\"text-align: center;\">\n<p style=\"text-align: justify;\">Ba\u015fbakanl\u0131k&#8217;ta ak\u015fam saatlerinde s\u00fcrpriz bir toplant\u0131 yap\u0131ld\u0131. Ba\u015fbakan Erdo\u011fan, ter\u00f6rle m\u00fccadele konusunda \u00e7al\u0131\u015fma yapan bakanlarla biraraya geldi.<\/p>\n<p style=\"text-align: justify;\">Ba\u015fbakan Erdo\u011fan, Ba\u015fbakanl\u0131k Resmi Konutu&#8217;nda Ba\u015fbakan Yard\u0131mc\u0131s\u0131 Be\u015fir Atalay, Adalet Bakan\u0131 Sadullah Ergin, \u0130\u00e7i\u015fleri Bakan\u0131 \u0130dris Naim \u015eahin, Milli Savunma Bakan\u0131 \u0130smet Y\u0131lmaz, AK Parti Grup Ba\u015fkanvekili Mahir \u00dcnal ve M\u0130T <\/p>\n","protected":false},"author":1,"featured_media":0,"comment_status":"open","ping_status":"open","sticky":false,"template":"","format":"standard","meta":{"footnotes":""},"categories":[105],"tags":[],"class_list":["post-43054","post","type-post","status-publish","format-standard","hentry","category-gundem","odd"],"_links":{"self":[{"href":"http:\/\/www.korhanyilmaz.com\/index.php?rest_route=\/wp\/v2\/posts\/43054","targetHints":{"allow":["GET"]}}],"collection":[{"href":"http:\/\/www.korhanyilmaz.com\/index.php?rest_route=\/wp\/v2\/posts"}],"about":[{"href":"http:\/\/www.korhanyilmaz.com\/index.php?rest_route=\/wp\/v2\/types\/post"}],"author":[{"embeddable":true,"href":"http:\/\/www.korhanyilmaz.com\/index.php?rest_route=\/wp\/v2\/users\/1"}],"replies":[{"embeddable":true,"href":"http:\/\/www.korhanyilmaz.com\/index.php?rest_route=%2Fwp%2Fv2%2Fcomments&post=43054"}],"version-history":[{"count":0,"href":"http:\/\/www.korhanyilmaz.com\/index.php?rest_route=\/wp\/v2\/posts\/43054\/revisions"}],"wp:attachment":[{"href":"http:\/\/www.korhanyilmaz.com\/index.php?rest_route=%2Fwp%2Fv2%2Fmedia&parent=43054"}],"wp:term":[{"taxonomy":"category","embeddable":true,"href":"http:\/\/www.korhanyilmaz.com\/index.php?rest_route=%2Fwp%2Fv2%2Fcategories&post=43054"},{"taxonomy":"post_tag","embeddable":true,"href":"http:\/\/www.korhanyilmaz.com\/index.php?rest_route=%2Fwp%2Fv2%2Ftags&post=43054"}],"curies":[{"name":"wp","href":"https:\/\/api.w.org\/{rel}","templated":true}]}}