{"id":4303,"date":"2009-03-01T16:06:58","date_gmt":"2009-03-01T14:06:58","guid":{"rendered":"http:\/\/www.korhanyilmaz.com\/?p=4303"},"modified":"2009-03-01T16:06:58","modified_gmt":"2009-03-01T14:06:58","slug":"adanada-20-bin-donum-ekili-alan-sular-altinda","status":"publish","type":"post","link":"http:\/\/www.korhanyilmaz.com\/?p=4303","title":{"rendered":"Adana&#8217;da 20 bin d\u00f6n\u00fcm ekili alan sular alt\u0131nda"},"content":{"rendered":"<p style=\"text-align: justify;\"><img loading=\"lazy\" decoding=\"async\" class=\"aligncenter size-full wp-image-4304\" title=\"Adana'da 20 bin d\u00f6n\u00fcm ekili alan sular alt\u0131nda \" src=\"http:\/\/www.korhanyilmaz.com\/wp-content\/uploads\/2009\/03\/fft5_mf128502.jpeg\" alt=\"Adana'da 20 bin d\u00f6n\u00fcm ekili alan sular alt\u0131nda \" width=\"360\" height=\"240\" \/><\/p>\n<p style=\"text-align: justify;\">\n<p style=\"text-align: justify;\"><strong>Adana Karata\u015f&#8217;ta ya\u011fan ya\u011fmur ve su tahliye pompalar\u0131n\u0131n yetersiz kalmas\u0131 nedeniyle 20 bin d\u00f6n\u00fcm ekili alan sular alt\u0131nda kald\u0131.<\/strong><\/p>\n<p style=\"text-align: justify;\">May\u0131s ay\u0131nda hasat yapmay\u0131 d\u00fc\u015f\u00fcnen \u00fcreticiler, g\u00fcnlerden bu yana \u00e7ekilmeyen sular nedeniyle verimde y\u00fczde 70-80 oran\u0131nda d\u00fc\u015f\u00fc\u015f olabilece\u011fini s\u00f6yledi.<br \/>\nVerimli tar\u0131m arazilerine sahip Karata\u015f&#8217;ta, 20 g\u00fcnden bu yana aral\u0131klarla ya\u011fan ya\u011fmur, araziyi g\u00f6le \u00e7evirdi. Devlet Su \u0130\u015fleri&#8217;nin (DS\u0130) yapt\u0131rd\u0131\u011f\u0131 su tahliye pompalar\u0131n\u0131n yetersiz kalmas\u0131yla ya\u015fanan s\u0131k\u0131nt\u0131 b\u00fcy\u00fck boyutlara ula\u015ft\u0131. \u0130l\u00e7eye ba\u011fl\u0131 Yemi\u015fli ba\u015fta olmak \u00fczere \u00c7ak\u0131r\u00f6ren, G\u00f6lkaya, \u00c7ukurkam\u0131\u015f, Helvac\u0131 ve \u00c7imeli k\u00f6ylerindeki yakla\u015f\u0131k 20 bin d\u00f6n\u00fcm bu\u011fday ekili alanda suyun y\u00fcksekli\u011fi yer yer 1 metreyi buldu. 20 kilometre uzunlu\u011fundaki DS\u0130&#8217;ye ait Sat\u0131r Kanal\u0131 \u00fczerinde, \u00fcreticilerin tarlalar\u0131na gitmek i\u00e7in kulland\u0131\u011f\u0131 bir k\u00f6pr\u00fc de sular alt\u0131nda kayboldu. Baz\u0131 \u00fcreticiler kendi imkanlar\u0131yla g\u00f6le d\u00f6nm\u00fc\u015f tarlalar\u0131nda su tahliyesi yapmaya \u00e7al\u0131\u015f\u0131yor. \u00dcr\u00fcn\u00fc zarar g\u00f6ren \u00fcreticiler, kara kara d\u00fc\u015f\u00fcnmeye ba\u015flad\u0131. <!--more-->\n<\/p>\n<p style=\"text-align: justify;\"><strong>&#8220;1000 \u00dcRET\u0130C\u0130 ZARAR G\u00d6RD\u00dc&#8221;<\/strong><\/p>\n<p style=\"text-align: justify;\">Yemi\u015fli K\u00f6y\u00fc Muhtar\u0131 Mehmet Ba\u015fe\u011fmez, ya\u011fmurlarda DS\u0130&#8217;nin yapt\u0131rd\u0131\u011f\u0131 su tahliye pompalar\u0131n\u0131n yetersiz kald\u0131\u011f\u0131n\u0131, bu soruna devletin bir an \u00f6nce \u00e7\u00f6z\u00fcm bulmas\u0131 gerekti\u011fini s\u00f6yledi. 1000&#8217;e yak\u0131n \u00fcreticinin ekili alanlar\u0131n\u0131n zarar g\u00f6rd\u00fc\u011f\u00fcn\u00fc anlatan Ba\u015fe\u011fmez, \u015funlar\u0131 s\u00f6yledi:<br \/>\n&#8220;6 su tahliye pompas\u0131 1995&#8217;de yap\u0131ld\u0131. Bunun yap\u0131lma nedeni, arazilerin suyunu \u00e7ekip, denize bo\u015faltmas\u0131yd\u0131. Ama bu yap\u0131ld\u0131ktan sonra daha k\u00f6t\u00fc oldu. Pompalar denize giden suyun \u00f6n\u00fcn\u00fc t\u0131kad\u0131. Ya\u011fan ya\u011fmur sular\u0131 birikince de tarlalar\u0131m\u0131z sular alt\u0131nda kald\u0131. Sat\u0131r Kanal\u0131 5 y\u0131l \u00f6nce uzat\u0131larak 20 kilometreye \u00e7\u0131kar\u0131ld\u0131. Yakla\u015f\u0131k 100 bin d\u00f6n\u00fcm alana hitap ediyor. Mevcut su tahliye pompalar\u0131n\u0131n, bu suyu \u00e7ekmesi mucize. DS\u0130&#8217;ye m\u00fcracaat ettik ama sonu\u00e7 alamad\u0131k. Elektrik kesilince de hi\u00e7bir pompa \u00e7al\u0131\u015fm\u0131yor. O zaman da su tahliyesi yap\u0131lam\u0131yor. Binlerce d\u00f6n\u00fcm tarladaki \u00fcr\u00fcn\u00fcm\u00fcz \u00f6l\u00fcyor. \u00dcr\u00fcnler 1 metre suyun alt\u0131na g\u00f6m\u00fcld\u00fc. 10&#8217;a yak\u0131n k\u00f6y burada ma\u011fdur oldu. Bakan Veysel Ero\u011flu&#8217;na, valimize, DS\u0130 yetkililerine sesleniyorum. L\u00fctfen bu sorunumuza \u00e7\u00f6z\u00fcm bulun.&#8221;<br \/>\nYap\u0131lan yat\u0131r\u0131mlar\u0131n b\u00f6lge \u015fartlar\u0131na uymad\u0131\u011f\u0131n\u0131 belirten \u00fcreticilerden Gani C\u0131ng\u0131r ise, \u015f\u00f6yle konu\u015ftu:<br \/>\n&#8220;Kanal\u0131n \u00fczerine 2 y\u0131l \u00f6nce yap\u0131lan k\u00f6pr\u00fc, ya\u011fmur sular\u0131yla birlikte suya g\u00f6m\u00fcld\u00fc. \u015eimdi k\u00f6pr\u00fc g\u00f6r\u00fcnm\u00fcyor. \u00c7\u00fcnk\u00fc bu k\u00f6pr\u00fc buran\u0131n yap\u0131s\u0131na uygun yap\u0131lmad\u0131. DS\u0130 su tahliyesini yapam\u0131yor, ben kendi trakt\u00f6r\u00fcmle tarlamdaki suyu tahliye etmeye \u00e7al\u0131\u015f\u0131yorum. Ekinler hep suyun i\u00e7inde. \u00dcr\u00fcn\u00fc may\u0131s ay\u0131nda hasat etmeye \u00e7al\u0131\u015faca\u011f\u0131z. \u00dcr\u00fcnlerde y\u00fczde 70-80 oran\u0131nda verim d\u00fc\u015fecek. Att\u0131\u011f\u0131m\u0131z g\u00fcbre bo\u015fa gitti. Kalan ekini canland\u0131rmak i\u00e7in 3 kat daha fazla g\u00fcbre ataca\u011f\u0131z. Buna kullanaca\u011f\u0131m\u0131z mazot paras\u0131 var. Ama yine de ayn\u0131 verimi alamay\u0131z. 2 y\u0131l \u00f6nce ya\u011fmur duas\u0131na \u00e7\u0131km\u0131\u015ft\u0131k \u015fimdi ise ya\u011fmur ve devletin ihmali y\u00fcz\u00fcnden \u00fcr\u00fcnlerimiz zarar g\u00f6rd\u00fc. Ge\u00e7en y\u0131llar bu\u011fdayda d\u00f6n\u00fcm ba\u015f\u0131na 500 kilo rekolte al\u0131rken, bu kez 100-125 kilo rekolte bekliyoruz. Bu da \u00e7ift\u00e7inin \u00f6lmesi demek.&#8221;\n<\/p>\n<p style=\"text-align: justify;\"><span style=\"color: #888888;\">DHA<\/span><\/p>\n","protected":false},"excerpt":{"rendered":"<p style=\"text-align: justify;\">\n<p style=\"text-align: justify;\">\n<p style=\"text-align: justify;\">Adana Karata\u015f&#8217;ta ya\u011fan ya\u011fmur ve su tahliye pompalar\u0131n\u0131n yetersiz kalmas\u0131 nedeniyle 20 bin d\u00f6n\u00fcm ekili alan sular alt\u0131nda kald\u0131.<\/p>\n<p style=\"text-align: justify;\">May\u0131s ay\u0131nda hasat yapmay\u0131 d\u00fc\u015f\u00fcnen \u00fcreticiler, g\u00fcnlerden bu yana \u00e7ekilmeyen sular nedeniyle verimde y\u00fczde 70-80 oran\u0131nda d\u00fc\u015f\u00fc\u015f olabilece\u011fini s\u00f6yledi. Verimli tar\u0131m arazilerine sahip Karata\u015f&#8217;ta, 20 g\u00fcnden <\/p>\n","protected":false},"author":1,"featured_media":0,"comment_status":"open","ping_status":"closed","sticky":false,"template":"","format":"standard","meta":{"footnotes":""},"categories":[7],"tags":[],"class_list":["post-4303","post","type-post","status-publish","format-standard","hentry","category-ekonomi","odd"],"_links":{"self":[{"href":"http:\/\/www.korhanyilmaz.com\/index.php?rest_route=\/wp\/v2\/posts\/4303","targetHints":{"allow":["GET"]}}],"collection":[{"href":"http:\/\/www.korhanyilmaz.com\/index.php?rest_route=\/wp\/v2\/posts"}],"about":[{"href":"http:\/\/www.korhanyilmaz.com\/index.php?rest_route=\/wp\/v2\/types\/post"}],"author":[{"embeddable":true,"href":"http:\/\/www.korhanyilmaz.com\/index.php?rest_route=\/wp\/v2\/users\/1"}],"replies":[{"embeddable":true,"href":"http:\/\/www.korhanyilmaz.com\/index.php?rest_route=%2Fwp%2Fv2%2Fcomments&post=4303"}],"version-history":[{"count":0,"href":"http:\/\/www.korhanyilmaz.com\/index.php?rest_route=\/wp\/v2\/posts\/4303\/revisions"}],"wp:attachment":[{"href":"http:\/\/www.korhanyilmaz.com\/index.php?rest_route=%2Fwp%2Fv2%2Fmedia&parent=4303"}],"wp:term":[{"taxonomy":"category","embeddable":true,"href":"http:\/\/www.korhanyilmaz.com\/index.php?rest_route=%2Fwp%2Fv2%2Fcategories&post=4303"},{"taxonomy":"post_tag","embeddable":true,"href":"http:\/\/www.korhanyilmaz.com\/index.php?rest_route=%2Fwp%2Fv2%2Ftags&post=4303"}],"curies":[{"name":"wp","href":"https:\/\/api.w.org\/{rel}","templated":true}]}}