{"id":43023,"date":"2011-11-21T14:11:48","date_gmt":"2011-11-21T12:11:48","guid":{"rendered":"http:\/\/www.korhanyilmaz.com\/?p=43023"},"modified":"2011-11-21T20:56:16","modified_gmt":"2011-11-21T18:56:16","slug":"prof-ozbudun-yeni-anayasa-boyle-cikmaz","status":"publish","type":"post","link":"http:\/\/www.korhanyilmaz.com\/?p=43023","title":{"rendered":"Prof. \u00d6zbudun: Yeni anayasa b\u00f6yle \u00e7\u0131kmaz"},"content":{"rendered":"<p style=\"text-align: justify;\"><a href=\"http:\/\/www.korhanyilmaz.com\/wp-content\/uploads\/2011\/11\/7200.jpg\"  class=\"lightview\"><img loading=\"lazy\" decoding=\"async\" class=\"aligncenter size-full wp-image-43024\" title=\"\" src=\"http:\/\/www.korhanyilmaz.com\/wp-content\/uploads\/2011\/11\/7200.jpg\" alt=\"\" width=\"313\" height=\"182\" \/><\/a><\/p>\n<p style=\"text-align: justify;\">Anayasa Hukuk\u00e7usu Prof. Dr. Ergun \u00d6zbudun, Anayasa \u00e7al\u0131\u015fmalar\u0131 i\u00e7in kurulan komisyon i\u00e7in \u201c\u00f6l\u00fc do\u011fmu\u015f bebek\u201d yorumunda bulundu. Yeni anayasa yapman\u0131n \u015fu an i\u00e7in m\u00fcmk\u00fcn olmad\u0131\u011f\u0131n\u0131 savunan \u00d6zbudun, \u201cAnayasay\u0131 tamamlamak de\u011fil, ba\u015flayabilece\u011fimizden dahi \u015f\u00fcpheliyim\u201d dedi.<!--more--><\/p>\n<p style=\"text-align: justify;\">\u0130STANBUL &#8211; 2007 se\u00e7imlerinde AKP\u2019ye sivil anayasa tasla\u011f\u0131 haz\u0131rlayan ekibin ba\u015fkanl\u0131\u011f\u0131n\u0131 yapan, TESEV\u2019in ve T\u00dcS\u0130AD\u2019\u0131n anayasa \u00e7al\u0131\u015fmalar\u0131nda yer alan Bilkent \u00dcniversitesi \u00d6\u011fretim \u00dcyesi Prof. Dr. Ergun \u00d6zbudun, Taraf gazetesinden Ne\u015fe D\u00fczel\u2019e konu\u015ftu.<\/p>\n<p style=\"text-align: justify;\"><span style=\"text-decoration: underline;\">Ergun \u00d6zbudun, \u00f6zetle \u015funlar\u0131 s\u00f6yledi:<\/span><\/p>\n<p style=\"text-align: justify;\">\u201cBen tamamlamak de\u011fil, yeni anayasaya ba\u015flayabilece\u011fimizden dahi \u015f\u00fcpheliyim. Meclis\u2019te partiler aras\u0131nda bir Uzla\u015fma Komisyonu\u2019nun kurulmas\u0131yla sanki yeni anayasa i\u00e7in b\u00fcy\u00fck bir ad\u0131m at\u0131lm\u0131\u015f gibi bir intiba ve beklenti var toplumda ama\u2026 Anayasa Uzla\u015fma Komisyonu bence \u00f6l\u00fc do\u011fmu\u015f bir bebek.<\/p>\n<p style=\"text-align: justify;\">Komisyon\u2019un \u00e7al\u0131\u015fma usulleri hakk\u0131nda on be\u015f maddelik bir d\u00fczenleme kabul edildi. Mesela oybirli\u011fi \u015fart\u0131 aran\u0131yor. BDP\u2019nin ve MHP\u2019nin, K\u00fcrt sorunu \u00fczerinde ortak bir noktaya gelebilece\u011fini tasavvur edebiliyor musunuz? Radikal T\u00fcrk milliyet\u00e7isi bir parti ile radikal K\u00fcrt milliyet\u00e7isi bir partinin ortak bir noktada bulu\u015fmas\u0131 m\u00fcmk\u00fcn de\u011fil. D\u00f6rt partinin oybirli\u011fi sa\u011flayamayaca\u011f\u0131 daha pek \u00e7ok sorun var. Dolay\u0131s\u0131yla \u2018oybirli\u011fi\u2019 \u015fart\u0131, o komisyondan bir metin \u00e7\u0131kmayaca\u011f\u0131n\u0131 zaten g\u00f6steriyor. Ayr\u0131ca Komisyon\u2019un \u00e7al\u0131\u015fmalar\u0131n\u0131 ba\u015ftan itibaren zora sokan ba\u015fka ilkeler de var.<\/p>\n<p style=\"text-align: justify;\">Diyelim ki, d\u00f6rt partiden biri olan BDP ya da MHP, &#8216;Ben bu i\u015fte yokum&#8217; derse Komisyon da\u011f\u0131lm\u0131\u015f oluyor. Hatta bir parti \u00fc\u00e7 oturama gelmezse, Komisyon faaliyetlerine son veriyor. Bir ba\u015fka gariplik de, e\u011fer Komisyon\u2019da bir anayasa metni olu\u015fursa, bu metin, Meclis Anayasa Komisyonu\u2019nda ve Genel Kurul\u2019da de\u011fi\u015ftirilemeyecek.<\/p>\n<p style=\"text-align: justify;\">Meclis\u2019i tamamen devreden \u00e7\u0131karmak demek bu. B\u00f6yle bir \u015fey m\u00fcmk\u00fcn de\u011fil. Bu y\u00f6ntemle, y\u00fczde alt\u0131 oy alan bir partiye kesin bir veto hakk\u0131 tan\u0131m\u0131\u015f oluyorsunuz. Oysa son s\u00f6z\u00fc s\u00f6ylemeye hukuken de, siyaseten de hakk\u0131 olan Meclis Genel Kurulu\u2019dur. Dolay\u0131s\u0131yla Komisyon\u2019un \u00e7al\u0131\u015fmas\u0131n\u0131 d\u00fczenleyen 15 ilke, sanki bu anayasa i\u015fi nas\u0131l olmas\u0131n diye konuldu ba\u015ftan.<\/p>\n<p style=\"text-align: justify;\">D\u00f6rt partinin anla\u015fmas\u0131 \u00e7ok zor. Mesela MHP ve CHP, bu de\u011fi\u015fmez maddelerin, &#8216;k\u0131rm\u0131z\u0131 \u00e7izgileri&#8217; oldu\u011funu s\u00f6yl\u00fcyorlar. Hatta MHP\u2019nin vatanda\u015fl\u0131k tan\u0131m\u0131 ve T\u00fcrk milleti kavram\u0131 gibi ba\u015fka k\u0131rm\u0131z\u0131\u00e7izgileri de var. E\u011fer ger\u00e7ekten yeni anayasa yapma niyetleri varsa, i\u015fe k\u0131rm\u0131z\u0131 \u00e7izgilerle ba\u015flamamalar\u0131 gerekir. \u00dcstelik mevcut Anayasa\u2019daki bu de\u011fi\u015fmez maddeler milli iradenin \u00fcr\u00fcn\u00fc falan da de\u011fil. Bu de\u011fi\u015fmez maddeler, be\u015f darbeci generalin iradesinin \u00fcr\u00fcn\u00fc!<\/p>\n<p style=\"text-align: justify;\">K\u00fcrtlerin talepleri konusunda anla\u015famazlar. \u00c7\u00fcnk\u00fc K\u00fcrt siyasi hareketinin talepleri de adeta devlet i\u00e7inde devlet kurmay\u0131 ama\u00e7layan maksimalist talepler. Bu a\u015f\u0131r\u0131 talepleri hi\u00e7bir parti ve h\u00fck\u00fcmet kabul etmez.\u201d<\/p>\n<p style=\"text-align: justify;\"><a href=\"http:\/\/www.ntvmsnbc.com\/id\/25298790\/\" target=\"_blank\">Kaynak : NTVMSNBC<\/a><\/p>\n","protected":false},"excerpt":{"rendered":"<p style=\"text-align: justify;\">\n<p style=\"text-align: justify;\">Anayasa Hukuk\u00e7usu Prof. Dr. Ergun \u00d6zbudun, Anayasa \u00e7al\u0131\u015fmalar\u0131 i\u00e7in kurulan komisyon i\u00e7in \u201c\u00f6l\u00fc do\u011fmu\u015f bebek\u201d yorumunda bulundu. Yeni anayasa yapman\u0131n \u015fu an i\u00e7in m\u00fcmk\u00fcn olmad\u0131\u011f\u0131n\u0131 savunan \u00d6zbudun, \u201cAnayasay\u0131 tamamlamak de\u011fil, ba\u015flayabilece\u011fimizden dahi \u015f\u00fcpheliyim\u201d dedi.<\/p>\n","protected":false},"author":1,"featured_media":0,"comment_status":"open","ping_status":"open","sticky":false,"template":"","format":"standard","meta":{"footnotes":""},"categories":[105],"tags":[],"class_list":["post-43023","post","type-post","status-publish","format-standard","hentry","category-gundem","odd"],"_links":{"self":[{"href":"http:\/\/www.korhanyilmaz.com\/index.php?rest_route=\/wp\/v2\/posts\/43023","targetHints":{"allow":["GET"]}}],"collection":[{"href":"http:\/\/www.korhanyilmaz.com\/index.php?rest_route=\/wp\/v2\/posts"}],"about":[{"href":"http:\/\/www.korhanyilmaz.com\/index.php?rest_route=\/wp\/v2\/types\/post"}],"author":[{"embeddable":true,"href":"http:\/\/www.korhanyilmaz.com\/index.php?rest_route=\/wp\/v2\/users\/1"}],"replies":[{"embeddable":true,"href":"http:\/\/www.korhanyilmaz.com\/index.php?rest_route=%2Fwp%2Fv2%2Fcomments&post=43023"}],"version-history":[{"count":0,"href":"http:\/\/www.korhanyilmaz.com\/index.php?rest_route=\/wp\/v2\/posts\/43023\/revisions"}],"wp:attachment":[{"href":"http:\/\/www.korhanyilmaz.com\/index.php?rest_route=%2Fwp%2Fv2%2Fmedia&parent=43023"}],"wp:term":[{"taxonomy":"category","embeddable":true,"href":"http:\/\/www.korhanyilmaz.com\/index.php?rest_route=%2Fwp%2Fv2%2Fcategories&post=43023"},{"taxonomy":"post_tag","embeddable":true,"href":"http:\/\/www.korhanyilmaz.com\/index.php?rest_route=%2Fwp%2Fv2%2Ftags&post=43023"}],"curies":[{"name":"wp","href":"https:\/\/api.w.org\/{rel}","templated":true}]}}