{"id":43018,"date":"2011-11-21T16:41:26","date_gmt":"2011-11-21T14:41:26","guid":{"rendered":"http:\/\/www.korhanyilmaz.com\/?p=43018"},"modified":"2011-11-21T17:09:28","modified_gmt":"2011-11-21T15:09:28","slug":"tuncelide-80-pkkliya-operasyon","status":"publish","type":"post","link":"http:\/\/www.korhanyilmaz.com\/?p=43018","title":{"rendered":"Tunceli&#8217;de 80 PKK&#8217;l\u0131ya operasyon"},"content":{"rendered":"<p style=\"text-align: center;\"><a href=\"http:\/\/www.korhanyilmaz.com\/wp-content\/uploads\/2011\/11\/7199.jpg\"  class=\"lightview\"><img loading=\"lazy\" decoding=\"async\" class=\"aligncenter  wp-image-43019\" src=\"http:\/\/www.korhanyilmaz.com\/wp-content\/uploads\/2011\/11\/7199.jpg\" alt=\"\" width=\"336\" height=\"223\" \/><\/a><\/p>\n<p style=\"text-align: justify;\">Tunceli&#8217;de k\u0131\u015f \u00fcstlenmesi yapmak i\u00e7in Alibo\u011faz\u0131 Vadisi ve Kinzir Ormanlar\u0131&#8217;na geldikleri belirlenen kalabal\u0131k PKK&#8217;l\u0131 grubunu etkisiz hale getirmek i\u00e7in hava destekli nokta operasyonlar\u0131 ba\u015flat\u0131ld\u0131.<\/p>\n<p style=\"text-align: justify;\">S\u0131cak temas sa\u011flanan PKK&#8217;l\u0131larla yer yer \u00e7at\u0131\u015fmalar\u0131n oldu\u011fu belirtildi. Bir grup PKK&#8217;l\u0131 ter\u00f6ristin d\u00fcn gece merkez G\u00f6k\u00e7ek Jandarma Karakolu&#8217;na sald\u0131r\u0131 giri\u015fimi ise, askerlerin an\u0131nda kar\u015f\u0131l\u0131k vermesiyle \u00f6nlendi.\u00a0<!--more--><\/p>\n<p style=\"text-align: justify;\">Tunceli&#8217;nin \u00c7emi\u015fgezek ile Hozat \u0130l\u00e7esi aras\u0131ndaki Alibo\u011faz\u0131 Mevkii&#8217;nde bol miktarda g\u0131da ve ya\u015fam malzemesiyle birlikte k\u0131\u015f \u00fcstelenmesi yapacaklar\u0131 belirlenen ve say\u0131lar\u0131 80 kadar oldu\u011fu belirtilen ter\u00f6ristleri etkisiz hale getirmek i\u00e7in ba\u015flat\u0131lan hava destekli operasyonlar s\u00fcrd\u00fcr\u00fcl\u00fcyor. Alibo\u011faz\u0131 ile Kinzir Ormanlar\u0131 Mevkii&#8217;nde yo\u011funla\u015fan operasyonlara Hozat 51&#8217;inci Piyade Tugay Komutanl\u0131\u011f\u0131 ile Jandarma \u00d6zel Harekat Timleri kat\u0131l\u0131rken, sabah erken saatlerden itibaren Sikorsky helikopterlerle b\u00f6lgeye komandolar indirildi. PKK&#8217;l\u0131lar\u0131n bulundu\u011fu belirtilen alanlar Kobra helikopterler taraf\u0131ndan bombard\u0131man alt\u0131na al\u0131nd\u0131.<\/p>\n<p style=\"text-align: justify;\"><strong>SICAK TEMAS<\/strong><\/p>\n<p style=\"text-align: justify;\">B\u00f6lgeye indirilen konmandolar\u0131n Kinzir Ormanlar\u0131 Mevkii&#8217;nde 20 ki\u015filik bir PKK&#8217;l\u0131 grupla s\u0131cak temas sa\u011flad\u0131\u011f\u0131 ve k\u0131sa s\u00fcreli \u00e7at\u0131\u015fman\u0131n ya\u015fand\u0131\u011f\u0131 kaydedildi. \u00c7at\u0131\u015fmaya giren PKK&#8217;l\u0131lar\u0131n ka\u00e7arak izlerini kaybettirmeye \u00e7al\u0131\u015ft\u0131\u011f\u0131 belirtilirken, ka\u00e7\u0131\u015f g\u00fczehgahlar\u0131n\u0131n bombaland\u0131\u011f\u0131 ve bu alanlara yeni komondalar indirdi\u011fi bildirildi. Yer yer \u00e7at\u0131\u015fmalar\u0131n ya\u015fand\u0131\u011f\u0131 b\u00f6lgede \u00f6l\u00fc ve yaral\u0131 say\u0131s\u0131nda hen\u00fcz bir bilgi al\u0131namad\u0131.<\/p>\n<p style=\"text-align: justify;\"><strong>KARAKOLA SALDIRI G\u0130R\u0130\u015e\u0130M\u0130 \u00d6NLEND\u0130<\/strong><\/p>\n<p style=\"text-align: justify;\">Tunceli merkeze ba\u011fl\u0131 ve kente 20 kilometre mesafede bulunan G\u00f6k\u00e7ek K\u00f6y\u00fc Jandarma Karakolu&#8217;na d\u00fcn gece bir grup PKK&#8217;l\u0131 taraf\u0131ndan uzun namlulu silahlarla ate\u015f a\u00e7\u0131ld\u0131. Karakol ve koruma mevzilerinin hedef al\u0131nd\u0131\u011f\u0131 sald\u0131r\u0131ya, g\u00fcvenlik g\u00fc\u00e7lerinin an\u0131nda kar\u015f\u0131l\u0131k vermesiyle PKK&#8217;l\u0131lar Kutuderesi Vadisi&#8217;nin i\u00e7 kesimlerine do\u011fru ka\u00e7t\u0131. Ka\u00e7an PKK&#8217;l\u0131lar\u0131 etkisiz hale getirmek i\u00e7in Tunceli 4&#8217;\u00fcnc\u00fc Komando Tugay Komutanl\u0131\u011f\u0131 ile Jandarma Jandarma Komutanl\u0131\u011f\u0131&#8217;ndan \u00e7ok say\u0131da komando sevkedildi. Komandolar, ka\u00e7an PKK&#8217;l\u0131lar\u0131 etkisiz hale getirmek i\u00e7in operasyonlar\u0131n\u0131 s\u00fcrd\u00fcr\u00fcyor.<\/p>\n<p style=\"text-align: justify;\"><strong>HAKKAR\u0130 SINIRINDA 200 ARA\u00c7LIK KONVOY<\/strong><\/p>\n<p style=\"text-align: justify;\">Hakkari&#8217;nin Irak s\u0131n\u0131r\u0131ndaki \u00c7ukurca \u0130l\u00e7esi&#8217;nde ya\u015fanan hava trafi\u011finin ard\u0131ndan karadan da ilk kez bu kadar kalabal\u0131k bir askeri sevkiyat yap\u0131ld\u0131. Van istikametinden gelen ve may\u0131na dayan\u0131kl\u0131 Kirpi ad\u0131 verilen ara\u00e7lar\u0131n da aralar\u0131nda bulundu\u011fu yakla\u015f\u0131k 200 ara\u00e7l\u0131k askeri konvoy, s\u0131n\u0131r b\u00f6lgesine gitti.<\/p>\n<p style=\"text-align: justify;\">Van istikametinden gelen may\u0131na dayan\u0131kl\u0131 Kirpi ad\u0131 verilen ara\u00e7lar\u0131n da aralar\u0131nda bulundu\u011fu yakla\u015f\u0131k 200 ara\u00e7l\u0131k konvoy, sabah saatlerinde \u00c7ukurca \u0130l\u00e7esi&#8217;nde&#8217;ki 20&#8217;nci S\u0131n\u0131r Jandarma Tugay Komutanl\u0131\u011f\u0131&#8217;na geldi. Bir s\u00fcre burada bekletilen silahl\u0131 asker ve m\u00fchimmat y\u00fckl\u00fc ara\u00e7lar\u0131n olu\u015fturdu\u011fu ara\u00e7 konvoyu, daha sonra s\u0131n\u0131r kesiminde bulunan I\u015f\u0131kl\u0131 ve \u00c7ay\u0131rl\u0131 b\u00f6lgelerine do\u011fru harekete ge\u00e7ti.<\/p>\n<p style=\"text-align: justify;\">Havadan Kobra helikopterleri ve karadan da sinyal kar\u0131\u015ft\u0131r\u0131c\u0131 jammer ara\u00e7lar\u0131 deste\u011finde s\u0131n\u0131r kesimine do\u011fru giden konvoy i\u00e7in ola\u011fan\u00fcst\u00fc g\u00fcvenlik \u00f6nlemi al\u0131nd\u0131\u011f\u0131 g\u00f6zlendi.<\/p>\n<p style=\"text-align: justify;\">S\u0131n\u0131r\u0131n s\u0131f\u0131r noktas\u0131nda bulunan \u00c7ukurca \u0130l\u00e7esi&#8217;nden s\u0131n\u0131ra paralel olarak ilk kez bu kadar b\u00fcy\u00fck kalabal\u0131k bir askeri sevkiyat yap\u0131l\u0131yor.<\/p>\n<p style=\"text-align: justify;\"><a href=\"http:\/\/www.radikal.com.tr\/Radikal.aspx?aType=RadikalDetayV3&amp;ArticleID=1070211&amp;Date=21.11.2011&amp;CategoryID=77\" target=\"_blank\">Kaynak : Radikal.com.tr<\/a><\/p>\n","protected":false},"excerpt":{"rendered":"<p style=\"text-align: center;\">\n<p style=\"text-align: justify;\">Tunceli&#8217;de k\u0131\u015f \u00fcstlenmesi yapmak i\u00e7in Alibo\u011faz\u0131 Vadisi ve Kinzir Ormanlar\u0131&#8217;na geldikleri belirlenen kalabal\u0131k PKK&#8217;l\u0131 grubunu etkisiz hale getirmek i\u00e7in hava destekli nokta operasyonlar\u0131 ba\u015flat\u0131ld\u0131.<\/p>\n<p style=\"text-align: justify;\">S\u0131cak temas sa\u011flanan PKK&#8217;l\u0131larla yer yer \u00e7at\u0131\u015fmalar\u0131n oldu\u011fu belirtildi. Bir grup PKK&#8217;l\u0131 ter\u00f6ristin d\u00fcn gece merkez G\u00f6k\u00e7ek Jandarma Karakolu&#8217;na sald\u0131r\u0131 giri\u015fimi ise, askerlerin an\u0131nda <\/p>\n","protected":false},"author":1,"featured_media":0,"comment_status":"open","ping_status":"open","sticky":false,"template":"","format":"standard","meta":{"footnotes":""},"categories":[105],"tags":[],"class_list":["post-43018","post","type-post","status-publish","format-standard","hentry","category-gundem","odd"],"_links":{"self":[{"href":"http:\/\/www.korhanyilmaz.com\/index.php?rest_route=\/wp\/v2\/posts\/43018","targetHints":{"allow":["GET"]}}],"collection":[{"href":"http:\/\/www.korhanyilmaz.com\/index.php?rest_route=\/wp\/v2\/posts"}],"about":[{"href":"http:\/\/www.korhanyilmaz.com\/index.php?rest_route=\/wp\/v2\/types\/post"}],"author":[{"embeddable":true,"href":"http:\/\/www.korhanyilmaz.com\/index.php?rest_route=\/wp\/v2\/users\/1"}],"replies":[{"embeddable":true,"href":"http:\/\/www.korhanyilmaz.com\/index.php?rest_route=%2Fwp%2Fv2%2Fcomments&post=43018"}],"version-history":[{"count":0,"href":"http:\/\/www.korhanyilmaz.com\/index.php?rest_route=\/wp\/v2\/posts\/43018\/revisions"}],"wp:attachment":[{"href":"http:\/\/www.korhanyilmaz.com\/index.php?rest_route=%2Fwp%2Fv2%2Fmedia&parent=43018"}],"wp:term":[{"taxonomy":"category","embeddable":true,"href":"http:\/\/www.korhanyilmaz.com\/index.php?rest_route=%2Fwp%2Fv2%2Fcategories&post=43018"},{"taxonomy":"post_tag","embeddable":true,"href":"http:\/\/www.korhanyilmaz.com\/index.php?rest_route=%2Fwp%2Fv2%2Ftags&post=43018"}],"curies":[{"name":"wp","href":"https:\/\/api.w.org\/{rel}","templated":true}]}}