{"id":43015,"date":"2011-11-21T15:33:18","date_gmt":"2011-11-21T13:33:18","guid":{"rendered":"http:\/\/www.korhanyilmaz.com\/?p=43015"},"modified":"2011-11-21T17:09:51","modified_gmt":"2011-11-21T15:09:51","slug":"depremzedenin-naylon-barakasinda-1-cocuk-oldu","status":"publish","type":"post","link":"http:\/\/www.korhanyilmaz.com\/?p=43015","title":{"rendered":"Depremzedenin naylon barakas\u0131nda 1 \u00e7ocuk \u00f6ld\u00fc"},"content":{"rendered":"<p style=\"text-align: center;\"><a href=\"http:\/\/www.korhanyilmaz.com\/wp-content\/uploads\/2011\/11\/7198.jpg\"  class=\"lightview\"><img loading=\"lazy\" decoding=\"async\" class=\"aligncenter  wp-image-43016\" src=\"http:\/\/www.korhanyilmaz.com\/wp-content\/uploads\/2011\/11\/7198.jpg\" alt=\"\" width=\"336\" height=\"223\" \/><\/a><\/p>\n<p style=\"text-align: justify;\">Van&#8217;da depremin ard\u0131ndan kurulan \u00e7ad\u0131rda \u00e7\u0131kan yang\u0131n\u0131nda 3 karde\u015fin hayat\u0131n\u0131 kaybetmesinin ard\u0131ndan, 1 \u00e7ocuk da yetersiz beslenme, a\u015f\u0131r\u0131 s\u0131v\u0131 kayb\u0131 ve so\u011fuk alg\u0131nl\u0131\u011f\u0131ndan hayat\u0131n\u0131 kaybetti.<\/p>\n<p style=\"text-align: justify;\">VAN &#8211; Ailesiyle birlikte kurduklar\u0131 naylon barakada rahats\u0131zlanan 6.5 ya\u015f\u0131ndaki \u00d6znur \u00d6rg\u00fcn, kald\u0131r\u0131ld\u0131\u011f\u0131 hastanede hayat\u0131n\u0131 kaybetti.\u00a0<!--more--><\/p>\n<p style=\"text-align: justify;\">Van Merkez Halila\u011fa Mahallesi\u2019nde oturan Cemil-Pakize \u00d6rg\u00fcn \u00e7ifti kirada oturduklar\u0131 m\u00fcstakil evleri hasar g\u00f6r\u00fcnce, 6.5 ya\u015f\u0131ndaki k\u0131zlar\u0131 \u00d6znur ve 1 ya\u015f\u0131ndaki ikiz k\u0131zlar\u0131yla birlikte kendi imkanlar\u0131yla kurduklar\u0131 naylon barakaya ge\u00e7tiler. Ya\u011fmur, kar ve so\u011fuk havaya dayan\u0131ks\u0131z olan naylon barakada kalan ailenin b\u00fcy\u00fck k\u0131z\u0131 \u00d6znur, 14 Kas\u0131m\u2019da rahats\u0131zland\u0131. Gece rahats\u0131zlanan \u00d6znur\u2019u ailesi devriye gezen polis otosuyla Van B\u00f6lge E\u011fitim ve Ara\u015ft\u0131rma Hastanesi\u2019ne kald\u0131rd\u0131. Burada bir gece yo\u011fun bak\u0131ma al\u0131nan \u00d6znur, bir g\u00fcn sonra hayat\u0131n\u0131 kaybetti. \u00d6znur \u00d6rg\u00fcn, mahalle mezarl\u0131\u011f\u0131nda topra\u011fa verildi.<\/p>\n<p style=\"text-align: justify;\"><strong>A\u015eIRI SIVI KAYBI VE YETERS\u0130Z BESLENME<\/strong><\/p>\n<p style=\"text-align: justify;\">Deprem \u00f6ncesinde ailesi taraf\u0131ndan anaokula g\u00f6nderilen ancak depremin meydana gelmesiyle okul \u00f6ncesi e\u011fitimine ba\u015flamayan \u00d6znur\u2019un so\u011fuk alg\u0131nl\u0131\u011f\u0131, ishal ve kusma \u015fikayetleriyle hastaneye kald\u0131r\u0131ld\u0131\u011f\u0131 \u00f6\u011frenildi. \u00d6znur\u2019un \u00f6l\u00fcm nedeni ise yetersiz beslenme, a\u015f\u0131r\u0131 s\u0131v\u0131 kayb\u0131 ve so\u011fuk alg\u0131nl\u0131\u011f\u0131 olarak a\u00e7\u0131kland\u0131.<\/p>\n<p style=\"text-align: justify;\"><strong>ANNE: HEP\u0130M\u0130Z SO\u011eUKTAN \u00d6LECE\u011e\u0130Z<\/strong><\/p>\n<p style=\"text-align: justify;\">K\u0131z\u0131n\u0131 so\u011fuk havaya kurban verdi\u011fini ileri s\u00fcren anne Pakize \u00d6rg\u00fcn, &#8220;Depremde \u00f6lmedik, can\u0131m\u0131z\u0131 son anda kurtard\u0131k. Ancak \u015fimdi so\u011fuktan k\u0131z\u0131m \u00f6ld\u00fc. \u00c7aresiziz. \u0130kiz k\u0131zlar\u0131m\u0131n da so\u011fuktan \u00f6lece\u011finden korkuyorum. \u0130kisi de rahats\u0131zland\u0131, hastaneye kald\u0131rd\u0131k. E\u011fer sahip \u00e7\u0131kan olmazsa ikiz k\u0131zlar\u0131m da so\u011fuktan \u00f6lecek. Deprem \u00f6ld\u00fcrmedi ancak so\u011fuk hava ve ya\u015fad\u0131\u011f\u0131m\u0131z k\u00f6t\u00fc \u015fartlardan \u00f6lmekten korkuyorum&#8221; dedi.<\/p>\n<p style=\"text-align: justify;\"><strong>DEPREM BABAYI DA VURDU<\/strong><\/p>\n<p style=\"text-align: justify;\">Deprem \u00f6ncesi \u00e7imento fabrikas\u0131nda i\u015f\u00e7i olarak \u00e7al\u0131\u015fan baba Cemil \u00d6rg\u00fcn, depremden sonra fabrikadaki \u00fcretim azalmas\u0131 nedeniyle i\u015ften \u00e7\u0131kart\u0131ld\u0131. \u015eu anda i\u015fsiz olan ve hi\u00e7bir geliri olmayan baba Cemil \u00d6rg\u00fcn, &#8220;\u00c7aresiz. Gidecek yerimiz yok. Ne yapaca\u011f\u0131m\u0131z\u0131 bilmiyorum. Bug\u00fcn kadar bize sahip \u00e7\u0131kan olmad\u0131. Kendi imkanlar\u0131m\u0131zla kurdu\u011fumuz bu naylon barakan\u0131n alt\u0131na s\u0131\u011f\u0131nd\u0131k. Ama b\u00f6yle devam ederse hepimiz burada \u00f6lece\u011fiz&#8221; diye konu\u015ftu.<\/p>\n<p style=\"text-align: justify;\"><a href=\"http:\/\/www.radikal.com.tr\/Radikal.aspx?aType=RadikalDetayV3&amp;ArticleID=1070204&amp;Date=21.11.2011&amp;CategoryID=77\" target=\"_blank\">Kaynak : Radikal.com.tr<\/a><\/p>\n","protected":false},"excerpt":{"rendered":"<p style=\"text-align: center;\">\n<p style=\"text-align: justify;\">Van&#8217;da depremin ard\u0131ndan kurulan \u00e7ad\u0131rda \u00e7\u0131kan yang\u0131n\u0131nda 3 karde\u015fin hayat\u0131n\u0131 kaybetmesinin ard\u0131ndan, 1 \u00e7ocuk da yetersiz beslenme, a\u015f\u0131r\u0131 s\u0131v\u0131 kayb\u0131 ve so\u011fuk alg\u0131nl\u0131\u011f\u0131ndan hayat\u0131n\u0131 kaybetti.<\/p>\n<p style=\"text-align: justify;\">VAN &#8211; Ailesiyle birlikte kurduklar\u0131 naylon barakada rahats\u0131zlanan 6.5 ya\u015f\u0131ndaki \u00d6znur \u00d6rg\u00fcn, kald\u0131r\u0131ld\u0131\u011f\u0131 hastanede hayat\u0131n\u0131 kaybetti. <\/p>\n","protected":false},"author":1,"featured_media":0,"comment_status":"open","ping_status":"open","sticky":false,"template":"","format":"standard","meta":{"footnotes":""},"categories":[105],"tags":[],"class_list":["post-43015","post","type-post","status-publish","format-standard","hentry","category-gundem","odd"],"_links":{"self":[{"href":"http:\/\/www.korhanyilmaz.com\/index.php?rest_route=\/wp\/v2\/posts\/43015","targetHints":{"allow":["GET"]}}],"collection":[{"href":"http:\/\/www.korhanyilmaz.com\/index.php?rest_route=\/wp\/v2\/posts"}],"about":[{"href":"http:\/\/www.korhanyilmaz.com\/index.php?rest_route=\/wp\/v2\/types\/post"}],"author":[{"embeddable":true,"href":"http:\/\/www.korhanyilmaz.com\/index.php?rest_route=\/wp\/v2\/users\/1"}],"replies":[{"embeddable":true,"href":"http:\/\/www.korhanyilmaz.com\/index.php?rest_route=%2Fwp%2Fv2%2Fcomments&post=43015"}],"version-history":[{"count":0,"href":"http:\/\/www.korhanyilmaz.com\/index.php?rest_route=\/wp\/v2\/posts\/43015\/revisions"}],"wp:attachment":[{"href":"http:\/\/www.korhanyilmaz.com\/index.php?rest_route=%2Fwp%2Fv2%2Fmedia&parent=43015"}],"wp:term":[{"taxonomy":"category","embeddable":true,"href":"http:\/\/www.korhanyilmaz.com\/index.php?rest_route=%2Fwp%2Fv2%2Fcategories&post=43015"},{"taxonomy":"post_tag","embeddable":true,"href":"http:\/\/www.korhanyilmaz.com\/index.php?rest_route=%2Fwp%2Fv2%2Ftags&post=43015"}],"curies":[{"name":"wp","href":"https:\/\/api.w.org\/{rel}","templated":true}]}}