{"id":42976,"date":"2011-11-21T12:31:32","date_gmt":"2011-11-21T10:31:32","guid":{"rendered":"http:\/\/www.korhanyilmaz.com\/?p=42976"},"modified":"2011-11-21T15:33:57","modified_gmt":"2011-11-21T13:33:57","slug":"sabiha-gokcenin-adi-havalimanindan-silinsin","status":"publish","type":"post","link":"http:\/\/www.korhanyilmaz.com\/?p=42976","title":{"rendered":"&#8220;Sabiha G\u00f6k\u00e7en&#8217;in ad\u0131 havaliman\u0131ndan silinsin&#8221;"},"content":{"rendered":"<p style=\"text-align: justify;\"><a href=\"http:\/\/www.korhanyilmaz.com\/wp-content\/uploads\/2011\/11\/7195.jpg\"  class=\"lightview\"><img loading=\"lazy\" decoding=\"async\" class=\"aligncenter size-full wp-image-42977\" title=\"\" src=\"http:\/\/www.korhanyilmaz.com\/wp-content\/uploads\/2011\/11\/7195.jpg\" alt=\"\" width=\"292\" height=\"225\" \/><\/a><\/p>\n<p style=\"text-align: justify;\">Dersim olaylar\u0131n\u0131 ara\u015ft\u0131rmak i\u00e7in komisyon kurulmas\u0131n\u0131 \u00f6neren AK Parti\u2019li Mehmet Metiner, Sabiha G\u00f6k\u00e7en Havaliman\u0131&#8217;n\u0131n ad\u0131n\u0131n de\u011fi\u015ftirilmesini istedi.<\/p>\n<p style=\"text-align: justify;\">Metiner, yapt\u0131\u011f\u0131 yaz\u0131l\u0131 a\u00e7\u0131klamada, \u00f6nceki g\u00fcn &#8220;Dersim katliam\u0131yla ilgili iki \u00f6neri ortaya koydu\u011funu&#8221; belirterek, bunlar\u0131n Sabiha G\u00f6k\u00e7en Havaalan\u0131&#8217;n\u0131n ad\u0131n\u0131n de\u011fi\u015ftirilmesi ve TBMM&#8217;de &#8220;Dersim Ara\u015ft\u0131rma Komisyonu&#8221; kurulmas\u0131 oldu\u011funu ifade etti.\u00a0<!--more--><\/p>\n<p style=\"text-align: justify;\">CHP&#8217;nin bu iki \u00f6neriye s\u0131cak bakmas\u0131 halinde &#8220;Dersim ile ilgili tarihsel y\u00fczle\u015fmenin yap\u0131labilece\u011fini&#8221; savunan Metiner, &#8220;CHP de bu konuda kendini haz\u0131r hissediyorsa, Dersim i\u00e7in tarihsel y\u00fczle\u015fme ve \u00f6z\u00fcr fasl\u0131s\u0131n harekete ge\u00e7iririz. Mecliste Dersim katliam\u0131yla ilgili bir Ara\u015ft\u0131rma Komisyonu kural\u0131m. Bu komisyon, o d\u00f6neme ili\u015fkin b\u00fct\u00fcn iddialar\u0131 ara\u015ft\u0131rmal\u0131, ar\u015fivler a\u00e7\u0131lmal\u0131&#8221; dedi.<\/p>\n<p style=\"text-align: justify;\">Metiner, Birinci Meclis d\u00f6neminde de &#8220;Dersim&#8221; olan Tunceli&#8217;nin ad\u0131n\u0131ntekrar iade edilerek, &#8220;Dersim ile y\u00fczle\u015fmede \u00f6nemli bir ad\u0131m\u0131n daha at\u0131lm\u0131\u015f ve bunun da bir \u00f6z\u00fcr dilemenin ba\u015flang\u0131\u00e7 olaca\u011f\u0131n\u0131&#8221; savundu.<\/p>\n<p style=\"text-align: justify;\">Metiner, &#8220;Dersim halk\u0131n\u0131n haf\u0131zalar\u0131nda &#8216;Tunceli&#8217; ismi, bask\u0131 ve sindirme politikalar\u0131yla \u00f6zde\u015fle\u015fmi\u015ftir. Bu ismin yerine Dersim ad\u0131n\u0131n\u0131 tekrar verilmesi gerekti\u011fine inan\u0131yorum&#8221; g\u00f6r\u00fc\u015f\u00fcn\u00fc ifade etti.<\/p>\n<p style=\"text-align: justify;\">Metiner, &#8220;Konuyu TBMM G\u00fcndemine Kanun teklifi olarak m\u0131 ta\u015f\u0131yacaks\u0131n\u0131z?&#8221; sorusuna kar\u015f\u0131l\u0131k, &#8220;Yar\u0131n TBMM Genel Kurulu&#8217;nda bu konuda g\u00fcndemd\u0131\u015f\u0131 konu\u015fma yapmak i\u00e7in ba\u015fvuruda bulundum. G\u00fcndemd\u0131\u015f\u0131 konu\u015fma olmazsa,bir bas\u0131n toplant\u0131s\u0131 yapaca\u011f\u0131m. CHP buna s\u0131cak yakla\u015f\u0131m sergilerse, o zaman kar\u015f\u0131l\u0131kl\u0131 olarak bunu ortak mutabakata d\u00f6n\u00fc\u015ft\u00fcrebiliriz&#8221; dedi.<\/p>\n<p style=\"text-align: justify;\"><a href=\"http:\/\/www.cnnturk.com\/2011\/guncel\/11\/21\/sabiha.gokcenin.adi.havalimanindan.silinsin\/637525.0\/index.html\" target=\"_blank\">Kaynak : CNN T\u00dcRK<\/a><\/p>\n","protected":false},"excerpt":{"rendered":"<p style=\"text-align: justify;\">\n<p style=\"text-align: justify;\">Dersim olaylar\u0131n\u0131 ara\u015ft\u0131rmak i\u00e7in komisyon kurulmas\u0131n\u0131 \u00f6neren AK Parti\u2019li Mehmet Metiner, Sabiha G\u00f6k\u00e7en Havaliman\u0131&#8217;n\u0131n ad\u0131n\u0131n de\u011fi\u015ftirilmesini istedi.<\/p>\n<p style=\"text-align: justify;\">Metiner, yapt\u0131\u011f\u0131 yaz\u0131l\u0131 a\u00e7\u0131klamada, \u00f6nceki g\u00fcn &#8220;Dersim katliam\u0131yla ilgili iki \u00f6neri ortaya koydu\u011funu&#8221; belirterek, bunlar\u0131n Sabiha G\u00f6k\u00e7en Havaalan\u0131&#8217;n\u0131n ad\u0131n\u0131n de\u011fi\u015ftirilmesi ve TBMM&#8217;de &#8220;Dersim Ara\u015ft\u0131rma Komisyonu&#8221; kurulmas\u0131 oldu\u011funu ifade etti. <\/p>\n","protected":false},"author":1,"featured_media":0,"comment_status":"open","ping_status":"open","sticky":false,"template":"","format":"standard","meta":{"footnotes":""},"categories":[105],"tags":[],"class_list":["post-42976","post","type-post","status-publish","format-standard","hentry","category-gundem","odd"],"_links":{"self":[{"href":"http:\/\/www.korhanyilmaz.com\/index.php?rest_route=\/wp\/v2\/posts\/42976","targetHints":{"allow":["GET"]}}],"collection":[{"href":"http:\/\/www.korhanyilmaz.com\/index.php?rest_route=\/wp\/v2\/posts"}],"about":[{"href":"http:\/\/www.korhanyilmaz.com\/index.php?rest_route=\/wp\/v2\/types\/post"}],"author":[{"embeddable":true,"href":"http:\/\/www.korhanyilmaz.com\/index.php?rest_route=\/wp\/v2\/users\/1"}],"replies":[{"embeddable":true,"href":"http:\/\/www.korhanyilmaz.com\/index.php?rest_route=%2Fwp%2Fv2%2Fcomments&post=42976"}],"version-history":[{"count":0,"href":"http:\/\/www.korhanyilmaz.com\/index.php?rest_route=\/wp\/v2\/posts\/42976\/revisions"}],"wp:attachment":[{"href":"http:\/\/www.korhanyilmaz.com\/index.php?rest_route=%2Fwp%2Fv2%2Fmedia&parent=42976"}],"wp:term":[{"taxonomy":"category","embeddable":true,"href":"http:\/\/www.korhanyilmaz.com\/index.php?rest_route=%2Fwp%2Fv2%2Fcategories&post=42976"},{"taxonomy":"post_tag","embeddable":true,"href":"http:\/\/www.korhanyilmaz.com\/index.php?rest_route=%2Fwp%2Fv2%2Ftags&post=42976"}],"curies":[{"name":"wp","href":"https:\/\/api.w.org\/{rel}","templated":true}]}}