{"id":4297,"date":"2009-03-01T15:09:23","date_gmt":"2009-03-01T13:09:23","guid":{"rendered":"http:\/\/www.korhanyilmaz.com\/?p=4297"},"modified":"2009-03-01T15:09:23","modified_gmt":"2009-03-01T13:09:23","slug":"yok-uyeligine-kim-atandi","status":"publish","type":"post","link":"http:\/\/www.korhanyilmaz.com\/?p=4297","title":{"rendered":"Y\u00d6K \u00fcyeli\u011fine kim atand\u0131?"},"content":{"rendered":"<p><img loading=\"lazy\" decoding=\"async\" class=\"aligncenter size-full wp-image-4298\" title=\"Y\u00fcksek\u00f6\u011fretim Kurulu\" src=\"http:\/\/www.korhanyilmaz.com\/wp-content\/uploads\/2009\/03\/12668.jpg\" alt=\"Y\u00fcksek\u00f6\u011fretim Kurulu\" width=\"256\" height=\"192\" \/><\/p>\n<p style=\"text-align: justify;\">Cumhurba\u015fkan\u0131 Abdullah G\u00fcl, bo\u015f bulunan Y\u00fcksek\u00f6\u011fretim Kurulu \u00fcyeli\u011fine, Marmara \u00dcniversitesi Hukuk Fak\u00fcltesi \u00d6\u011fretim \u00dcyesi Prof. Dr. Mehmet Akif Ayd\u0131n&#8217;\u0131 atad\u0131.<\/p>\n<p style=\"text-align: justify;\">Cumhurba\u015fkanl\u0131\u011f\u0131 Bas\u0131n Merkezi&#8217;nden yap\u0131lan a\u00e7\u0131klamada, &#8220;Cumhurba\u015fkan\u0131 Abdullah G\u00fcl bo\u015f bulunan Y\u00d6K \u00dcyeli\u011fine, Marmara \u00dcniversitesi Hukuk Fak\u00fcltesi \u00d6\u011fretim \u00dcyesi Prof. Dr. Mehmet Akif Ayd\u0131n&#8217;\u0131n Bakanlar Kurulunca yap\u0131lan se\u00e7imini, 2547 say\u0131l\u0131 Y\u00fcksek\u00f6\u011fretim Kanununun 6 nc\u0131 maddesinin (b) f\u0131kras\u0131 gere\u011fince onaylam\u0131\u015ft\u0131r&#8221; denildi.<\/p>\n<p style=\"text-align: justify;\"><span style=\"color: #888888;\">ANKA<\/span><\/p>\n","protected":false},"excerpt":{"rendered":"<\/p>\n<p style=\"text-align: justify;\">Cumhurba\u015fkan\u0131 Abdullah G\u00fcl, bo\u015f bulunan Y\u00fcksek\u00f6\u011fretim Kurulu \u00fcyeli\u011fine, Marmara \u00dcniversitesi Hukuk Fak\u00fcltesi \u00d6\u011fretim \u00dcyesi Prof. Dr. Mehmet Akif Ayd\u0131n&#8217;\u0131 atad\u0131.<\/p>\n<p style=\"text-align: justify;\">Cumhurba\u015fkanl\u0131\u011f\u0131 Bas\u0131n Merkezi&#8217;nden yap\u0131lan a\u00e7\u0131klamada, &#8220;Cumhurba\u015fkan\u0131 Abdullah G\u00fcl bo\u015f bulunan Y\u00d6K \u00dcyeli\u011fine, Marmara \u00dcniversitesi Hukuk Fak\u00fcltesi \u00d6\u011fretim \u00dcyesi Prof. Dr. Mehmet Akif Ayd\u0131n&#8217;\u0131n Bakanlar Kurulunca yap\u0131lan se\u00e7imini, 2547 say\u0131l\u0131 Y\u00fcksek\u00f6\u011fretim <\/p>\n","protected":false},"author":1,"featured_media":0,"comment_status":"open","ping_status":"closed","sticky":false,"template":"","format":"standard","meta":{"footnotes":""},"categories":[105],"tags":[],"class_list":["post-4297","post","type-post","status-publish","format-standard","hentry","category-gundem","odd"],"_links":{"self":[{"href":"http:\/\/www.korhanyilmaz.com\/index.php?rest_route=\/wp\/v2\/posts\/4297","targetHints":{"allow":["GET"]}}],"collection":[{"href":"http:\/\/www.korhanyilmaz.com\/index.php?rest_route=\/wp\/v2\/posts"}],"about":[{"href":"http:\/\/www.korhanyilmaz.com\/index.php?rest_route=\/wp\/v2\/types\/post"}],"author":[{"embeddable":true,"href":"http:\/\/www.korhanyilmaz.com\/index.php?rest_route=\/wp\/v2\/users\/1"}],"replies":[{"embeddable":true,"href":"http:\/\/www.korhanyilmaz.com\/index.php?rest_route=%2Fwp%2Fv2%2Fcomments&post=4297"}],"version-history":[{"count":0,"href":"http:\/\/www.korhanyilmaz.com\/index.php?rest_route=\/wp\/v2\/posts\/4297\/revisions"}],"wp:attachment":[{"href":"http:\/\/www.korhanyilmaz.com\/index.php?rest_route=%2Fwp%2Fv2%2Fmedia&parent=4297"}],"wp:term":[{"taxonomy":"category","embeddable":true,"href":"http:\/\/www.korhanyilmaz.com\/index.php?rest_route=%2Fwp%2Fv2%2Fcategories&post=4297"},{"taxonomy":"post_tag","embeddable":true,"href":"http:\/\/www.korhanyilmaz.com\/index.php?rest_route=%2Fwp%2Fv2%2Ftags&post=4297"}],"curies":[{"name":"wp","href":"https:\/\/api.w.org\/{rel}","templated":true}]}}