{"id":42968,"date":"2011-11-21T11:36:21","date_gmt":"2011-11-21T09:36:21","guid":{"rendered":"http:\/\/www.korhanyilmaz.com\/?p=42968"},"modified":"2011-11-21T15:14:33","modified_gmt":"2011-11-21T13:14:33","slug":"usta-gemin-su-almaya-basladi","status":"publish","type":"post","link":"http:\/\/www.korhanyilmaz.com\/?p=42968","title":{"rendered":"Usta, gemin su almaya ba\u015flad\u0131!"},"content":{"rendered":"<p style=\"text-align: center;\"><a href=\"http:\/\/www.korhanyilmaz.com\/wp-content\/uploads\/2011\/11\/7193.jpg\"  class=\"lightview\"><img loading=\"lazy\" decoding=\"async\" class=\"aligncenter  wp-image-42969\" src=\"http:\/\/www.korhanyilmaz.com\/wp-content\/uploads\/2011\/11\/7193.jpg\" alt=\"\" width=\"408\" height=\"200\" \/><\/a><\/p>\n<p style=\"text-align: justify;\">Taraf muhabiri Mehmet Baransu \u015fa\u015f\u0131rt\u0131c\u0131 bir yaz\u0131 kaleme ald\u0131. AKP&#8217;ye bir daha oy vermeyece\u011fini a\u00e7\u0131klad\u0131.<\/p>\n<p style=\"text-align: justify;\"><strong>Usta, gemin su almaya ba\u015flad\u0131!\u00a0<\/strong><\/p>\n<p style=\"text-align: justify;\">12 Haziran se\u00e7imleri \u00f6ncesi meydanlar \u0131s\u0131nm\u0131\u015f, AK Parti Genel Ba\u015fkan\u0131 Recep Tayyip Erdo\u011fan, milletten \u00fc\u00e7\u00fcnc\u00fc d\u00f6nem i\u00e7in tekrar vize istemi\u015fti. \u201cYapt\u0131klar\u0131m\u0131z yapacaklar\u0131m\u0131z\u0131n teminat\u0131d\u0131r\u201d diyerek, \u00f6nce \u00e7\u0131rakl\u0131k, ard\u0131ndan kalfal\u0131k d\u00f6nemlerine vurgu yapm\u0131\u015f, \u00fc\u00e7\u00fcnc\u00fc d\u00f6nemi \u201custal\u0131k\u201d olarak a\u00e7\u0131klam\u0131\u015ft\u0131. \u201cHedef 2023\u201dt\u00fc ve yeni anayasa, demokratikle\u015fme, hukuk reformlar\u0131, ekonomik projeler meydanlar\u0131n sesi olmu\u015ftu. \u201cUstal\u0131k\u201d d\u00f6neminde farkl\u0131 bir T\u00fcrkiye foto\u011fraf\u0131 \u00e7iziliyordu.\u00a0<!--more--><\/p>\n<p style=\"text-align: justify;\">Sand\u0131\u011fa giden halk, AK Parti\u2019ye \u00fc\u00e7\u00fcnc\u00fc kez vize verdi ve \u201custal\u0131k d\u00f6nemi\u201d de ba\u015flam\u0131\u015f oldu.<\/p>\n<p style=\"text-align: justify;\">Millet ustal\u0131k d\u00f6neminde farkl\u0131 bir Recep Tayyip Erdo\u011fan ve AK Parti profili bekliyordu. Meydanlarda verilen s\u00f6zler vard\u0131 ancak ustal\u0131k d\u00f6nemi sanc\u0131l\u0131 ba\u015flad\u0131. Milletin kafas\u0131ndaki ilk soru yeni kabineye se\u00e7ilen baz\u0131 isimler \u00fczerine yo\u011funla\u015ft\u0131. \u0130dris Naim \u015eahin bu isimlerden biriydi.<\/p>\n<p style=\"text-align: justify;\">AK Parti\u2019nin a\u011f\u0131r toplar\u0131n\u0131n yapt\u0131klar\u0131 a\u00e7\u0131klamalar ise h\u00fck\u00fcmetin \u201custal\u0131k d\u00f6nemi\u201d yol haritas\u0131 hakk\u0131nda baz\u0131 fikirler vermeye ba\u015flam\u0131\u015ft\u0131. Parti milliyet\u00e7i \u00e7izgiye iyiden iyide kay\u0131yordu.<\/p>\n<p style=\"text-align: justify;\">Parti rotas\u0131n\u0131 \u015fa\u015f\u0131rmaya ba\u015flam\u0131\u015ft\u0131. B\u00fclent Ar\u0131n\u00e7 ve partinin ileri gelenleri, Balyoz ve Ergenekon san\u0131klar\u0131n\u0131 kurtarmak i\u00e7in havay\u0131 koklamaya ba\u015flad\u0131lar; \u201cAskerler zaten emekli edilecekler, tutuklu olmalar\u0131na gerek yok. Bir orta yol bulal\u0131m.\u201d Ankara\u2019da bu ses s\u0131k\u00e7a duyulur oldu.<\/p>\n<p style=\"text-align: justify;\">Y\u00fczde 50 AK Parti\u2019ye iyi gelmemi\u015fti. G\u00f6zler k\u00f6r olmu\u015f, parti ak\u0131l tutulmas\u0131 ya\u015famaya ba\u015flam\u0131\u015ft\u0131. O kadar ak\u0131l tutulmas\u0131 ya\u015fanm\u0131\u015ft\u0131 ki; Afrika gezisi \u00f6ncesi reklamc\u0131 Erol Ol\u00e7ak ve ekibi Ba\u015fbakan\u2019dan \u00f6nce K\u0131ta\u2019ya \u00e7\u0131karma yapt\u0131. Erdo\u011fan\u2019\u0131n Afrika lideri oldu\u011fu y\u00f6n\u00fcnde verilecek imaj i\u00e7in \u00e7al\u0131\u015fmalar ba\u015flad\u0131. Meydanda at\u0131lacak sloganlar belirlendi. Altyap\u0131 \u00e7al\u0131\u015fmalar\u0131 tamamland\u0131. Geriye bindirilmi\u015f k\u0131talar kalm\u0131\u015ft\u0131 o da \u201ctamamen duygusal\u201d y\u00f6ntemle halledildi. \u00c7al\u0131\u015fma kusursuz sonu\u00e7land\u0131. Ba\u015fbakan Erdo\u011fan, Fransa\u2019ya \u201cOrtado\u011fu\u2019nun yeni lideri\u201d olarak gitti.<\/p>\n<p style=\"text-align: justify;\">Alk\u0131\u015flar ve ak\u0131l tutulmas\u0131 aras\u0131nda ger\u00e7eklikler kaybolmu\u015f, \u015fu soru unutulmu\u015ftu; \u201cLibya ve Arap Bahar\u0131\u2019n\u0131n ya\u015fand\u0131\u011f\u0131 di\u011fer \u00fclkelerde d\u00fcnya \u00fclkeleri petrol ve di\u011fer yat\u0131r\u0131mlardan y\u00fczde ka\u00e7 pay ald\u0131lar? T\u00fcrkiye\u2019nin ald\u0131\u011f\u0131 herhangi bir pay var m\u0131yd\u0131?\u201d<\/p>\n<p style=\"text-align: justify;\">Alk\u0131\u015f ve ak\u0131l tutulmas\u0131 devam ediyordu&#8230; Gemi farkl\u0131 rotada ilerliyordu&#8230;<\/p>\n<p style=\"text-align: justify;\">12 Eyl\u00fcl referandumunda \u00fclkenin b\u00fcy\u00fck bir \u00e7o\u011funlu\u011fu \u201cyetmez ama evet\u201d demi\u015f ve referandumda \u00f6n\u00fcne konan maddelere ye\u015fil \u0131\u015f\u0131k yakm\u0131\u015ft\u0131. Top art\u0131k h\u00fck\u00fcmetteydi. Baz\u0131 maddeler i\u00e7in ek d\u00fczenlemeler yap\u0131lacakt\u0131. Ancak ne olmu\u015fsa olmu\u015f, AK Parti bir iki madde d\u0131\u015f\u0131nda d\u00fczenleme yapmamak i\u00e7in ayak diremeye ba\u015flam\u0131\u015ft\u0131. Meydanlarda millete verilen s\u00f6zler unutulmu\u015f, Ankara\u2019n\u0131n ve \u0130stanbul\u2019un \u201ceski y\u00fczleri\u201d, \u201cejderleri\u201d, \u201cErgenekon\u2019un bir numaras\u0131 konsey\u201d daha fazla dikkate al\u0131n\u0131r olmu\u015ftu.<\/p>\n<p style=\"text-align: justify;\">Ar\u0131n\u00e7 ve partililer, askerin topuk selam\u0131 vermesinden mutlu olmu\u015f, stat\u00fcko onlara g\u00f6re sona ermi\u015fti. Rahmetli Turgut \u00d6zal da askeri \u015fortla denetlemi\u015f, d\u00f6nemin ANAP\u2019\u0131 da ayn\u0131 vahamete kap\u0131lm\u0131\u015ft\u0131. \u00d6zal\u2019\u0131n \u00f6l\u00fcm\u00fcn\u00fcn ad\u0131ndan 28 \u015eubat\u00e7\u0131lar paletlerini milletin \u00fczerinden defalarca ge\u00e7irmi\u015f, bug\u00fcn\u00fcn topuk selamc\u0131s\u0131 B\u00fclent Ar\u0131n\u00e7\u2019\u0131n partisi de o g\u00fcnlerde tam iki kez kapat\u0131lm\u0131\u015ft\u0131.<\/p>\n<p style=\"text-align: justify;\">\u00d6zal \u015fortla yetinmi\u015f, bug\u00fcnk\u00fcler ise topuk selam\u0131n\u0131 yeterli g\u00f6rmeye ba\u015flam\u0131\u015flard\u0131. Kurumsal hi\u00e7bir d\u00fczenleme yap\u0131lmad\u0131\u011f\u0131 i\u00e7in de yar\u0131n topuk selam\u0131 verecekleri unutulmu\u015ftu. YA\u015e gibi g\u00f6stermelik foto\u011fraflarla da vatanda\u015f kand\u0131r\u0131lmaya \u00e7al\u0131\u015f\u0131lm\u0131\u015ft\u0131.<\/p>\n<p style=\"text-align: justify;\">Ustal\u0131k d\u00f6nemi bununla kalsa iyiydi. \u015eikeciler de yine usta ve \u00e7\u0131raklar\u0131n\u0131n eliyle aklanmaya \u00e7al\u0131\u015f\u0131l\u0131yordu. T\u0131pk\u0131 Ba\u015fbakan Erdo\u011fan gibi f\u0131rsat\u0131n\u0131 buldu\u011fu an kameralar kar\u015f\u0131s\u0131na ge\u00e7meyi seven B\u00fclent Ar\u0131n\u00e7, Dersim katliam\u0131yla ilgili CHP Genel Ba\u015fkan\u0131 Kemal K\u0131l\u0131\u00e7daro\u011flu\u2019nu ele\u015ftirdi. Unuttu\u011fu bir konu vard\u0131. Daha d\u00fcn \u201cKanun de\u011fi\u015ftirilemez, yapboz tahtas\u0131 de\u011fil\u201d diyen kendisi ve ustas\u0131yd\u0131. Millet kendilerinden, \u015fikecileri neden aklamaya \u00e7al\u0131\u015ft\u0131klar\u0131 sorusunun cevab\u0131n\u0131 merak ediyordu. Onlar ise sessizli\u011fe b\u00fcr\u00fcn\u00fcyordu.<\/p>\n<p style=\"text-align: justify;\">Bu \u00fclkede en az ustalar kadar su\u00e7lu olan iki kurum daha vard\u0131. Biri canda\u015f\u0131yla yolda\u015f\u0131yla medya. (Ki o ayr\u0131 bir yaz\u0131n\u0131n konusu.) \u0130kincisi ise yaz\u0131k ki bu \u00fclkede bir muhalefet partisinin olmamas\u0131. Anadolu\u2019da aya\u011f\u0131 k\u0131r\u0131lan at\u0131 vururlar. Bu \u00fclkenin ana muhalefet partisinin d\u00f6rt aya\u011f\u0131 birden k\u0131r\u0131lm\u0131\u015f ama ne kendileri ne sahipleri bunun fark\u0131nda. MHP\u2019nin ve BDP\u2019nin durumlar\u0131 da CHP\u2019den farks\u0131z de\u011fil.<\/p>\n<p style=\"text-align: justify;\">Bu muhalefet ve medyaya ra\u011fmen, siz kendinizi nerede g\u00f6r\u00fcyorsunuz bilmem ama ustal\u0131k d\u00f6neminin say\u0131n \u201custas\u0131\u201d, \u201ckalfalar\u0131\u201d ve \u201c\u00e7\u0131raklar\u0131\u201d.. geminiz \u00e7ok fazla yerden su almaya ba\u015flad\u0131. Rotan\u0131z \u015fa\u015ft\u0131 ve siz bunun fark\u0131nda de\u011filsiniz. Ancak millet rotan\u0131z\u0131n ve istikametinizin fark\u0131na yava\u015f yava\u015f var\u0131yor.<\/p>\n<p style=\"text-align: justify;\">Tarih, ders al\u0131nmak i\u00e7in okunmal\u0131d\u0131r. \u00c7ok uza\u011fa gitmeye gerek yok. Ders almak i\u00e7in 1995-2000 aras\u0131na bakmak yeterli. ANAP ve DYP\u2019nin d\u00fc\u015ft\u00fc\u011f\u00fc duruma. Bu \u00fclkenin siyaset\u00e7i onba\u015f\u0131lar\u0131 zaten vard\u0131, yenilerine inan\u0131n gerek yok. Bu millet, stat\u00fckonun emrine girenleri, onba\u015f\u0131lar\u0131 tarihin \u00e7\u00f6pl\u00fc\u011f\u00fcne g\u00f6ndermekten biran bile teredd\u00fct etmedi. Bundan sonra da etmeyecektir. Son se\u00e7imde ka\u00e7 milyon oy alm\u0131\u015ft\u0131n\u0131z bilmiyorum ama ald\u0131\u011f\u0131n\u0131z o oydan 17\u2019sini \u00e7\u0131kartabilirsiniz. Benim ve ailemin stat\u00fckoculara ve onlar\u0131 destekleyenlere art\u0131k verecek oyu yok.<\/p>\n<p style=\"text-align: justify;\"><a href=\"http:\/\/muhalifgazete.com\/25952-Usta-gemin-su-almaya-basladi.htm\" target=\"_blank\">Kaynak : Muhalif Gazete<\/a><\/p>\n","protected":false},"excerpt":{"rendered":"<p style=\"text-align: center;\">\n<p style=\"text-align: justify;\">Taraf muhabiri Mehmet Baransu \u015fa\u015f\u0131rt\u0131c\u0131 bir yaz\u0131 kaleme ald\u0131. AKP&#8217;ye bir daha oy vermeyece\u011fini a\u00e7\u0131klad\u0131.<\/p>\n<p style=\"text-align: justify;\">Usta, gemin su almaya ba\u015flad\u0131! <\/p>\n<p style=\"text-align: justify;\">12 Haziran se\u00e7imleri \u00f6ncesi meydanlar \u0131s\u0131nm\u0131\u015f, AK Parti Genel Ba\u015fkan\u0131 Recep Tayyip Erdo\u011fan, milletten \u00fc\u00e7\u00fcnc\u00fc d\u00f6nem i\u00e7in tekrar vize istemi\u015fti. \u201cYapt\u0131klar\u0131m\u0131z yapacaklar\u0131m\u0131z\u0131n teminat\u0131d\u0131r\u201d diyerek, \u00f6nce <\/p>\n","protected":false},"author":1,"featured_media":0,"comment_status":"open","ping_status":"open","sticky":false,"template":"","format":"standard","meta":{"footnotes":""},"categories":[105],"tags":[],"class_list":["post-42968","post","type-post","status-publish","format-standard","hentry","category-gundem","odd"],"_links":{"self":[{"href":"http:\/\/www.korhanyilmaz.com\/index.php?rest_route=\/wp\/v2\/posts\/42968","targetHints":{"allow":["GET"]}}],"collection":[{"href":"http:\/\/www.korhanyilmaz.com\/index.php?rest_route=\/wp\/v2\/posts"}],"about":[{"href":"http:\/\/www.korhanyilmaz.com\/index.php?rest_route=\/wp\/v2\/types\/post"}],"author":[{"embeddable":true,"href":"http:\/\/www.korhanyilmaz.com\/index.php?rest_route=\/wp\/v2\/users\/1"}],"replies":[{"embeddable":true,"href":"http:\/\/www.korhanyilmaz.com\/index.php?rest_route=%2Fwp%2Fv2%2Fcomments&post=42968"}],"version-history":[{"count":0,"href":"http:\/\/www.korhanyilmaz.com\/index.php?rest_route=\/wp\/v2\/posts\/42968\/revisions"}],"wp:attachment":[{"href":"http:\/\/www.korhanyilmaz.com\/index.php?rest_route=%2Fwp%2Fv2%2Fmedia&parent=42968"}],"wp:term":[{"taxonomy":"category","embeddable":true,"href":"http:\/\/www.korhanyilmaz.com\/index.php?rest_route=%2Fwp%2Fv2%2Fcategories&post=42968"},{"taxonomy":"post_tag","embeddable":true,"href":"http:\/\/www.korhanyilmaz.com\/index.php?rest_route=%2Fwp%2Fv2%2Ftags&post=42968"}],"curies":[{"name":"wp","href":"https:\/\/api.w.org\/{rel}","templated":true}]}}