{"id":42964,"date":"2011-11-21T14:42:07","date_gmt":"2011-11-21T12:42:07","guid":{"rendered":"http:\/\/www.korhanyilmaz.com\/?p=42964"},"modified":"2011-11-21T15:03:46","modified_gmt":"2011-11-21T13:03:46","slug":"erdogan-gun-gelecek-sen-de-gideceksin","status":"publish","type":"post","link":"http:\/\/www.korhanyilmaz.com\/?p=42964","title":{"rendered":"Erdo\u011fan: &#8220;G\u00fcn gelecek sen de gideceksin&#8221;"},"content":{"rendered":"<p style=\"text-align: center;\"><a href=\"http:\/\/www.korhanyilmaz.com\/wp-content\/uploads\/2011\/11\/7191.jpg\"  class=\"lightview\"><img loading=\"lazy\" decoding=\"async\" class=\"aligncenter  wp-image-42965\" src=\"http:\/\/www.korhanyilmaz.com\/wp-content\/uploads\/2011\/11\/7191.jpg\" alt=\"\" width=\"320\" height=\"221\" \/><\/a><\/p>\n<p style=\"text-align: justify;\">Diyanet \u0130\u015fleri Ba\u015fkanl\u0131\u011f\u0131&#8217;n\u0131n ev sahipli\u011finde yap\u0131lan &#8220;II. Afrika K\u0131tas\u0131 M\u00fcsl\u00fcman \u00dclke ve Topluluklar\u0131 Dini Liderler Zirvesi&#8221;nde konu\u015fan Ba\u015fbakan Recep Tayyip Erdo\u011fan, Esad rejimine d\u00f6n\u00fck mesajlar verdi. Erdo\u011fan, &#8220;Tanklarla, toplarla iktidar bir yere kadar. G\u00fcn gelecek sen de gideceksin&#8221; dedi.\u00a0<!--more--><\/p>\n<p style=\"text-align: justify;\">Konu\u015fmas\u0131nda Be\u015far Esad&#8217;\u0131n Suriye&#8217;deki kar\u0131\u015f\u0131l\u0131kla ilgili &#8220;d\u0131\u015far\u0131dan m\u00fcdahale var&#8221; s\u00f6zlerine tepki g\u00f6steren Ba\u015fbakan Erdo\u011fan, &#8220;D\u0131\u015far\u0131dan m\u00fcdahaleye f\u0131rsat vermeden kendi problemini neden i\u00e7inde halletmiyormiyorsun?&#8221; diye sordu.<\/p>\n<p style=\"text-align: justify;\">Erdo\u011fan, Suriye i\u00e7indeki mezhep ay\u0131r\u0131m\u0131na da g\u00f6nderme yaparak, &#8220;Bir tarafta \u015eia, bir tarafta S\u00fcnni. As\u0131l olan \u015eia m\u0131d\u0131r? S\u00fcnni midir? As\u0131l olan \u0130slam m\u0131d\u0131r?&#8221; \u015feklinde konu\u015ftu.<\/p>\n<p style=\"text-align: justify;\"><strong>&#8220;Kime kar\u015f\u0131 sava\u015facaks\u0131n?&#8221;\u00a0<\/strong><\/p>\n<p style=\"text-align: justify;\">Yine Suriye Devlet Ba\u015fkan\u0131 Esad&#8217;\u0131n &#8220;\u00f6lene kadar sava\u015faca\u011f\u0131m&#8221; s\u00f6zlerine g\u00f6ndermede bulunan Ba\u015fbakan Erdo\u011fan, &#8220;Biri \u00e7\u0131k\u0131yor &#8216;\u00f6lene kadar sava\u015faca\u011f\u0131m&#8217; diyor. Kime kar\u015f\u0131 sava\u015facaks\u0131n? \u00dclkende y\u00f6netti\u011fin M\u00fcsl\u00fcman karde\u015fine kar\u015f\u0131 m\u0131 sava\u015facaks\u0131n? Kime kar\u015f\u0131 sava\u015facaks\u0131n?&#8221; diye sordu.<\/p>\n<p style=\"text-align: justify;\"><strong>&#8220;G\u00fcn gelecek sen de giceksin&#8221;\u00a0<\/strong><\/p>\n<p style=\"text-align: justify;\">Ba\u015fbakan Erdo\u011fan, &#8220;Suriye&#8217;de, haklar\u0131n\u0131 isteyen, daha insanca bir ya\u015fam talep edenlere kar\u015f\u0131, tanklar\u0131n, toplar\u0131n, silahlar\u0131n ate\u015flenmesini asla ve asla insani g\u00f6rm\u00fcyoruz. Ayn\u0131 k\u0131bleye d\u00f6nen, Allah&#8217;a ve Onun peygamberine inanan insanlar\u0131n, bu \u015fekilde \u00f6ld\u00fcr\u00fclmesini kabul etmemiz m\u00fcmk\u00fcn de\u011fil. E\u011fer sen bir lider olarak kendine inan\u0131yorsan, kendine g\u00fcveniyorsan, sand\u0131klar\u0131 a\u00e7ars\u0131n herkes sand\u0131klara y\u00fcr\u00fcr. O sand\u0131klar seni iktidara getiriyorsa iktidar olursun. Ondan sonra orada o \u00fclkeyi y\u00f6netirsin. Ama tanklarla, toplarla iktidar bir yere kadar. G\u00fcn gelecek sen de gideceksin. \u00c7\u00fcnk\u00fc o koltuklar baki de\u011fil. O koltuklar ge\u00e7icidir. Biz bunu \u00e7ok s\u00f6yledik&#8221; dedi.<\/p>\n<p style=\"text-align: justify;\"><strong>&#8220;Aile hukuku geli\u015ftirdik, anlamad\u0131&#8230;&#8221;\u00a0<\/strong><\/p>\n<p style=\"text-align: justify;\">T\u00fcrkiye ile Suriye aras\u0131nda daha \u00f6nce bir aile hukuku geli\u015ftirdiklerini s\u00f6yleyen Erdo\u011fan, &#8220;Aile hukuku geli\u015ftirmemize ra\u011fmen anlamad\u0131, Suriye&#8217;nin ba\u015fkan\u0131&#8230;&#8221; diye konu\u015ftu.<\/p>\n<p style=\"text-align: justify;\">Esad&#8217;\u0131n din adamlar\u0131yla foto\u011fraf \u00e7ektirmesini de ele\u015ftiren Erdo\u011fan, &#8220;Al\u0131yor sar\u0131kl\u0131 hocay\u0131 onunla poz veriyor. Kimi kand\u0131racak? O \u00fclkedeki saf m\u00fcsl\u00fcman\u0131&#8221; dedi.<\/p>\n<p style=\"text-align: justify;\"><strong>&#8220;Terc\u00fcmeyi d\u00fczg\u00fcn yap\u0131n&#8221;\u00a0<\/strong><\/p>\n<p style=\"text-align: justify;\">Konu\u015fmas\u0131n\u0131n bu b\u00f6l\u00fcm\u00fcnde bir deyime yer veren ve terc\u00fcmenin d\u00fczg\u00fcn yap\u0131lmas\u0131n\u0131 isteyen Ba\u015fbakan Erdo\u011fan , &#8220;Dervi\u015flik olsayd\u0131 tac ile h\u0131rka, biz dahi al\u0131rd\u0131k otuza k\u0131rka&#8217;. Yani bizim dinimiz \u015fekil dini de\u011fil. As\u0131l olan imand\u0131r. As\u0131l olan inanc\u0131m\u0131z\u0131 ya\u015famakt\u0131r. Bar\u0131\u015f dini olan dinimizin men etti\u011fi ne varsa onu yap. Tankla, topla M\u00fcsl\u00fcmanlar\u0131 \u00f6ld\u00fcr. B\u00f6yle bir \u015fey yapamazs\u0131n, buna hakk\u0131n yok&#8221; \u015feklinde konu\u015ftu.<\/p>\n<p style=\"text-align: justify;\">Ba\u015fbakan Recep Tayyip Erdo\u011fan, &#8220;Bug\u00fcn t\u00fcm d\u00fcnyada ortaya \u00e7\u0131kan, M\u00fcsl\u00fcmanlara y\u00f6nelik olumsuz alg\u0131, alt\u0131n\u0131 \u00e7izerek ifade ediyorum, \u0130slam&#8217;\u0131n de\u011fil, \u0130slam&#8217;\u0131 yanl\u0131\u015f yorumlayan ve ya\u015famayan ki\u015filerin olu\u015fturdu\u011fu bir alg\u0131d\u0131r&#8221; diye konu\u015ftu.<\/p>\n<p style=\"text-align: justify;\"><a href=\"http:\/\/www.cnnturk.com\/2011\/turkiye\/11\/21\/erdogan.gun.gelecek.sen.de.gideceksin\/637534.0\/index.html\" target=\"_blank\">Kaynak : CNN T\u00dcRK<\/a><\/p>\n","protected":false},"excerpt":{"rendered":"<p style=\"text-align: center;\">\n<p style=\"text-align: justify;\">Diyanet \u0130\u015fleri Ba\u015fkanl\u0131\u011f\u0131&#8217;n\u0131n ev sahipli\u011finde yap\u0131lan &#8220;II. Afrika K\u0131tas\u0131 M\u00fcsl\u00fcman \u00dclke ve Topluluklar\u0131 Dini Liderler Zirvesi&#8221;nde konu\u015fan Ba\u015fbakan Recep Tayyip Erdo\u011fan, Esad rejimine d\u00f6n\u00fck mesajlar verdi. Erdo\u011fan, &#8220;Tanklarla, toplarla iktidar bir yere kadar. G\u00fcn gelecek sen de gideceksin&#8221; dedi. <\/p>\n","protected":false},"author":1,"featured_media":0,"comment_status":"open","ping_status":"open","sticky":false,"template":"","format":"standard","meta":{"footnotes":""},"categories":[105],"tags":[],"class_list":["post-42964","post","type-post","status-publish","format-standard","hentry","category-gundem","odd"],"_links":{"self":[{"href":"http:\/\/www.korhanyilmaz.com\/index.php?rest_route=\/wp\/v2\/posts\/42964","targetHints":{"allow":["GET"]}}],"collection":[{"href":"http:\/\/www.korhanyilmaz.com\/index.php?rest_route=\/wp\/v2\/posts"}],"about":[{"href":"http:\/\/www.korhanyilmaz.com\/index.php?rest_route=\/wp\/v2\/types\/post"}],"author":[{"embeddable":true,"href":"http:\/\/www.korhanyilmaz.com\/index.php?rest_route=\/wp\/v2\/users\/1"}],"replies":[{"embeddable":true,"href":"http:\/\/www.korhanyilmaz.com\/index.php?rest_route=%2Fwp%2Fv2%2Fcomments&post=42964"}],"version-history":[{"count":0,"href":"http:\/\/www.korhanyilmaz.com\/index.php?rest_route=\/wp\/v2\/posts\/42964\/revisions"}],"wp:attachment":[{"href":"http:\/\/www.korhanyilmaz.com\/index.php?rest_route=%2Fwp%2Fv2%2Fmedia&parent=42964"}],"wp:term":[{"taxonomy":"category","embeddable":true,"href":"http:\/\/www.korhanyilmaz.com\/index.php?rest_route=%2Fwp%2Fv2%2Fcategories&post=42964"},{"taxonomy":"post_tag","embeddable":true,"href":"http:\/\/www.korhanyilmaz.com\/index.php?rest_route=%2Fwp%2Fv2%2Ftags&post=42964"}],"curies":[{"name":"wp","href":"https:\/\/api.w.org\/{rel}","templated":true}]}}