{"id":42960,"date":"2011-11-21T12:45:40","date_gmt":"2011-11-21T10:45:40","guid":{"rendered":"http:\/\/www.korhanyilmaz.com\/?p=42960"},"modified":"2011-11-21T12:58:17","modified_gmt":"2011-11-21T10:58:17","slug":"eski-yargitay-uyesi-erdogan-yuce-divanda","status":"publish","type":"post","link":"http:\/\/www.korhanyilmaz.com\/?p=42960","title":{"rendered":"Eski Yarg\u0131tay \u00dcyesi Erdo\u011fan, Y\u00fcce Divan&#8217;da"},"content":{"rendered":"<p style=\"text-align: center;\"><a href=\"http:\/\/www.korhanyilmaz.com\/wp-content\/uploads\/2011\/11\/7190.jpg\"  class=\"lightview\"><img loading=\"lazy\" decoding=\"async\" class=\"aligncenter  wp-image-42961\" src=\"http:\/\/www.korhanyilmaz.com\/wp-content\/uploads\/2011\/11\/7190.jpg\" alt=\"\" width=\"276\" height=\"207\" \/><\/a><\/p>\n<p style=\"text-align: justify;\">Yarg\u0131daki r\u00fc\u015fvet iddialar\u0131na ili\u015fkin soru\u015fturmada ad\u0131 ge\u00e7en eski Yarg\u0131tay 6. Hukuk Dairesi Ba\u015fkan\u0131 Hasan Erdo\u011fan&#8217;\u0131n yarg\u0131lanmas\u0131na ba\u015fland\u0131.<\/p>\n<p style=\"text-align: justify;\">Ankara- Anayasa Mahkemesi heyetinin Y\u00fcce Divan olarak g\u00f6rev yapt\u0131\u011f\u0131 davan\u0131n ilk duru\u015fmas\u0131 saat 10.00&#8217;da ba\u015flad\u0131. Duru\u015fmaya, Erdo\u011fan ve avukat\u0131 B\u00fclent Acar ile m\u00fcdahil Ceyda Zeliha Erem ve avukatlar\u0131 kat\u0131l\u0131yor.\u00a0<!--more--><\/p>\n<p style=\"text-align: justify;\">Yarg\u0131lamada, iddia makam\u0131nda Yarg\u0131tay Cumhuriyet Ba\u015fsavc\u0131s\u0131 Hasan Erbil, Yarg\u0131tay Cumhuriyet savc\u0131lar\u0131 Mehmet Reis Koca ve Mehmet Be\u015fir G\u00fcven bulunuyor. Duru\u015fman\u0131n ba\u015f\u0131nda bas\u0131n mensuplar\u0131n\u0131n g\u00f6r\u00fcnt\u00fc almas\u0131na izin verildi.<\/p>\n<p style=\"text-align: justify;\">15 ki\u015filik Anayasa Mahkemesi heyetinin Y\u00fcce Divan olarak g\u00f6rev yapt\u0131\u011f\u0131 davada, ceza davas\u0131 prosed\u00fcr\u00fc izleniyor. \u0130lk duru\u015fmada san\u0131k ve avukatlar\u0131n\u0131n usule ili\u015fkin itirazlar\u0131 olursa \u00f6ncelikle bunlar de\u011ferlendirilecek.<\/p>\n<p style=\"text-align: justify;\">Eski Yarg\u0131tay 6. Hukuk Dairesi Ba\u015fkan\u0131 Hasan Erdo\u011fan, eylemine uyan 5237 say\u0131l\u0131 T\u00fcrk Ceza Kanunu&#8217;nun &#8221;r\u00fc\u015fvet&#8221; su\u00e7unu d\u00fczenleyen 252. maddesinin (1) ve (2) numaral\u0131 f\u0131kralar\u0131 uyar\u0131nca cezaland\u0131r\u0131lmas\u0131 ve hakk\u0131nda ayn\u0131 kanunun &#8221;belli haklar\u0131 kullanmaktan yoksun b\u0131rak\u0131lmay\u0131&#8221; d\u00fczenleyen 53. maddesinin uygulanmas\u0131 isteniyor.<\/p>\n<p style=\"text-align: justify;\">TCK&#8217;n\u0131n, &#8221;r\u00fc\u015fvet&#8221; su\u00e7unu d\u00fczenleyen 252. maddesinin birinci f\u0131kras\u0131, r\u00fc\u015fvet alan kamu g\u00f6revlisinin, 4 y\u0131ldan 12 y\u0131la kadar hapis cezas\u0131 ile cezaland\u0131r\u0131lmas\u0131n\u0131, ikinci f\u0131kras\u0131 ise r\u00fc\u015fvet alan veya bu konuda anla\u015fmaya varan ki\u015finin, yarg\u0131 g\u00f6revi yapan ki\u015fi olmas\u0131 halinde, birinci f\u0131kraya g\u00f6re verilecek cezan\u0131n \u00fc\u00e7te birden yar\u0131s\u0131na kadar art\u0131r\u0131lmas\u0131n\u0131 \u00f6ng\u00f6r\u00fcyor.<\/p>\n<p style=\"text-align: justify;\">\u0130stanbul D\u00fcnya Ticaret Merkezi ile CNR Fuarc\u0131l\u0131k aras\u0131ndaki bir davada r\u00fc\u015fvet verildi\u011fi iddialar\u0131yla ilgili ba\u015flat\u0131lan soru\u015fturmada ad\u0131 ge\u00e7en eski Yarg\u0131tay 6. Hukuk Dairesi Ba\u015fkan\u0131 Hasan Erdo\u011fan hakk\u0131ndaki soru\u015fturma, su\u00e7 tarihinde g\u00f6revi ba\u015f\u0131nda bulunmas\u0131 nedeniyle Yarg\u0131tayca y\u00fcr\u00fct\u00fclm\u00fc\u015f, Yarg\u0131tay Ba\u015fkanlar Kurulu, Erdo\u011fan&#8217;\u0131n Y\u00fcce Divan&#8217;da yarg\u0131lanmas\u0131na karar vermi\u015fti.<\/p>\n<p style=\"text-align: justify;\"><a href=\"http:\/\/www.cumhuriyet.com.tr\/?hn=294544\" target=\"_blank\">Kaynak : Cumhuriyet Haber Portal\u0131<\/a><\/p>\n","protected":false},"excerpt":{"rendered":"<p style=\"text-align: center;\">\n<p style=\"text-align: justify;\">Yarg\u0131daki r\u00fc\u015fvet iddialar\u0131na ili\u015fkin soru\u015fturmada ad\u0131 ge\u00e7en eski Yarg\u0131tay 6. Hukuk Dairesi Ba\u015fkan\u0131 Hasan Erdo\u011fan&#8217;\u0131n yarg\u0131lanmas\u0131na ba\u015fland\u0131.<\/p>\n<p style=\"text-align: justify;\">Ankara- Anayasa Mahkemesi heyetinin Y\u00fcce Divan olarak g\u00f6rev yapt\u0131\u011f\u0131 davan\u0131n ilk duru\u015fmas\u0131 saat 10.00&#8217;da ba\u015flad\u0131. Duru\u015fmaya, Erdo\u011fan ve avukat\u0131 B\u00fclent Acar ile m\u00fcdahil Ceyda Zeliha Erem ve avukatlar\u0131 kat\u0131l\u0131yor. <\/p>\n","protected":false},"author":1,"featured_media":0,"comment_status":"open","ping_status":"open","sticky":false,"template":"","format":"standard","meta":{"footnotes":""},"categories":[105],"tags":[],"class_list":["post-42960","post","type-post","status-publish","format-standard","hentry","category-gundem","odd"],"_links":{"self":[{"href":"http:\/\/www.korhanyilmaz.com\/index.php?rest_route=\/wp\/v2\/posts\/42960","targetHints":{"allow":["GET"]}}],"collection":[{"href":"http:\/\/www.korhanyilmaz.com\/index.php?rest_route=\/wp\/v2\/posts"}],"about":[{"href":"http:\/\/www.korhanyilmaz.com\/index.php?rest_route=\/wp\/v2\/types\/post"}],"author":[{"embeddable":true,"href":"http:\/\/www.korhanyilmaz.com\/index.php?rest_route=\/wp\/v2\/users\/1"}],"replies":[{"embeddable":true,"href":"http:\/\/www.korhanyilmaz.com\/index.php?rest_route=%2Fwp%2Fv2%2Fcomments&post=42960"}],"version-history":[{"count":0,"href":"http:\/\/www.korhanyilmaz.com\/index.php?rest_route=\/wp\/v2\/posts\/42960\/revisions"}],"wp:attachment":[{"href":"http:\/\/www.korhanyilmaz.com\/index.php?rest_route=%2Fwp%2Fv2%2Fmedia&parent=42960"}],"wp:term":[{"taxonomy":"category","embeddable":true,"href":"http:\/\/www.korhanyilmaz.com\/index.php?rest_route=%2Fwp%2Fv2%2Fcategories&post=42960"},{"taxonomy":"post_tag","embeddable":true,"href":"http:\/\/www.korhanyilmaz.com\/index.php?rest_route=%2Fwp%2Fv2%2Ftags&post=42960"}],"curies":[{"name":"wp","href":"https:\/\/api.w.org\/{rel}","templated":true}]}}