{"id":42937,"date":"2011-11-21T07:25:20","date_gmt":"2011-11-21T05:25:20","guid":{"rendered":"http:\/\/www.korhanyilmaz.com\/?p=42937"},"modified":"2011-11-21T09:06:52","modified_gmt":"2011-11-21T07:06:52","slug":"cemil-cicek-meclisi-ozellestiriyor","status":"publish","type":"post","link":"http:\/\/www.korhanyilmaz.com\/?p=42937","title":{"rendered":"Cemil \u00c7i\u00e7ek Meclis&#8217;i \u00f6zelle\u015ftiriyor"},"content":{"rendered":"<p style=\"text-align: center;\"><a href=\"http:\/\/www.korhanyilmaz.com\/wp-content\/uploads\/2011\/11\/7186.jpg\"  class=\"lightview\"><img loading=\"lazy\" decoding=\"async\" class=\"aligncenter  wp-image-42938\" src=\"http:\/\/www.korhanyilmaz.com\/wp-content\/uploads\/2011\/11\/7186.jpg\" alt=\"\" width=\"396\" height=\"180\" \/><\/a><\/p>\n<p style=\"text-align: justify;\">TBMM\u2019de 5 bin personel ve idari yap\u0131dan sorumlu olan Genel Sekreterlik g\u00f6revi \u00f6zelle\u015fiyor. Bu makama, \u00f6zel sekt\u00f6rden atama yap\u0131labilecek ve diplomatik pasaport verilecek.<\/p>\n<p style=\"text-align: justify;\">ANKARA- TBMM y\u00f6netimi de \u00f6zelle\u015fiyor. 5 bin personel ve idari yap\u0131dan sorumlu olan Meclis Genel sekreteri ve genel sekreter yard\u0131mc\u0131l\u0131\u011f\u0131 i\u00e7in, \u00fcniversite mezunu olma ve en az 12 y\u0131l kamu veya \u00f6zel sekt\u00f6rde \u00e7al\u0131\u015fma \u015fart\u0131 aranacak. B\u00f6ylelikle \u00f6zel sekt\u00f6rden de TBMM\u2019ye y\u00f6netici atanabilecek. Genel Sekretere diplomatik pasaport da verilecek.\u00a0<!--more--><\/p>\n<p style=\"text-align: justify;\">TBMM Plan B\u00fct\u00e7e Komisyonunda benimsenen idari te\u015fkilat kanun teklifi ile, Genel Sekreter, Genel Sekreter Yard\u0131mc\u0131s\u0131, Daire Ba\u015fkan\u0131 ve yard\u0131mc\u0131s\u0131, Hukuk M\u00fc\u015faviri, M\u00fcd\u00fcr, M\u00fcd\u00fcr Yard\u0131mc\u0131s\u0131, \u015eube M\u00fcd\u00fcr\u00fc, Saray M\u00fcd\u00fcr\u00fc ve M\u00fcd\u00fcr Yard\u0131mc\u0131s\u0131, Grup Ba\u015fkan\u0131, \u0130\u015fletme, Fabrika ve Personel m\u00fcd\u00fcrl\u00fckleri unvanl\u0131 kadrolarda bulunanlar\u0131n g\u00f6revleri sona erecek. Bu personel ayn\u0131 makamlara atanabilece\u011fi gibi farkl\u0131 alanlarda da g\u00f6revlendirilebilecek.<\/p>\n<p style=\"text-align: justify;\"><strong>ERKEN EMEKL\u0130L\u0130K<\/strong><\/p>\n<p style=\"text-align: justify;\">Emeklili\u011fi gelen personelden ya\u015f haddini beklemeden, kendi iste\u011fi ile ayr\u0131lanlara, fazla emekli ikramiyesi verilecek. TBMM\u2019de \u00fc\u00e7 y\u0131l daha \u00e7al\u0131\u015fma hakk\u0131 olanlara y\u00fczde 30, alt\u0131 y\u0131l olanlara y\u00fczde 40 ve alt\u0131 y\u0131ldan fazla olanlara ise y\u00fczde 50 oran\u0131nda fazla ikramiye \u00f6denecek. Bu hak, ge\u00e7ici personel ve 4-C stat\u00fcs\u00fcnde \u00e7al\u0131\u015fanlara da verilecek. TBMM\u2019de halen 5 bin 186 personel bulunuyor. Bu personelin bin 832\u2019sinin fazla oldu\u011fu belirlendi.<\/p>\n<p style=\"text-align: justify;\">TBMM Ba\u015fkan\u0131 ve Genel Sekretere a\u00e7\u0131ktan atama ile m\u00fc\u015favir alma olana\u011f\u0131 da tan\u0131yor. TBMM Ba\u015fkan\u0131na yard\u0131mc\u0131 olmak \u00fczere 5 ba\u015fkan ba\u015fm\u00fc\u015faviri, 15 ba\u015fkan m\u00fc\u015faviri ile 15 m\u00fc\u015favir atanabilecek. Meclis Genel Sekreteri de 15 m\u00fc\u015favir atayabilecek.<\/p>\n<p style=\"text-align: justify;\"><strong>ANKARA S\u00dcRG\u00dcN\u00dc<\/strong><\/p>\n<p style=\"text-align: justify;\">TBMM personelinden ihtiya\u00e7 duyulmayanlar, Ankara s\u0131n\u0131rlar\u0131 i\u00e7inde olmak \u00fczere, ba\u015fka kamu kurum ve kurulu\u015flar\u0131na atanabilecek. TBMM\u2019deki Ba\u015ftabiplik de Sa\u011fl\u0131k Bakanl\u0131\u011f\u0131&#8217;na devredilecek.<\/p>\n<p style=\"text-align: justify;\">Meclis\u2019te \u00f6zel bir g\u00fcvenlik birimi kurulmas\u0131ndan ise vazge\u00e7ildi. Askeri muhaf\u0131z taburu 1 Ocak 2015\u2019den itibaren kald\u0131r\u0131lacak, TBMM\u2019nin g\u00fcvenli\u011finden polis sorumlu olacak.<\/p>\n<p style=\"text-align: justify;\"><a href=\"http:\/\/www.gazeteport.com.tr\/haber\/63940\/cemil_cicek_meclisi_ozellestiriyor\" target=\"_blank\">Kaynak : GAZETEPORT<\/a><\/p>\n<p style=\"text-align: justify;\">\n","protected":false},"excerpt":{"rendered":"<p style=\"text-align: center;\">\n<p style=\"text-align: justify;\">TBMM\u2019de 5 bin personel ve idari yap\u0131dan sorumlu olan Genel Sekreterlik g\u00f6revi \u00f6zelle\u015fiyor. Bu makama, \u00f6zel sekt\u00f6rden atama yap\u0131labilecek ve diplomatik pasaport verilecek.<\/p>\n<p style=\"text-align: justify;\">ANKARA- TBMM y\u00f6netimi de \u00f6zelle\u015fiyor. 5 bin personel ve idari yap\u0131dan sorumlu olan Meclis Genel sekreteri ve genel sekreter yard\u0131mc\u0131l\u0131\u011f\u0131 i\u00e7in, \u00fcniversite mezunu olma ve <\/p>\n","protected":false},"author":1,"featured_media":0,"comment_status":"open","ping_status":"open","sticky":false,"template":"","format":"standard","meta":{"footnotes":""},"categories":[105],"tags":[],"class_list":["post-42937","post","type-post","status-publish","format-standard","hentry","category-gundem","odd"],"_links":{"self":[{"href":"http:\/\/www.korhanyilmaz.com\/index.php?rest_route=\/wp\/v2\/posts\/42937","targetHints":{"allow":["GET"]}}],"collection":[{"href":"http:\/\/www.korhanyilmaz.com\/index.php?rest_route=\/wp\/v2\/posts"}],"about":[{"href":"http:\/\/www.korhanyilmaz.com\/index.php?rest_route=\/wp\/v2\/types\/post"}],"author":[{"embeddable":true,"href":"http:\/\/www.korhanyilmaz.com\/index.php?rest_route=\/wp\/v2\/users\/1"}],"replies":[{"embeddable":true,"href":"http:\/\/www.korhanyilmaz.com\/index.php?rest_route=%2Fwp%2Fv2%2Fcomments&post=42937"}],"version-history":[{"count":0,"href":"http:\/\/www.korhanyilmaz.com\/index.php?rest_route=\/wp\/v2\/posts\/42937\/revisions"}],"wp:attachment":[{"href":"http:\/\/www.korhanyilmaz.com\/index.php?rest_route=%2Fwp%2Fv2%2Fmedia&parent=42937"}],"wp:term":[{"taxonomy":"category","embeddable":true,"href":"http:\/\/www.korhanyilmaz.com\/index.php?rest_route=%2Fwp%2Fv2%2Fcategories&post=42937"},{"taxonomy":"post_tag","embeddable":true,"href":"http:\/\/www.korhanyilmaz.com\/index.php?rest_route=%2Fwp%2Fv2%2Ftags&post=42937"}],"curies":[{"name":"wp","href":"https:\/\/api.w.org\/{rel}","templated":true}]}}