{"id":42932,"date":"2011-11-20T21:51:57","date_gmt":"2011-11-20T19:51:57","guid":{"rendered":"http:\/\/www.korhanyilmaz.com\/?p=42932"},"modified":"2011-11-21T08:25:36","modified_gmt":"2011-11-21T06:25:36","slug":"bahceli-almanyada","status":"publish","type":"post","link":"http:\/\/www.korhanyilmaz.com\/?p=42932","title":{"rendered":"Bah\u00e7eli Almanya&#8217;da"},"content":{"rendered":"<p style=\"text-align: center;\"><a href=\"http:\/\/www.korhanyilmaz.com\/wp-content\/uploads\/2011\/11\/7185.jpg\"  class=\"lightview\"><img loading=\"lazy\" decoding=\"async\" class=\"aligncenter  wp-image-42934\" src=\"http:\/\/www.korhanyilmaz.com\/wp-content\/uploads\/2011\/11\/7185.jpg\" alt=\"\" width=\"320\" height=\"220\" \/><\/a><\/p>\n<p style=\"text-align: justify;\">MHP Genel Ba\u015fkan\u0131 Devlet Bah\u00e7eli, Almanya&#8217;da ya\u015fayan T\u00fcrklere seslenerek, &#8220;Endi\u015fe etmeye gerek yok. Pani\u011fe kap\u0131lmaya gerek yok. Siz burada yaln\u0131z de\u011filsiniz, arkan\u0131zda koskoca T\u00fcrk milleti vard\u0131r&#8221; dedi.<\/p>\n<p style=\"text-align: justify;\">Almanya Demokratik \u00dclk\u00fcc\u00fc Dernekleri Federasyonu&#8217;na ba\u011fl\u0131 Dinslaken, M\u00fclheim An der Ruhr, Neuss ve Werl kentlerindeki \u00fclk\u00fcc\u00fc derneklerini ziyaret eden Bah\u00e7eli burada vatanda\u015flarla bir araya geldi.\u00a0<!--more--><\/p>\n<p style=\"text-align: justify;\">Bah\u00e7eli, ziyaretler esnas\u0131nda yapt\u0131\u011f\u0131 konu\u015fmada, Almanya&#8217;ya gurbete \u00e7\u0131kan vatanda\u015flar\u0131n \u00e7ocuklar\u0131n\u0131n r\u0131zk\u0131n\u0131 kazanmak amac\u0131yla buralara geldiklerini belirterek, dil bilmeden yol bilmeden \u00e7ok farkl\u0131 k\u00fclt\u00fcr\u00fc ya\u015fayan Almanya ba\u015fta olmak \u00fczere Avrupa&#8217;n\u0131n \u00e7e\u015fitli \u00fclkelerine g\u00f6\u00e7 edenlerin b\u00fcy\u00fck bir cesaret \u00f6rne\u011fi g\u00f6sterdiklerini ifade etti.<\/p>\n<p style=\"text-align: justify;\">Almanya&#8217;da 1961&#8217;den bu yana ya\u015fayan T\u00fcrklerin Alman ekonomisine y\u00fcksek katk\u0131lar\u0131 oldu\u011funu vurgulayan Bah\u00e7eli, Alman devletinin bir ger\u00e7e\u011fi unutmamas\u0131 gerekti\u011fini belirterek, \u015f\u00f6yle konu\u015ftu:<\/p>\n<p style=\"text-align: justify;\">&#8220;Almanya&#8217;n\u0131n bir Alman gibi mutluluk ve refah\u0131 i\u00e7in katk\u0131 sa\u011flayan bir vatanda\u015f toplulu\u011funa veya Almanya&#8217;da ya\u015fayan insanlar\u0131m\u0131z\u0131n can ve mal g\u00fcvenli\u011fi Alman h\u00fck\u00fcmetinin emanetinde olmal\u0131d\u0131r. Son g\u00fcnlerde bas\u0131n yoluyla takip etti\u011fimiz olaylarda Alman h\u00fck\u00fcmetinden, devletinden iste\u011fimiz bu cinayetleri kim i\u015fliyorsa bunlar\u0131n bir an evvel \u00e7\u0131kart\u0131l\u0131p adalete teslime edilmesidir. E\u011fer bu cinayetlerin arkas\u0131nda birtak\u0131m \u0131rk\u00e7\u0131 anlay\u0131\u015ftan kaynaklanan veya beslenen ve ge\u00e7mi\u015fte Almanya&#8217;ya b\u00fcy\u00fck ac\u0131lar ya\u015fatan bir zihniyet varsa bu zihniyetin k\u00f6k\u00fc kaz\u0131nmal\u0131d\u0131r. Bu zihniyeti besleyen tahrik eden k\u0131\u015fk\u0131rtan Alman g\u00f6revliler varsa bunlar\u0131 da gere\u011finin yap\u0131lmas\u0131 gereklidir.&#8221;<\/p>\n<p style=\"text-align: justify;\">Almanya&#8217;da son d\u00f6nemde ya\u015fanan olaylar\u0131n hafife al\u0131nmamas\u0131 uyar\u0131s\u0131n\u0131 yapan MHP lideri, &#8220;Burada ya\u015fayan insanlar\u0131m\u0131z\u0131n ba\u015f\u0131ndan neler ge\u00e7ti\u011fini biliyoruz. D\u00fckkan\u0131 a\u00e7m\u0131\u015f \u00e7oluk \u00e7ocu\u011funun r\u0131zk\u0131n\u0131 kazanmaya gayret g\u00f6sterirken bir cinayete kurban olmu\u015f vatanda\u015f\u0131m\u0131z\u0131n hakk\u0131n\u0131 Alman h\u00fck\u00fcmeti arayabilmelidir. T\u00fcrkiye Cumhuriyeti h\u00fck\u00fcmeti bunun pe\u015fini b\u0131rakmamal\u0131d\u0131r. Bu konuda d\u0131\u015fi\u015fleri yetkililerimiz \u00fcst\u00fcn gayretlerle diyaloglarla bu canileri bulman\u0131n \u00e7abas\u0131 i\u00e7indeler. Endi\u015fe etmeye gerek yok. Pani\u011fe kap\u0131lmaya gerek yok. Siz burada yaln\u0131z de\u011filsiniz, arkan\u0131zda koskoca T\u00fcrk milleti vard\u0131r&#8221; dedi.<\/p>\n<p style=\"text-align: justify;\"><strong>&#8220;Tunus, M\u0131s\u0131r, Libya, \u015fimdi de Suriye&#8230;&#8221;\u00a0<\/strong><\/p>\n<p style=\"text-align: justify;\">Bah\u00e7eli, Almanya Demokratik \u00dclk\u00fcc\u00fc T\u00fcrk Dernekleri Federasyonu&#8217;na ba\u011fl\u0131 Werl K\u00fclt\u00fcr Oca\u011f\u0131&#8217;n\u0131 ziyaretinde yapt\u0131\u011f\u0131 konu\u015fmada ise T\u00fcrkiye&#8217;nin etraf\u0131n\u0131n ate\u015f \u00e7emberi oldu\u011funu belirterek, &#8220;Arap Bahar\u0131 ad\u0131 alt\u0131nda y\u0131llar \u00f6nce emperyalist g\u00fc\u00e7lerin olu\u015fturmu\u015f oldu\u011fu y\u00f6netimler halk hareketleri ad\u0131 alt\u0131nda yine k\u00fcresel g\u00fc\u00e7ler taraf\u0131ndan de\u011fi\u015ftirilerek s\u00f6zde ileri demokrasi anlay\u0131\u015f\u0131yla yeni y\u00f6netim olu\u015fturmaya \u00e7al\u0131\u015f\u0131yorlar. Bunu Tunus, M\u0131s\u0131r, Libya&#8217;da g\u00f6rd\u00fck ve \u015fimdi Suriye&#8217;de g\u00f6rmekteyiz. Burada T\u00fcrkiye h\u00fck\u00fcmetinin ortaya koydu\u011fu tav\u0131r \u00e7ok \u00f6nemli&#8221; dedi.<\/p>\n<p style=\"text-align: justify;\">T\u00fcrkiye&#8217;nin g\u00f6revlendirilmi\u015f bir h\u00fck\u00fcmetmi\u015f gibi davranmas\u0131n\u0131 kabul etmediklerini a\u00e7\u0131klayan Bah\u00e7eli, Fransa D\u0131\u015fi\u015fleri Bakan\u0131n\u0131n T\u00fcrkiye&#8217;ye gelerek Suriye&#8217;deki muhaliflerin destek\u00e7isi olacaklar\u0131n\u0131 ifade etti\u011fini ve h\u00fck\u00fcmetin de muhaliflere oran\u0131n yeniden siyasi \u015fekillenmesine katk\u0131 sa\u011flayacak toplant\u0131larda katk\u0131 sa\u011flayaca\u011f\u0131n\u0131 belirtti\u011fini kaydetti.<\/p>\n<p style=\"text-align: justify;\"><strong>&#8220;Ate\u015fle oynamamak laz\u0131m&#8221;\u00a0<\/strong><\/p>\n<p style=\"text-align: justify;\">MHP lideri, T\u00fcrkiye&#8217;de yar\u0131n b\u00f6l\u00fcc\u00fc ter\u00f6r \u00f6rg\u00fct\u00fc PKK&#8217;n\u0131n siyasalla\u015fma s\u00fcreciyle beraber Hakkari, \u015e\u0131rnak ve Diyarbak\u0131r&#8217;da baz\u0131 \u00f6rnekleri g\u00f6r\u00fclen ayaklanma provalar\u0131n\u0131n halk hareketine d\u00f6n\u00fc\u015fmesi halinde arkas\u0131ndan Fransa&#8217;n\u0131n da &#8220;Suriye&#8217;de halk hareketlerini beraber destekledik. Ama sizde de \u015fimdi ayn\u0131 \u015fey g\u00f6r\u00fcn\u00fcyor. Sizdeki halk hareketlerine destek verece\u011fiz&#8221; dedi\u011finde Ba\u015fbakan Recep Tayyip Erdo\u011fan&#8217;\u0131n ne cevap verece\u011fini merak etti\u011fini, onun i\u00e7in de ate\u015fle oynamamak laz\u0131m geldi\u011fini vurgulad\u0131.<\/p>\n<p style=\"text-align: justify;\">Suriye&#8217;deki geli\u015fmeleri yak\u0131ndan izlediklerini vurgulayan Bah\u00e7eli, &#8220;Kom\u015fu bir \u00fclke olarak oran\u0131n istikrar i\u00e7inde toprak b\u00fct\u00fcnl\u00fc\u011f\u00fc i\u00e7erisinde kendi sorunlar\u0131n\u0131n kendileri taraf\u0131ndan \u00e7\u00f6z\u00fclmesinden yanay\u0131z. Ama oraya k\u00fcresel g\u00fc\u00e7lerin bir kolu gibi dalarak oradan baz\u0131 sonu\u00e7lar, onlar lehine temin etmeye \u00e7al\u0131\u015fmak, yar\u0131n o kolu terse \u00e7evirip T\u00fcrkiye&#8217;ye dald\u0131rd\u0131klar\u0131 vakit ne yapaca\u011f\u0131z. Buras\u0131 \u00e7ok dikkat edilmesi gereken bir konudur. MHP olarak bu konuda hassasiyetimizi s\u00fcrd\u00fcr\u00fcyoruz, bu gibi konularda hi\u00e7bir \u015fekilde taviz vermemizin m\u00fcmk\u00fcn olmayaca\u011f\u0131n\u0131 ifade ediyoruz. Bu \u015fekilde m\u00fccadelemize devam edece\u011fiz&#8221; diye konu\u015ftu.<\/p>\n<p style=\"text-align: justify;\">T\u00fcrkiye&#8217;de en \u00f6nemli g\u00fcndem maddesinin anayasa oldu\u011funa i\u015faret eden MHP Genel Ba\u015fkan\u0131, MHP&#8217;nin anayasa de\u011fi\u015fikli\u011fini k\u0131rm\u0131z\u0131 \u00e7izgiler a\u00e7\u0131s\u0131ndan koruyarak de\u011fi\u015fikli\u011fe katk\u0131 sa\u011flamay\u0131 d\u00fc\u015f\u00fcnmekte oldu\u011funu s\u00f6yledi.<\/p>\n<p style=\"text-align: justify;\">Bah\u00e7eli, de\u011fi\u015fiklik kapsam\u0131nda bir\u00e7ok siyasi partinin topluma s\u00f6z\u00fc oldu\u011funu belirtti ve s\u00f6z gelimi MHP&#8217;nin 1982 anayasas\u0131n\u0131n baz\u0131 maddelerinin toplumun de\u011fi\u015fim \u015fartlar\u0131na kar\u015f\u0131l\u0131k veremedi\u011fi i\u00e7in de\u011fi\u015ftirilmesinde yarar g\u00f6rd\u00fc\u011f\u00fcn\u00fc kaydetti.<\/p>\n<p style=\"text-align: justify;\">Yeni anayasa tart\u0131\u015fmas\u0131n\u0131n T\u00fcrkiye&#8217;de ba\u015flat\u0131ld\u0131\u011f\u0131n\u0131 ifade eden Bah\u00e7eli, TBMM&#8217;de uzla\u015fma komisyonlar\u0131n\u0131n olu\u015fturularak faaliyetlerin ortaya konuldu\u011funu anlatt\u0131.<\/p>\n<p style=\"text-align: justify;\"><strong>&#8220;Anayasan\u0131n ilk 3 maddesi k\u0131rm\u0131z\u0131 \u00e7izgimiz&#8221;\u00a0<\/strong><\/p>\n<p style=\"text-align: justify;\">MHP olarak anayasa maddelerinde de\u011fi\u015fiklik yap\u0131lmas\u0131 konusunda gerekenlerin neler oldu\u011funu kamuoyuyla payla\u015ft\u0131klar\u0131n\u0131 ifade eden Bah\u00e7eli, \u015f\u00f6yle devam etti:<\/p>\n<p style=\"text-align: justify;\">&#8220;Ama k\u0131rm\u0131z\u0131 \u00e7izgiler olarak ifade etti\u011fimiz maddeler var, onlar\u0131n korunmas\u0131ndan yanay\u0131z, bu da anayasan\u0131n ilk 3 maddesidir. T\u00fcrkiye milli \u00fcniter yap\u0131s\u0131n\u0131 koruyarak toprak b\u00fct\u00fcnl\u00fc\u011f\u00fcn\u00fc koruyarak resmi dili T\u00fcrk\u00e7eyi koruyarak T\u00fcrkiye Cumhuriyeti devletinin varl\u0131\u011f\u0131n\u0131 ebed m\u00fcddet k\u0131lma y\u00f6n\u00fcnde herhangi bir engelin \u00e7\u0131kart\u0131lmamas\u0131 y\u00f6n\u00fcnde gayret g\u00f6stermektedir. Baz\u0131lar\u0131 anayasa de\u011fi\u015fikli\u011fini istismar ederek, etnik temelli b\u00f6l\u00fcc\u00fc ter\u00f6r\u00fc \u00f6rg\u00fct\u00fcn\u00fcn siyasalla\u015fma s\u00fcreciyle sonucu olabilecek bir hukuki zemini demokratik a\u00e7\u0131l\u0131m z\u0131rvas\u0131 ad\u0131 alt\u0131nda ortaya sunmaya \u00e7al\u0131\u015fmaktad\u0131r. Biz demokratik a\u00e7\u0131l\u0131m\u0131 bir y\u0131k\u0131m projesi olarak g\u00f6r\u00fcyor ve kar\u015f\u0131 \u00e7\u0131k\u0131yoruz. \u00d6n\u00fcm\u00fczdeki g\u00fcnlerde bu T\u00fcrkiye&#8217;nin g\u00fcndemini me\u015fgul edecektir. MHP genel se\u00e7imler \u00f6ncesindeki anayasa de\u011fi\u015fikli\u011fi s\u0131ras\u0131nda ortaya koymu\u015f oldu\u011fu kararl\u0131 duru\u015funu bu k\u0131rm\u0131z\u0131 \u00e7izgiler a\u00e7\u0131s\u0131ndan koruyarak de\u011fi\u015fikli\u011fe katk\u0131 sa\u011flamay\u0131 d\u00fc\u015f\u00fcnmektedir. Yeni bir T\u00fcrkiye yeni bir anayasa diye T\u00fcrkiye&#8217;yi \u00e7ok k\u00fclt\u00fcrl\u00fc \u00e7ok milletli bir ortak devlet konumuna getirmeyi ama\u00e7layan zihniyete kesin olarak kar\u015f\u0131 olmam\u0131z gerekti\u011fini s\u00f6yl\u00fcyoruz.&#8221;<\/p>\n<p style=\"text-align: justify;\"><a href=\"http:\/\/www.cnnturk.com\/2011\/turkiye\/11\/20\/bahceli.almanyada\/637461.0\/index.html\" target=\"_blank\">Kaynak : CNN T\u00dcRK<\/a><\/p>\n","protected":false},"excerpt":{"rendered":"<p style=\"text-align: center;\">\n<p style=\"text-align: justify;\">MHP Genel Ba\u015fkan\u0131 Devlet Bah\u00e7eli, Almanya&#8217;da ya\u015fayan T\u00fcrklere seslenerek, &#8220;Endi\u015fe etmeye gerek yok. Pani\u011fe kap\u0131lmaya gerek yok. Siz burada yaln\u0131z de\u011filsiniz, arkan\u0131zda koskoca T\u00fcrk milleti vard\u0131r&#8221; dedi.<\/p>\n<p style=\"text-align: justify;\">Almanya Demokratik \u00dclk\u00fcc\u00fc Dernekleri Federasyonu&#8217;na ba\u011fl\u0131 Dinslaken, M\u00fclheim An der Ruhr, Neuss ve Werl kentlerindeki \u00fclk\u00fcc\u00fc derneklerini ziyaret eden Bah\u00e7eli burada <\/p>\n","protected":false},"author":1,"featured_media":0,"comment_status":"open","ping_status":"open","sticky":false,"template":"","format":"standard","meta":{"footnotes":""},"categories":[105],"tags":[],"class_list":["post-42932","post","type-post","status-publish","format-standard","hentry","category-gundem","odd"],"_links":{"self":[{"href":"http:\/\/www.korhanyilmaz.com\/index.php?rest_route=\/wp\/v2\/posts\/42932","targetHints":{"allow":["GET"]}}],"collection":[{"href":"http:\/\/www.korhanyilmaz.com\/index.php?rest_route=\/wp\/v2\/posts"}],"about":[{"href":"http:\/\/www.korhanyilmaz.com\/index.php?rest_route=\/wp\/v2\/types\/post"}],"author":[{"embeddable":true,"href":"http:\/\/www.korhanyilmaz.com\/index.php?rest_route=\/wp\/v2\/users\/1"}],"replies":[{"embeddable":true,"href":"http:\/\/www.korhanyilmaz.com\/index.php?rest_route=%2Fwp%2Fv2%2Fcomments&post=42932"}],"version-history":[{"count":0,"href":"http:\/\/www.korhanyilmaz.com\/index.php?rest_route=\/wp\/v2\/posts\/42932\/revisions"}],"wp:attachment":[{"href":"http:\/\/www.korhanyilmaz.com\/index.php?rest_route=%2Fwp%2Fv2%2Fmedia&parent=42932"}],"wp:term":[{"taxonomy":"category","embeddable":true,"href":"http:\/\/www.korhanyilmaz.com\/index.php?rest_route=%2Fwp%2Fv2%2Fcategories&post=42932"},{"taxonomy":"post_tag","embeddable":true,"href":"http:\/\/www.korhanyilmaz.com\/index.php?rest_route=%2Fwp%2Fv2%2Ftags&post=42932"}],"curies":[{"name":"wp","href":"https:\/\/api.w.org\/{rel}","templated":true}]}}