{"id":4291,"date":"2009-03-01T11:59:49","date_gmt":"2009-03-01T09:59:49","guid":{"rendered":"http:\/\/www.korhanyilmaz.com\/?p=4291"},"modified":"2009-03-01T11:59:49","modified_gmt":"2009-03-01T09:59:49","slug":"ben-sarp%e2%80%99in-kacmasini-istedim-ama-o-yurtdisini-sevmedi","status":"publish","type":"post","link":"http:\/\/www.korhanyilmaz.com\/?p=4291","title":{"rendered":"Ben Sarp\u2019\u0131n ka\u00e7mas\u0131n\u0131 istedim ama o yurtd\u0131\u015f\u0131n\u0131 sevmedi"},"content":{"rendered":"<p style=\"text-align: center;\">\n<p style=\"text-align: center;\"><img loading=\"lazy\" decoding=\"async\" class=\"aligncenter size-full wp-image-4293\" title=\" Nur S\u00fcrer\" src=\"http:\/\/www.korhanyilmaz.com\/wp-content\/uploads\/2009\/03\/7995_3583_27022009_6.jpg\" alt=\" Nur S\u00fcrer\" width=\"350\" height=\"225\" \/><\/p>\n<p style=\"text-align: justify;\"><strong>Hukuken hayli tuhaf olan bu yarg\u0131lanma s\u00fcrecini Sarp Kuray&#8217;\u0131n oyuncu e\u015fi Nur S\u00fcrer&#8217;den \u00e7arp\u0131c\u0131 a\u00e7\u0131klamalar<\/strong><\/p>\n<p style=\"text-align: justify;\">1970&#8217;lerin h\u0131zl\u0131, bug\u00fcnlerin &#8216;son devrimci&#8217;si Sarp Kuray 15 y\u0131ld\u0131r yarg\u0131land\u0131\u011f\u0131 davadan m\u00fcebbet hapse mahkum oldu. 5 \u015eubat 2009&#8217;da 64 ya\u015f\u0131ndayken infaz yasas\u0131na g\u00f6re 7 y\u0131l 4 ay yatmak \u00fczere cezaevine girdi.<br \/>\n16 Haziran \u00d6rg\u00fct\u00fc&#8217;n\u00fc kurma ve \u00f6rg\u00fct ad\u0131na \u00f6ld\u00fcrme emri verme su\u00e7lamalar\u0131yla ceza alan Kuray, ayn\u0131 davadan ayn\u0131 mahkeme \u00fcyeleri taraf\u0131ndan 5 kez farkl\u0131 cezaya \u00e7arpt\u0131r\u0131ld\u0131. Hukuken hayli tuhaf olan bu yarg\u0131lanma s\u00fcrecini Sarp Kuray&#8217;\u0131n oyuncu e\u015fi Nur S\u00fcrer&#8217;le konu\u015ftum&#8230;\n<\/p>\n<p style=\"text-align: justify;\"><strong>E\u015finiz Sarp Kuray 64 ya\u015f\u0131nda, 15 y\u0131ld\u0131r devam eden davas\u0131 sonunda sonu\u00e7land\u0131 ve 7 y\u0131l 4 ay ceza ald\u0131. Siz, nas\u0131ls\u0131n\u0131z?<\/strong><\/p>\n<p style=\"text-align: justify;\">\u00c7ok k\u00f6t\u00fcy\u00fcm \u015fu g\u00fcnlerde tabii. Biz birbirine \u00e7ok a\u015f\u0131k bir kar\u0131 kocay\u0131z. U\u00e7aktan \u00e7ok korkar Sarp, o y\u00fczden ben bir inerim u\u00e7aktan, say\u0131s\u0131z mesaj b\u0131rakm\u0131\u015f olur telefonuma. \u015eimdi iniyorum, a\u00e7\u0131yorum telefonumu hi\u00e7 ses yok. \u00d6nce \u015fa\u015f\u0131r\u0131yorum, sonra hat\u0131rl\u0131yorum nerede oldu\u011funu, \u00fcz\u00fcl\u00fcyorum. \u00c7al\u0131\u015fma odas\u0131na girmek bile istemiyorum art\u0131k. <!--more-->Evdeki herkese &#8220;Sarp&#8230;&#8221; diye sesleniyorum. \u0130nsan\u0131n bir taraf\u0131 eksik kal\u0131yor. Hayat\u0131mda b\u00fcy\u00fck bo\u015fluk oldu. S\u00fcrekli arard\u0131. \u015eimdi bak\u0131yorum telefonumda, hi\u00e7 arama yok. \u015eu anda k\u00f6t\u00fc bir d\u00f6nem ge\u00e7iriyorum. &#8220;\u00c7ok uzun y\u0131llar birlikte olamayaca\u011f\u0131z&#8221; diye d\u00fc\u015f\u00fcn\u00fcnce \u00e7ok k\u00f6t\u00fc oluyorum. Sarp cezaevinde. Dolay\u0131s\u0131yla benim \u00e7al\u0131\u015fmam laz\u0131m. Arkamda 10 ki\u015fi var ge\u00e7indirmem gereken. B\u00f6yle bir y\u00fck\u00fc bana b\u0131rakt\u0131\u011f\u0131 i\u00e7in, benden ayr\u0131ld\u0131\u011f\u0131 i\u00e7in \u00fczg\u00fcn. O\u011flum \u00dcmit&#8217;ten ayr\u0131l\u0131rken \u00e7ok a\u011flad\u0131. &#8220;O\u011flum, \u00e7ok iyi bir evlat oldun bana&#8221; dedi. Biz evlendi\u011fimizde 7 ya\u015f\u0131ndayd\u0131 \u00dcmit. \u00c7ok iyi bir dostluk ili\u015fkileri var. O\u011fluma \u00e7ok iyi bir babal\u0131k yapt\u0131. Bunlara \u00fcz\u00fcl\u00fcyorum.<\/p>\n<p style=\"text-align: justify;\"><strong>O beni havaalan\u0131na b\u0131rak\u0131rken polisler evi basm\u0131\u015f<\/strong><\/p>\n<p style=\"text-align: justify;\"><strong>Ceza 5 Kas\u0131m&#8217;da onayland\u0131. 5 \u015eubat&#8217;ta da teslim oldu Sarp Bey. \u00c7ok rastlanan bir tutuklanma bi\u00e7imi de\u011fil bu&#8230; Ka\u00e7\u0131yor muydu, izin mi vermi\u015flerdi?<\/strong><br \/>\n5 Kas\u0131m&#8217;da tutuklanma karar\u0131 \u00e7\u0131kt\u0131\u011f\u0131nda Sarp mahkemeye gitmemi\u015fti. Gitse direkt oradan g\u00f6t\u00fcreceklerdi herhalde. Aran\u0131yordu. Sarp&#8217;\u0131n adresi Ankara&#8217;da. Bu evde kayd\u0131 g\u00f6z\u00fckm\u00fcyordu. Ama oyuncu olmamdan dolay\u0131 san\u0131r\u0131m evi bulmu\u015flar ve bast\u0131lar Sarp&#8217;\u0131 almak i\u00e7in. Yoktuk evde. Bulsalar o g\u00fcn alacaklard\u0131. Ama bir de Sarp&#8217;\u0131n k\u0131z\u0131 hasta, bir y\u0131ld\u0131r tedavi oluyordu, san\u0131r\u0131m biraz da bunun i\u00e7in m\u00fcsamaha g\u00f6sterdiler. 33 ya\u015f\u0131ndaki b\u00fcy\u00fck k\u0131z\u0131 l\u00f6semi. K\u0131z karde\u015finden ilik ald\u0131. Tutmas\u0131 m\u00fcthi\u015f bir \u015fey. Gayet iyi \u015fu anda. Bir y\u0131ld\u0131r bu durum da \u00e7ok h\u0131rpal\u0131yordu Sarp&#8217;\u0131. G\u00f6rd\u00fc\u011f\u00fcm en iyi babalardan biridir Sarp.<br \/>\nEvin bas\u0131ld\u0131\u011f\u0131 g\u00fcn Asi&#8217;nin \u00e7ekimleri i\u00e7in yine Antakya&#8217;ya gidiyordum, havaalan\u0131na g\u00f6t\u00fcrmek istedi beni. U\u00e7aktan \u00e7ok korkar dedim ya. Ben de &#8220;Koca kad\u0131n\u0131m, b\u0131rak kendim giderim&#8221; dedim ama gelmeyi \u00e7ok istedi. Biz \u00e7\u0131kt\u0131ktan \u00fc\u00e7-d\u00f6rt saat sonra eve d\u00f6rt polis gelmi\u015f. \u0130yi ki yoktuk, \u00e7\u00fcnk\u00fc \u00fc\u00e7-d\u00f6rt g\u00fcn \u0130stanbul&#8217;da tutacaklard\u0131. Sarp Sincan Cezaevi&#8217;ni istemi\u015fti. Buralar\u0131n mahkum profili \u00e7ok bozuk diye istemedi. Bir g\u00f6revliyle Ankara&#8217;ya g\u00f6nderilecekti. Kendisinin teslim olmas\u0131 \u00e7ok daha uygundu. Arkada\u015flar\u0131na veda edip teslim oldu. \u00c7ok ba\u011fl\u0131d\u0131r onlara.\n<\/p>\n<p style=\"text-align: justify;\"><strong>Sarp&#8217;\u0131n durumu Fransa&#8217;y\u0131 aya\u011fa kald\u0131ran Dreyfuss davas\u0131 gibi&#8230;<\/strong><\/p>\n<p style=\"text-align: justify;\"><strong>Siz nas\u0131l vedala\u015ft\u0131n\u0131z?<\/strong><br \/>\nBen yoktum Sarp teslim olurken, Antakya&#8217;dayd\u0131m, \u00e7al\u0131\u015f\u0131yordum. Ankara&#8217;ya gidemedim. Setteydim, saat 11.00&#8217;de telefon a\u00e7t\u0131, sesi \u00e7ok \u00fczg\u00fcn geliyordu. Sonra savc\u0131n\u0131n yan\u0131ndan bir kez daha arad\u0131. Vedala\u015ft\u0131k. Bir sonraki cuma da g\u00f6r\u00fc\u015fe gittim. G\u00f6r\u00fc\u015f g\u00fcn\u00fc asl\u0131nda \u00e7ar\u015fambalar\u0131. Ama haziran ay\u0131na kadar bana cuma g\u00fcn\u00fc i\u00e7in izin verdiler. Savc\u0131ya &#8220;\u00c7ar\u015famba gelmem demek 100 ki\u015filik bir ekibi yat\u0131rmam demek&#8221; dedim. &#8220;Kocama orada yaln\u0131z olmad\u0131\u011f\u0131n\u0131 g\u00f6stermek istiyorum&#8221; dedim.<\/p>\n<p style=\"text-align: justify;\"><strong>Evlendi\u011finizden beri yarg\u0131lan\u0131yor mu? Hep &#8220;Ya i\u00e7eri girerse&#8221; korkusuyla m\u0131 ya\u015fad\u0131n\u0131z?<\/strong><br \/>\nT\u00fcrkiye&#8217;ye d\u00f6nd\u00fc\u011f\u00fcnden beri yarg\u0131lan\u0131yor. Kendisi T\u00fcrkiye&#8217;ye d\u00f6nm\u00fc\u015f. Oralarda da yapamam\u0131\u015f. Mutsuz olmu\u015f. O y\u00fczden \u015fimdi ka\u00e7may\u0131 hi\u00e7 d\u00fc\u015f\u00fcnmedi. 12 Eyl\u00fcl darbesinin 1 ay \u00f6ncesinde yurtd\u0131\u015f\u0131na gitmi\u015f. Hi\u00e7 ho\u015flanmam\u0131\u015f. A\u00e7\u0131k\u00e7as\u0131 ben ka\u00e7mas\u0131n\u0131 isterdim. Bu ya\u015fta bir adam\u0131n i\u00e7eride olmas\u0131n\u0131 istemezdim. Ama gitmeyi se\u00e7medi. 13 y\u0131l ya\u015fam\u0131\u015f Fransa&#8217;da, tek bir kelime dillerini \u00f6\u011frenememi\u015f. Hi\u00e7 mutlu olamam\u0131\u015f. Vatanda\u015fl\u0131k bile istememi\u015f.<\/p>\n<p style=\"text-align: justify;\"><strong>Bu davan\u0131n 15 y\u0131l bir karara ba\u011flanamamas\u0131 ya da zaman a\u015f\u0131m\u0131na u\u011framamas\u0131 hukuk\u00e7ular\u0131 \u015fa\u015f\u0131rt\u0131yor mu, yoksa normal miymi\u015f bu durum?<\/strong><br \/>\nTutuksuz yarg\u0131lanmak \u00fczere b\u0131rakmasalar belki \u015fimdi \u00e7oktan cezas\u0131n\u0131 \u00e7ekip \u00e7\u0131kacakt\u0131. Ne cezas\u0131 varsa? 15 y\u0131l tepesinde &#8220;Seni her an i\u00e7eri sokaca\u011f\u0131z&#8221; gibi bir tehditle bir adam\u0131 ya\u015fatmak, sonunda 64 ya\u015f\u0131nda karara ba\u011flay\u0131p i\u00e7eri almak, ancak T\u00fcrkiye gibi tah\u0131lla beslenen bir \u00fclkede olur. Dreyfuss davas\u0131 gibi. Nas\u0131l Fransa&#8217;n\u0131n bir vicdan sorunu olduysa o dava, 64 ya\u015f\u0131nda Sarp&#8217;\u0131n ceza almas\u0131 T\u00fcrkiye&#8217;nin vicdan problemidir. Ama bug\u00fcne kadar bir-iki k\u00f6\u015fe yazar\u0131 hari\u00e7, hi\u00e7 kimse yazar\u0131 bununla ilgili yazmad\u0131. Ortak bir vicdan olmas\u0131 gerekiyor. Hukuk facias\u0131 yani.\n<\/p>\n<p style=\"text-align: justify;\"><strong>&#8216;Muhbir&#8217; haberi y\u00fcz\u00fcnden Cumhuriyet&#8217;i aray\u0131p k\u00fcfrettim<\/strong><\/p>\n<p style=\"text-align: justify;\"><strong>E\u015finiz 16 Haziran \u00d6rg\u00fct\u00fc&#8217;n\u00fcn lideri ve eylemlerinin sorumlusu olmakla su\u00e7lan\u0131yor san\u0131r\u0131m, de\u011fil mi?<\/strong><br \/>\nBir siyasi \u00f6rg\u00fct var. 16 Haziran \u00f6rg\u00fct\u00fc. Sarp Fransa&#8217;dayken \u00f6rg\u00fct burada birtak\u0131m eylemler yapm\u0131\u015f. \u00d6rg\u00fct\u00fcn lideri olarak Sarp&#8217;\u0131 sorumlu tutuyorlar. 400 sayfal\u0131k telefon konu\u015fma kayd\u0131 var, Sarp&#8217;la konu\u015fuyorlar. Verilmi\u015f emir memir hi\u00e7 yok. Bu konu\u015fmalar\u0131 delil say\u0131yorlar. Ergenekon&#8217;da telefon konu\u015fmas\u0131 delil olmaz diye bas bas ba\u011f\u0131r\u0131yorlar. \u00d6rg\u00fct de Sarp&#8217;la konu\u015fup, kaydedip polise veriyor, nas\u0131l \u00f6rg\u00fct lideriyse Sarp. 1992 y\u0131l\u0131nda fes etti \u00f6rg\u00fct\u00fc, 1993 y\u0131l\u0131nda da T\u00fcrkiye&#8217;ye d\u00f6nd\u00fc zaten.<\/p>\n<p style=\"text-align: justify;\"><strong>Ve \u00f6nce yarg\u0131lan\u0131p beraat etti&#8230;<\/strong><br \/>\n\u0130lk \u00f6nce beraat verdiler. Ayn\u0131 mahkeme, ayn\u0131 \u00fcyeler, ayn\u0131 dosya, ayn\u0131 adam. Mahkemenin ad\u0131 de\u011fi\u015fti sadece. DGM idi A\u011f\u0131r Ceza oldu. Beraat verdiklerinde Cumhuriyet gazetesi ba\u015fta olmak \u00fczere &#8220;Arkada\u015flar\u0131n\u0131n ismini verdi\u011fi i\u00e7in beraat etti&#8221; dediler. Bu Sarp&#8217;a \u00e7ok koydu. Ben de a\u00e7t\u0131m k\u00fcf\u00fcr ettim Cumhuriyet&#8217;e. &#8220;Yaz\u0131lar\u0131n\u0131z tapu kadastro gibidir zaten, utanm\u0131yor musunuz?&#8221; dedim. Yarg\u0131tay&#8217;dan d\u00f6nd\u00fc dava. &#8220;Bu adam \u00f6rg\u00fct lideridir&#8221; diye. Bu sefer 168&#8217;den ceza verdiler. Silahl\u0131 \u00e7ete olu\u015fturmaktan. Tekrar bozdu Yarg\u0131tay. Bu sefer a\u011f\u0131rla\u015ft\u0131r\u0131lm\u0131\u015f m\u00fcebbet verdiler. Ondan sonra 146&#8217;dan 15 y\u0131l ve 7 y\u0131l 4 aya d\u00fc\u015ft\u00fc. Ama daha \u00f6nce yatt\u0131klar\u0131 say\u0131lmad\u0131 daha. Onlar say\u0131lacak. Fakat kendisi de bilmiyor bunu, avukat\u0131m\u0131z gidip dosyalar\u0131 ara\u015ft\u0131r\u0131p yatt\u0131\u011f\u0131 zaman\u0131 bulacak&#8230; Ya b\u00f6yle bir \u015fey olur mu? A\u0130HM&#8217;e ba\u015fvuraca\u011f\u0131z. \u00c7\u00fcnk\u00fc ayn\u0131 davadan be\u015f ayr\u0131 karar var. Mahkeme komedi gibi. Birilerinden emir al\u0131yor gibi, mahkeme cezay\u0131 s\u00fcrekli artt\u0131r\u0131yor. 5 y\u0131ll\u0131k yarg\u0131lamalar\u0131 bozuyorlarm\u0131\u015f. Burada 15 y\u0131ll\u0131k dava var. Bir karar veremiyor musunuz ya? \u00c7ok umutluyum ben oradan. 15 y\u0131lda bir karar veremiyorsan\u0131z sizin zek\u00e2 sorununuz var bence, A\u0130HM de bunu farkedecek. 5 farkl\u0131 ceza olur mu?<br \/>\n<strong><br \/>\nMad\u0131mak&#8217;\u0131 yakanlar zaman a\u015f\u0131m\u0131na u\u011frad\u0131, Sarp i\u00e7eride<\/strong><\/p>\n<p style=\"text-align: justify;\"><strong>\u0130lk beraat karar\u0131 \u00e7\u0131kt\u0131\u011f\u0131nda, arkas\u0131ndan b\u00f6yle \u015feyler olabilece\u011fini d\u00fc\u015f\u00fcnm\u00fc\u015f m\u00fcyd\u00fcn\u00fcz, yoksa inanm\u0131\u015f m\u0131yd\u0131n\u0131z?<\/strong><br \/>\nBeraat tabii ki umutland\u0131rm\u0131\u015ft\u0131. Beraat etti\u011fini d\u00fc\u015f\u00fcnm\u00fc\u015ft\u00fck. Sarp T\u00fcrkiye&#8217;ye d\u00f6nd\u00fc\u011f\u00fc zaman ba\u015fka d\u00f6nenler de oldu, Kom\u00fcnist Partisi&#8217;nin genel sekreterleri hari\u00e7, onlar da sekiz ay kald\u0131 san\u0131r\u0131m i\u00e7eride&#8230; Dikkat edin i\u00e7eride kimse kalmad\u0131. Adamlar \u00e7at\u0131r \u00e7at\u0131r 37 ki\u015fi yakt\u0131, zaman a\u015f\u0131m\u0131na u\u011frad\u0131 dava, iki ay \u00f6nce. Bu dava 15 y\u0131ld\u0131r var.<\/p>\n<p style=\"text-align: justify;\"><strong>Birlikte yarg\u0131land\u0131klar\u0131 ne ceza ald\u0131?<\/strong><br \/>\nBirlikte yarg\u0131land\u0131\u011f\u0131 kimse yok ki.<\/p>\n<p style=\"text-align: justify;\"><strong>Neden? \u00d6rg\u00fct, \u00e7ete su\u00e7lamas\u0131 de\u011fil mi bu?<\/strong><br \/>\nTek ba\u015f\u0131na yarg\u0131lanmas\u0131 ba\u015fl\u0131 ba\u015f\u0131na ay\u0131p. &#8220;Devletle anla\u015ft\u0131&#8221; diyorlar, bu ne bi\u00e7im anla\u015fma yahu. \u00d6rg\u00fct\u00fcn ba\u015fka \u00fcyesi yok mu yani? Kim bilir neredeler, ortaya da \u00e7\u0131km\u0131yorlar \u015fimdi. Tek ba\u015f\u0131na yarg\u0131lan\u0131yor. Bu tuhaf de\u011fil mi? Tek ba\u015f\u0131na m\u0131 ne yapt\u0131 diyorlarsa? \u0130brahim \u015eahin&#8217;in a\u00e7\u0131klamalar\u0131 \u00fczerine Genelkurmay&#8217;dan cevap geldi &#8220;700 bin ki\u015filik g\u00fc\u00e7 300 ki\u015fiye mi kald\u0131.&#8221; Halbuki o \u00fc\u00e7y\u00fczler ne f\u0131r\u0131ldaklar d\u00f6nd\u00fcrd\u00fc bu \u00fclkede de.<br \/>\n<strong>Ona &#8216;mafya&#8217; dedikleri d\u00f6nem ev sahibinden ka\u00e7\u0131yorduk<\/strong>\n<\/p>\n<p style=\"text-align: justify;\"><strong>Bu ceza Sarp Bey&#8217;in tabiriyle bir sus emri mi?<\/strong><\/p>\n<p style=\"text-align: justify;\">Ben son Yarg\u0131tay karar\u0131 bozdu\u011funda bitecek zannetmi\u015ftim, &#8220;Art\u0131k almazlar herhalde, bu adamlar bu kadar da e\u015fek de\u011fil ya&#8221; diye d\u00fc\u015f\u00fcnm\u00fc\u015ft\u00fcm. Almay\u0131 b\u0131rak, m\u00fcebbet hapse mahkum ettiler adam\u0131. Bir \u015fey de\u011fi\u015fti. Yani Sarp birilerini rahats\u0131z etti. Her \u015feyden \u015f\u00fcpheleniyorum. &#8220;SHP&#8217;de legal siyasete ba\u015flayaca\u011f\u0131m&#8221; dedi 1 sene \u00f6nce. \u015ei\u015fli il\u00e7eye girdi. Sevgiyle kabul ettiler. Son zamanlarda en mutlu oldu\u011fu \u015fey orada vakit ge\u00e7irmekti. SHP i\u00e7inde bir gelece\u011fi vard\u0131. Bundan rahats\u0131z olanlar da oldu. Sarp karizmatik adamd\u0131r. Ezilmeden yan\u0131nda durmak zordur. Ba\u015fkalar\u0131 Sarp&#8217;a demediklerini b\u0131rakmam\u0131\u015ft\u0131. Mafyadan tut bilmem neye kadar.<\/p>\n<p style=\"text-align: justify;\"><strong>Kimler mafya dedi?<\/strong><br \/>\nMafya dedikleri d\u00f6nem biz be\u015f ayd\u0131r kiram\u0131z\u0131 veremiyorduk. Oyuncuyum, i\u015f yapam\u0131yorum. Evin arkas\u0131ndaki duvardan atlay\u0131p gidiyorum, ev sahibini g\u00f6rmeyeyim diye. &#8220;Ke\u015fke mafya olsayd\u0131n&#8221; demi\u015ftim bir g\u00fcn, \u00e7ocu\u011fumun okul taksidini veremiyordum. \u00c7ok k\u00f6t\u00fc g\u00fcnler ge\u00e7irdik ekonomik olarak. \u0130ki y\u0131l \u00e7ok b\u00fcy\u00fck s\u0131k\u0131nt\u0131lar ya\u015fad\u0131k. Mafya diyenler herhalde Sarp&#8217;la beraberdi ki o i\u015flerde, bu kadar iyi biliyorlar.\n<\/p>\n<p style=\"text-align: justify;\"><strong>14 \u015eubat&#8217;ta a\u00e7\u0131k g\u00f6r\u00fc\u015f yapt\u0131lar<\/strong><\/p>\n<p style=\"text-align: justify;\">Sevgililer G\u00fcn\u00fc&#8217;yd\u00fc. A\u00e7\u0131k g\u00f6r\u00fc\u015fte bir saat konu\u015ftuk. Hemen ellerini tuttum. Ku\u015f gibi bekliyordu beni. Mahsundu. Yan\u0131m\u0131zda adamlar var. Ben de y\u00fcksek sesle konu\u015fan bir kad\u0131n\u0131m. Protokol de bilmem. Yap\u0131m anar\u015fist. \u00c7ocuklu\u011fumdan beri b\u00f6yleyim. Y\u00fcksek sesle ba\u015flad\u0131m, bir ara adamlara bakt\u0131m, sonra k\u00fc\u00e7\u00fcleyim dedim ama konu\u015famad\u0131k, \u00f6yle bak\u0131\u015ft\u0131k. &#8220;Arkada\u015flar\u0131n selam\u0131 var&#8221; dedim, ilk \u00f6nce bunu s\u00f6yledim&#8230; Sonra tekrar &#8220;Arkada\u015flar\u0131n selam\u0131 var&#8221; dedim. Sonra yava\u015f yava\u015f a\u00e7\u0131ld\u0131k. Sonra bitti zaten. Sar\u0131ld\u0131k. &#8220;Seni seviyorum. Seni burada asla yaln\u0131z b\u0131rakmayaca\u011f\u0131m&#8221; dedim. Kocaman adam \u00f6yle arkas\u0131n\u0131 d\u00f6nd\u00fc. giderken arkas\u0131n\u0131 d\u00f6n\u00fcp bakmad\u0131. D\u0131\u015far\u0131 \u00e7\u0131k\u0131nca \u00e7ok k\u00f6t\u00fc oldum. Normalde cam arkas\u0131ndan telefonla g\u00f6r\u00fc\u015f\u00fcyoruz. G\u00fc\u00e7l\u00fc bir yap\u0131s\u0131 vard\u0131r Sarp&#8217;\u0131n. Birlikte \u00e7\u0131kacakm\u0131\u015f\u0131z gibi bir duygu geldi ama &#8220;G\u00f6r\u00fc\u015f bitti&#8221; diye ba\u011f\u0131rd\u0131lar, tek ba\u015f\u0131na uzad\u0131 gitti.<\/p>\n<p style=\"text-align: justify;\"><strong>Cezaevinde elektrik paras\u0131n\u0131 bile mahkum \u00f6d\u00fcyor<\/strong><\/p>\n<p style=\"text-align: justify;\">Benim erkek karde\u015fim 12 Eyl\u00fcl d\u00f6nemi i\u00e7erdeydi, o zamanlar daha rahatt\u0131 her \u015fey. Yemek g\u00f6t\u00fcr\u00fcyordunuz. S\u0131radan bir arama yaparlard\u0131. \u015eimdi \u00fczerinde deri varsa giremiyorsun, normal palto olacak. Her \u015fey ticaret olmu\u015f. Televizyon sat\u0131yorlar, 37 ekran. 55 ekran yasak. Elektrik sayac\u0131 h\u00fccrenin \u00f6n\u00fcnde, imzalay\u0131p al\u0131yorsun, elektrik paras\u0131 \u00f6d\u00fcyor mahkum. 50 lira gibi bir \u015feymi\u015f. Ben de dalga ge\u00e7tim &#8220;At\u00f6lyelerde tak\u0131 m\u0131 yapars\u0131n, ne yapars\u0131n, kazan \u00f6de elektri\u011fini&#8221; diye. 5 kitap izni var. Yiyecek g\u00f6t\u00fcremiyorsunuz. Tesbih vermi\u015ftim, ta\u015f diye almad\u0131lar, mika olacakm\u0131\u015f. \u00c7ok feci bir yer. Ye\u015fil, mavi, lacivert k\u0131yafet olarak yasak. 2 pantolon, 3 g\u00f6mlek, 2 kazak, 1 e\u015fofman, 1 normal ayakkab\u0131, spor ayakkab\u0131, i\u00e7 \u00e7ama\u015f\u0131r\u0131, \u00e7orap istedi\u011fin kadar. \u0130\u00e7eride bir gardrop olu\u015fturmana, kitapl\u0131k olu\u015fturmana izin vermiyor.<\/p>\n<p style=\"text-align: justify;\"><strong>F tipi rezalet bir \u015fey<\/strong><\/p>\n<p style=\"text-align: justify;\">Ablas\u0131 \u00e7ar\u015fambalar\u0131 mutlaka ziyarete gidiyor. Yaln\u0131z kal\u0131yor \u015fu anda. Bir ay sonra ortak kullan\u0131m alanlar\u0131ndan falan yararlanacak. Bir ay yaln\u0131z tutuyorlarm\u0131\u015f. Bu ne, hi\u00e7 anlamad\u0131m. Bu korku ne? Bakacaklarm\u0131\u015f. Di\u011ferleri de siyasi su\u00e7lu. Herhalde o y\u00fczden. O yaln\u0131zla\u015ft\u0131rma politikas\u0131n\u0131n ne oldu\u011funu \u00e7ok iyi biliyorum. F tipi \u00fczerine \u00e7al\u0131\u015fmalar\u0131m oldu. \u015eu anda en b\u00fcy\u00fck derdim tek ba\u015f\u0131na olmas\u0131 Sarp&#8217;\u0131n. Bir psikolog, bir hukuk\u00e7u, bir de biri kim bilmiyorum onlar karar veriyormu\u015f ne zaman di\u011fer gruplarla biraraya gelebilece\u011fine. K\u00fc\u00e7\u00fck bir bah\u00e7esi varm\u0131\u015f, oraya \u00e7\u0131k\u0131p i\u00e7eri giriyor.<br \/>\n<strong><br \/>\nSarp g\u00fc\u00e7l\u00fc ve duygusal bir adamd\u0131r<\/strong>\n<\/p>\n<p style=\"text-align: justify;\">G\u00fc\u00e7l\u00fc bir adamd\u0131r ama g\u00fc\u00e7 konusunda ben de ondan a\u015fa\u011f\u0131 kalmam yani. \u015eiiri olan bir adamd\u0131r Sarp. Sinirli, \u00f6fkeli g\u00f6z\u00fck\u00fcr ama tan\u0131d\u0131ktan sonra bay\u0131l\u0131r herkes. Yumu\u015fak, esprili, kadife gibi ne\u015feli, entelekt\u00fcel bir adamd\u0131r. Duygusald\u0131r. Mektuplar yazar. Bir s\u00fcr\u00fc mektubu var elimde. Ben mektup yazamam, her hafta gidece\u011fim. Telefon hakk\u0131 var. Konu\u015faca\u011f\u0131z. 94 y\u0131l\u0131nda evlendik. Gen\u00e7lik y\u0131llar\u0131mdan tan\u0131yordum. \u0130smi o d\u00f6nem i\u00e7in farkl\u0131yd\u0131, yak\u0131\u015f\u0131kl\u0131yd\u0131. B\u00fct\u00fcn k\u0131zlar bay\u0131l\u0131rd\u0131 Sarp&#8217;a. Sarp&#8217;a da s\u00f6ylemi\u015ftim bunu, &#8220;Evlenip o\u011flum olursa ad\u0131n\u0131 Sarp koyaca\u011f\u0131m&#8221; derdim. Halil Erg\u00fcn&#8217;\u00fcn se\u00e7im b\u00fcrosunda tan\u0131\u015ft\u0131k. Her \u015feyi saklad\u0131 benden. Evli oldu\u011funu s\u00f6ylemedi, &#8220;Bek\u00e2r\u0131m&#8221; demi\u015fti. \u00d6nceleri hayat\u0131n\u0131n zor oldu\u011funu farketmedim. Her \u015fey sonra ba\u015flad\u0131.<\/p>\n<p style=\"text-align: justify;\"><strong>Devlet \u00f6zellikle intikam al\u0131yor diye d\u00fc\u015f\u00fcn\u00fcyorum<\/strong><\/p>\n<p style=\"text-align: justify;\"><strong>Eski solcu arkada\u015flar\u0131na k\u0131rg\u0131n oldu\u011funu okumu\u015ftum.<\/strong><br \/>\n68&#8217;liler Derne\u011fi&#8217;nden Sarp&#8217;\u0131 att\u0131lar. Bu onu \u00e7ok \u00fczd\u00fc. Ben de deliriyorum buna &#8220;Kim bu pa\u00e7ozlar ya, atarlarsa ats\u0131nlar&#8221; diyorum. Kim kalm\u0131\u015f ki 68&#8217;li. Denizler yok, K\u0131z\u0131ldere&#8217;de \u00f6tekiler \u00f6lm\u00fc\u015f, beriki as\u0131lm\u0131\u015f, bir Sarp var. Do\u011fu Perin\u00e7ek imza veriyor Sarp&#8217;\u0131 atmak i\u00e7in, o nerede \u015fimdi? Bu adamlar\u0131n hepsi Sarp&#8217;dan rahats\u0131zd\u0131. Hi\u00e7birine g\u00fcvenim yok. Sarp ilk T\u00fcrkiye&#8217;ye geldi\u011finde her \u015fey iyiydi. Sonra de\u011fi\u015fti. Sarp&#8217;la birlikte g\u00f6z\u00fckmekten, konu\u015fmaktan ka\u00e7\u0131nd\u0131lar, bu ay\u0131pm\u0131\u015f gibi yaln\u0131z b\u0131rakt\u0131lar adam\u0131. Benim arkada\u015flar\u0131m solculardan \u00e7ok daha etik davranm\u0131\u015flard\u0131r Sarp&#8217;a.<\/p>\n<p style=\"text-align: justify;\"><strong>Sarp Kuray bir r\u00f6portaj\u0131nda &#8220;K\u00fcrt meselesiyle ilgili s\u00f6yledi\u011fim \u015feylere dayand\u0131\u011f\u0131n\u0131 d\u00fc\u015f\u00fcyorum bu mahkumiyetin&#8221; demi\u015f. <\/strong><br \/>\nDevlet \u00f6zellikle intikam al\u0131yor diye d\u00fc\u015f\u00fcn\u00fcyorum. Genelkurmay&#8217;a \u00e7ok fazla y\u00fckleniyordu. Askerlikten at\u0131lma Sarp biliyorsunuz. O umutlu, emin olun i\u00e7eriden \u00e7ok daha g\u00fc\u00e7l\u00fc \u00e7\u0131kacak. Bu \u00fclkede hukuk var, adalet yok. H\u00fck\u00fcmeti su\u00e7lam\u0131yorum Sarp&#8217;\u0131n karar\u0131nda.\n<\/p>\n<p style=\"text-align: justify;\"><span style=\"color: #888888;\">Kaynak : Sanem ALTAN\u00a0 \/\u00a0 Vatan Gazetesi<\/span><\/p>\n","protected":false},"excerpt":{"rendered":"<p style=\"text-align: center;\">\n<p style=\"text-align: center;\">\n<p style=\"text-align: justify;\">Hukuken hayli tuhaf olan bu yarg\u0131lanma s\u00fcrecini Sarp Kuray&#8217;\u0131n oyuncu e\u015fi Nur S\u00fcrer&#8217;den \u00e7arp\u0131c\u0131 a\u00e7\u0131klamalar<\/p>\n<p style=\"text-align: justify;\">1970&#8217;lerin h\u0131zl\u0131, bug\u00fcnlerin &#8216;son devrimci&#8217;si Sarp Kuray 15 y\u0131ld\u0131r yarg\u0131land\u0131\u011f\u0131 davadan m\u00fcebbet hapse mahkum oldu. 5 \u015eubat 2009&#8217;da 64 ya\u015f\u0131ndayken infaz yasas\u0131na g\u00f6re 7 y\u0131l 4 ay yatmak \u00fczere cezaevine <\/p>\n","protected":false},"author":1,"featured_media":0,"comment_status":"open","ping_status":"closed","sticky":false,"template":"","format":"standard","meta":{"footnotes":""},"categories":[7],"tags":[],"class_list":["post-4291","post","type-post","status-publish","format-standard","hentry","category-ekonomi","odd"],"_links":{"self":[{"href":"http:\/\/www.korhanyilmaz.com\/index.php?rest_route=\/wp\/v2\/posts\/4291","targetHints":{"allow":["GET"]}}],"collection":[{"href":"http:\/\/www.korhanyilmaz.com\/index.php?rest_route=\/wp\/v2\/posts"}],"about":[{"href":"http:\/\/www.korhanyilmaz.com\/index.php?rest_route=\/wp\/v2\/types\/post"}],"author":[{"embeddable":true,"href":"http:\/\/www.korhanyilmaz.com\/index.php?rest_route=\/wp\/v2\/users\/1"}],"replies":[{"embeddable":true,"href":"http:\/\/www.korhanyilmaz.com\/index.php?rest_route=%2Fwp%2Fv2%2Fcomments&post=4291"}],"version-history":[{"count":0,"href":"http:\/\/www.korhanyilmaz.com\/index.php?rest_route=\/wp\/v2\/posts\/4291\/revisions"}],"wp:attachment":[{"href":"http:\/\/www.korhanyilmaz.com\/index.php?rest_route=%2Fwp%2Fv2%2Fmedia&parent=4291"}],"wp:term":[{"taxonomy":"category","embeddable":true,"href":"http:\/\/www.korhanyilmaz.com\/index.php?rest_route=%2Fwp%2Fv2%2Fcategories&post=4291"},{"taxonomy":"post_tag","embeddable":true,"href":"http:\/\/www.korhanyilmaz.com\/index.php?rest_route=%2Fwp%2Fv2%2Ftags&post=4291"}],"curies":[{"name":"wp","href":"https:\/\/api.w.org\/{rel}","templated":true}]}}