{"id":42909,"date":"2011-11-19T16:47:58","date_gmt":"2011-11-19T14:47:58","guid":{"rendered":"http:\/\/www.korhanyilmaz.com\/?p=42909"},"modified":"2011-11-20T23:47:20","modified_gmt":"2011-11-20T21:47:20","slug":"milli-takim-cemaate-emanet","status":"publish","type":"post","link":"http:\/\/www.korhanyilmaz.com\/?p=42909","title":{"rendered":"Milli Tak\u0131m cemaate emanet"},"content":{"rendered":"<p style=\"text-align: justify;\"><a href=\"http:\/\/www.korhanyilmaz.com\/wp-content\/uploads\/2011\/11\/7182.jpg\"  class=\"lightview\"><img loading=\"lazy\" decoding=\"async\" class=\"aligncenter size-full wp-image-42910\" title=\"\" src=\"http:\/\/www.korhanyilmaz.com\/wp-content\/uploads\/2011\/11\/7182.jpg\" alt=\"\" width=\"313\" height=\"196\" \/><\/a><\/p>\n<p style=\"text-align: justify;\">Nihayet muratlar\u0131na erdiler.<\/p>\n<p style=\"text-align: justify;\">Bir-iki y\u0131ll\u0131k projeydi; futbol federasyonunu tam ellerine ge\u00e7iremedikleri i\u00e7in ba\u015far\u0131l\u0131 olam\u0131yorlard\u0131.<\/p>\n<p style=\"text-align: justify;\">\u015eimdi ba\u015fard\u0131lar.<\/p>\n<p style=\"text-align: justify;\">\u00d6nce, B\u00fcy\u00fck\u015fehir Belediye Spor\u2019un y\u00f6neticisini futbol federasyonu 2. ba\u015fkan\u0131 yapt\u0131lar.<\/p>\n<p style=\"text-align: justify;\">Ard\u0131ndan B\u00fcy\u00fck\u015fehir Belediye Spor\u2019un teknik direkt\u00f6r\u00fc Abdullah Avc\u0131\u2019y\u0131 milli tak\u0131m\u0131n \u201cpatronu\u201d yapt\u0131lar.\u00a0<!--more--><\/p>\n<p style=\"text-align: justify;\">Diyebilirsiniz ki:<\/p>\n<p style=\"text-align: justify;\">Mustafa Denizli niye de\u011fil?<\/p>\n<p style=\"text-align: justify;\">Ersun Yanal niye de\u011fil?<\/p>\n<p style=\"text-align: justify;\">\u00d6yle ya hem kul\u00fcp hem milli tak\u0131m deneyimleri var. Niye olmad\u0131klar\u0131 belli de\u011fil mi?<\/p>\n<p style=\"text-align: justify;\">Onlar yerine, birinci ligin s\u0131radan bir tak\u0131m\u0131n\u0131n, uluslararas\u0131 tecr\u00fcbesi olmayan Abdullah Avc\u0131 getirildi.<\/p>\n<p style=\"text-align: justify;\">A.Avc\u0131\u2019n\u0131n ad\u0131 daha \u00f6nce de milli tak\u0131m i\u00e7in ge\u00e7ti. Cemaat\u00e7i oldu\u011fu medyaya yans\u0131d\u0131.<\/p>\n<p style=\"text-align: justify;\">Evet&#8230;<\/p>\n<p style=\"text-align: justify;\">T\u00fcrkiye\u2019de h\u0131zl\u0131 bir d\u00f6n\u00fc\u015f\u00fcm ya\u015fan\u0131yor.<\/p>\n<p style=\"text-align: justify;\">Futbol\u2019da, milli tak\u0131m da bundan \u201cnasibini\u201d al\u0131yor&#8230;<\/p>\n<p style=\"text-align: justify;\"><a href=\"http:\/\/www.odatv.com\/n.php?n=milli-takim-cemaate-emanet--1911111200\" target=\"_blank\">Kaynak : Odatv.com<\/a><\/p>\n","protected":false},"excerpt":{"rendered":"<p style=\"text-align: justify;\">\n<p style=\"text-align: justify;\">Nihayet muratlar\u0131na erdiler.<\/p>\n<p style=\"text-align: justify;\">Bir-iki y\u0131ll\u0131k projeydi; futbol federasyonunu tam ellerine ge\u00e7iremedikleri i\u00e7in ba\u015far\u0131l\u0131 olam\u0131yorlard\u0131.<\/p>\n<p style=\"text-align: justify;\">\u015eimdi ba\u015fard\u0131lar.<\/p>\n<p style=\"text-align: justify;\">\u00d6nce, B\u00fcy\u00fck\u015fehir Belediye Spor\u2019un y\u00f6neticisini futbol federasyonu 2. ba\u015fkan\u0131 yapt\u0131lar.<\/p>\n<p style=\"text-align: justify;\">Ard\u0131ndan B\u00fcy\u00fck\u015fehir Belediye Spor\u2019un teknik direkt\u00f6r\u00fc Abdullah Avc\u0131\u2019y\u0131 milli tak\u0131m\u0131n \u201cpatronu\u201d yapt\u0131lar. <\/p>\n","protected":false},"author":1,"featured_media":0,"comment_status":"open","ping_status":"open","sticky":false,"template":"","format":"standard","meta":{"footnotes":""},"categories":[105,42],"tags":[],"class_list":["post-42909","post","type-post","status-publish","format-standard","hentry","category-gundem","category-spor","odd"],"_links":{"self":[{"href":"http:\/\/www.korhanyilmaz.com\/index.php?rest_route=\/wp\/v2\/posts\/42909","targetHints":{"allow":["GET"]}}],"collection":[{"href":"http:\/\/www.korhanyilmaz.com\/index.php?rest_route=\/wp\/v2\/posts"}],"about":[{"href":"http:\/\/www.korhanyilmaz.com\/index.php?rest_route=\/wp\/v2\/types\/post"}],"author":[{"embeddable":true,"href":"http:\/\/www.korhanyilmaz.com\/index.php?rest_route=\/wp\/v2\/users\/1"}],"replies":[{"embeddable":true,"href":"http:\/\/www.korhanyilmaz.com\/index.php?rest_route=%2Fwp%2Fv2%2Fcomments&post=42909"}],"version-history":[{"count":0,"href":"http:\/\/www.korhanyilmaz.com\/index.php?rest_route=\/wp\/v2\/posts\/42909\/revisions"}],"wp:attachment":[{"href":"http:\/\/www.korhanyilmaz.com\/index.php?rest_route=%2Fwp%2Fv2%2Fmedia&parent=42909"}],"wp:term":[{"taxonomy":"category","embeddable":true,"href":"http:\/\/www.korhanyilmaz.com\/index.php?rest_route=%2Fwp%2Fv2%2Fcategories&post=42909"},{"taxonomy":"post_tag","embeddable":true,"href":"http:\/\/www.korhanyilmaz.com\/index.php?rest_route=%2Fwp%2Fv2%2Ftags&post=42909"}],"curies":[{"name":"wp","href":"https:\/\/api.w.org\/{rel}","templated":true}]}}