{"id":42896,"date":"2011-11-20T12:42:35","date_gmt":"2011-11-20T10:42:35","guid":{"rendered":"http:\/\/www.korhanyilmaz.com\/?p=42896"},"modified":"2011-11-20T21:19:26","modified_gmt":"2011-11-20T19:19:26","slug":"unu-turkiyeyi-asti","status":"publish","type":"post","link":"http:\/\/www.korhanyilmaz.com\/?p=42896","title":{"rendered":"\u00dcn\u00fc T\u00fcrkiye&#8217;yi a\u015ft\u0131"},"content":{"rendered":"<p style=\"text-align: center;\"><a href=\"http:\/\/www.korhanyilmaz.com\/wp-content\/uploads\/2011\/11\/7180.jpg\"  class=\"lightview\"><img loading=\"lazy\" decoding=\"async\" class=\"aligncenter  wp-image-42897\" src=\"http:\/\/www.korhanyilmaz.com\/wp-content\/uploads\/2011\/11\/7180.jpg\" alt=\"\" width=\"420\" height=\"210\" \/><\/a><\/p>\n<p style=\"text-align: justify;\">\u2019Tek teker imam\u2019 lakab\u0131yla tan\u0131nan imam Tar\u0131k Balk\u0131\u2019n\u0131n \u00fcn\u00fc \u00fclke s\u0131n\u0131rlar\u0131n\u0131 a\u015ft\u0131.<\/p>\n<p style=\"text-align: justify;\">G\u0130Y\u0130M ve ya\u015fam tarz\u0131 ile dikkatleri \u00e7eken, motosikletiyle yapt\u0131\u011f\u0131 hareketler nedeniyle \u2019Tek teker imam\u2019 lakab\u0131yla tan\u0131nan imam Tar\u0131k Balk\u0131\u2019n\u0131n \u00fcn\u00fc \u00fclke s\u0131n\u0131rlar\u0131n\u0131 a\u015ft\u0131. Fransa\u2019n\u0131n \u2019Canal +\u2019 televizyonu ekibi, Balk\u0131\u2019n\u0131n g\u00f6rev yapt\u0131\u011f\u0131 Mu\u011fla\u2019n\u0131n Bodrum \u0130l\u00e7esi\u2019ne gelerek, gen\u00e7 imamla r\u00f6portaj yapt\u0131. \u00dc\u00e7 g\u00fcn s\u00fcren \u00e7ekimlerde imam Tr\u0131k Balk\u0131, yapt\u0131\u011f\u0131 g\u00f6steri ve ya\u015fam\u0131yla Frans\u0131z televizyoncular\u0131 \u015fa\u015f\u0131rtt\u0131.\u00a0<!--more--><\/p>\n<p style=\"text-align: justify;\">Mu\u011fla\u2019n\u0131n Dalaman \u0130l\u00e7esi Kap\u0131karg\u0131n K\u00f6y\u00fc\u2019nde g\u00f6rev yapt\u0131\u011f\u0131 s\u0131rada, motosikletleri ve ya\u015fam tarz\u0131 nedeniyle k\u00f6yl\u00fclerle aras\u0131 a\u00e7\u0131lan ve bask\u0131lara maruz kald\u0131\u011f\u0131n\u0131 s\u00f6yleyerek istifa eden imam Balk\u0131, ge\u00e7en a\u011fustos ay\u0131nda Bodrum\u2019un Yal\u0131kavak Beldesi G\u00f6k\u00e7ebel mahallesi Yemi\u015f Camisi\u2019nde g\u00f6reve ba\u015flad\u0131. Kulland\u0131\u011f\u0131, 40 bin lira de\u011ferindeki son model, 1000 cc.\u2019lik, 130 beygir g\u00fcc\u00fcndeki Kawasaki marka motosikleti ile 200 kilometre h\u0131zla giderken yapt\u0131\u011f\u0131 inan\u0131lmaz g\u00f6sterilerle g\u00f6renleri \u015fa\u015fk\u0131na \u00e7eviren \u2019Tek teker imam\u2019 Tar\u0131k Balk\u0131, k\u0131sa s\u00fcrede Bodrumlular\u0131n sevgisini kazand\u0131.<\/p>\n<p style=\"text-align: justify;\">\u0130mam Tar\u0131k Balk\u0131\u2019n\u0131n \u00fcn\u00fc yurtd\u0131\u015f\u0131na ta\u015ft\u0131 ve Fransa\u2019n\u0131n \u2019Canal +\u2019 (Canal Plus) televizyon ekibi de \u2019Yeni Ka\u015fifler ve Ya\u015famlar\u0131\u2019 belgeselinde, imam Tar\u0131k Balk\u0131\u2019n\u0131n hayat\u0131na yer vermek i\u00e7in Bodrum\u2019a geldi. Rehber Anna Anlaver, Frans\u0131zlar\u0131n \u00fcnl\u00fc sunucusu ve yap\u0131mc\u0131s\u0131 Celine Hue, kameraman Jean Marc Sanchez\u2019in de aralar\u0131nda bulundu\u011fu ekip, Balk\u0131\u2019n\u0131n g\u00f6rev yapt\u0131\u011f\u0131 Yemi\u015f Camii\u2019nde, ya\u015fad\u0131\u011f\u0131 evde ve ailesi ile r\u00f6portajlar yapt\u0131, gen\u00e7 imam\u0131 berberde t\u0131ra\u015f olurken ve motosikletinde g\u00f6steri yaparken g\u00f6r\u00fcnt\u00fcledi.<\/p>\n<p style=\"text-align: justify;\"><strong>BERBER MASAJINA HAYRAN KALDI\u00a0<\/strong><\/p>\n<p style=\"text-align: justify;\">Bodrum \u00e7ar\u015f\u0131 merkezindeki \u00d6zg\u00fcn Erkek Kuaf\u00f6r\u00fc\u2019nde berber \u00d6zer Sar\u0131\u2019n\u0131n imam Tar\u0131k Balk\u0131\u2019y\u0131 sakal t\u0131ra\u015f\u0131 yapmas\u0131n\u0131 g\u00f6r\u00fcnt\u00fcleyen Frans\u0131z ekibin kad\u0131n y\u00f6netmeni Celine Hue, berber koltu\u011funa oturarak masaj istedi.<\/p>\n<p style=\"text-align: justify;\">Celine Hue, yakla\u015f\u0131k 10 dakika s\u00fcren masaj\u0131n ard\u0131ndan inan\u0131lmaz \u015fekilde rahatlad\u0131\u011f\u0131n\u0131 belirterek, &#8220;\u0130lk kez bir T\u00fcrk berberinde koltu\u011fa oturup masaj yapt\u0131r\u0131yorum. Ger\u00e7ekten bu masaj 16 g\u00fcnl\u00fck yorgunlu\u011fu \u00fczerimden atmam\u0131 sa\u011flad\u0131&#8221; dedi.<\/p>\n<p style=\"text-align: justify;\"><strong>TEK TEKER G\u00d6STER\u0130S\u0130N\u0130 YAPTI FRANSIZLARI \u015eOKE ETT\u0130\u00a0<\/strong><\/p>\n<p style=\"text-align: justify;\">\u0130mam Tar\u0131k Balk\u0131, Bodrum- Milas karayolunda 200 kilometre h\u0131z ile giderken motosikletiyle yapt\u0131\u011f\u0131 tek teker hareketiyle Frans\u0131z ekibini \u015fa\u015fk\u0131na \u00e7evirdi. \u00d6n tekerle\u011fini kald\u0131r\u0131p, tek teker \u00fcst\u00fcnde yakla\u015f\u0131k 300 metre kadar giden Balk\u0131, motosiklet kullan\u0131m\u0131ndaki ustal\u0131\u011f\u0131n\u0131 ve rahatl\u0131\u011f\u0131n\u0131 g\u00f6sterdi.<\/p>\n<p style=\"text-align: justify;\"><strong>T\u00dcRKL\u00dc\u011e\u00dcN VE M\u00dcSL\u00dcMANLARIN AYDINLIK Y\u00dcZ\u00dc\u00a0<\/strong><\/p>\n<p style=\"text-align: justify;\">Tar\u0131k Balk\u0131, bir din g\u00f6revlisi olarak yapt\u0131klar\u0131n\u0131n insanlara \u00e7ok farkl\u0131 geldi\u011fini s\u00f6yledi. Asl\u0131nda farkl\u0131 bir \u015fey yapmad\u0131\u011f\u0131n\u0131, sadece imamlar aras\u0131nda bu t\u00fcr ya\u015fam tarz\u0131n\u0131 se\u00e7en ilk ki\u015fi olmas\u0131ndan dolay\u0131 dikkat \u00e7ekti\u011fini anlatan balk\u0131, \u015funlar\u0131 s\u00f6yledi:<\/p>\n<p style=\"text-align: justify;\">&#8220;G\u00fczel bir \u015fey yapt\u0131\u011f\u0131m\u0131 ve bir\u00e7ok insana \u00f6rnek oldu\u011fumu d\u00fc\u015f\u00fcn\u00fcyorum. Bu t\u00fcr \u00e7ekim tekliflerini kabul etmekteki amac\u0131m Avrupa\u2019da T\u00fcrklerin ve M\u00fcsl\u00fcmanlar\u0131n zaman zaman ortaya \u00e7\u0131kan korkutan y\u00fcz imaj\u0131n\u0131 yok etmek. Ger\u00e7ek olmayan durumlar\u0131 Avrupal\u0131 insan\u0131n g\u00f6rmesini sa\u011flamak. \u0130n\u015fallah bu yay\u0131nlarla T\u00fcrkl\u00fc\u011f\u00fcn ve M\u00fcsl\u00fcmanl\u0131\u011f\u0131n ger\u00e7ek ve ayd\u0131nl\u0131k y\u00fcz\u00fcn\u00fc Avrupal\u0131lara daha iyi anlatabilirim. Bana zaman zaman modern imam diyorlar. Modern kelimesini kabul etmiyorum. Bir din g\u00f6revlisi olarak kimseye zarar\u0131m dokunmadan di\u011fer insanlar gibi, motosiklet ve do\u011fa tutkumu ya\u015famak istiyorum. Hepsi bu.&#8221;<\/p>\n<p style=\"text-align: justify;\"><strong>T\u00dcM D\u0130NLERE \u00d6RNEK B\u0130R ADAM\u00a0<\/strong><\/p>\n<p style=\"text-align: justify;\">Y\u00f6netmen Celine Hue de haz\u0131rlad\u0131klar\u0131 belgeselin amac\u0131n\u0131n \u00fclkelerinde \u00f6n plana \u00e7\u0131kan \u00f6zel ki\u015filer arac\u0131l\u0131\u011f\u0131yla o \u00fclkenin sosyal ve k\u00fclt\u00fcrel y\u00f6nlerini tan\u0131tmak oldu\u011funu s\u00f6yledi. 52 dakikal\u0131k b\u00f6l\u00fcm i\u00e7in T\u00fcrkiye\u2019de d\u00f6rt ki\u015fiyle g\u00f6r\u00fc\u015ft\u00fcklerini, bunlardan birinin de imam Tar\u0131k Balk\u0131 oldu\u011funu belirten Hue, &#8220;Tar\u0131k Balk\u0131\u2019n\u0131n b\u00fct\u00fcn zorluklara ve bask\u0131lara ra\u011fmen hayallerinden vazge\u00e7memesi ve mesle\u011fini s\u00fcrd\u00fcrme \u00e7abas\u0131 bizleri hayran b\u0131rakt\u0131. Sadece T\u00fcrkiye\u2019de de\u011fil her topluma \u00f6rnek olabilecek bir ki\u015fili\u011fe sahip oldu\u011fu i\u00e7in kendisiyle tan\u0131\u015fmak istedik. Balk\u0131, \u00e7a\u011fda\u015fl\u0131k ve gelenekler aras\u0131nda durmay\u0131 ba\u015farabilen cesur ve gen\u00e7 bir adam. Tar\u0131k\u2019\u0131 mutlaka desteklemek gerekiyor, \u00e7\u00fcnk\u00fc sadece \u0130slam dinine de\u011fil t\u00fcm dinlere \u00f6rnek bir adam. T\u00fcrkiye\u2019de Tar\u0131k gibi bir din g\u00f6revlisi ile kar\u015f\u0131la\u015fmak, hele motor kullan\u0131\u015f\u0131ndaki ustal\u0131\u011f\u0131n\u0131, cana yak\u0131nl\u0131\u011f\u0131n\u0131 g\u00f6rmek bizim i\u00e7in \u00e7ok b\u00fcy\u00fcr bir s\u00fcrpriz oldu&#8221; dedi.<\/p>\n<p style=\"text-align: justify;\">Belgesel Fransa\u2019da Ocak ay\u0131nda yay\u0131nlanacak.<\/p>\n<p style=\"text-align: justify;\"><a href=\"http:\/\/haber.gazetevatan.com\/unu-turkiyeyi-asti\/412143\/7\/Yasam\" target=\"_blank\">Kaynak : Vatan Gazetesi<\/a><\/p>\n","protected":false},"excerpt":{"rendered":"<p style=\"text-align: center;\">\n<p style=\"text-align: justify;\">\u2019Tek teker imam\u2019 lakab\u0131yla tan\u0131nan imam Tar\u0131k Balk\u0131\u2019n\u0131n \u00fcn\u00fc \u00fclke s\u0131n\u0131rlar\u0131n\u0131 a\u015ft\u0131.<\/p>\n<p style=\"text-align: justify;\">G\u0130Y\u0130M ve ya\u015fam tarz\u0131 ile dikkatleri \u00e7eken, motosikletiyle yapt\u0131\u011f\u0131 hareketler nedeniyle \u2019Tek teker imam\u2019 lakab\u0131yla tan\u0131nan imam Tar\u0131k Balk\u0131\u2019n\u0131n \u00fcn\u00fc \u00fclke s\u0131n\u0131rlar\u0131n\u0131 a\u015ft\u0131. Fransa\u2019n\u0131n \u2019Canal +\u2019 televizyonu ekibi, Balk\u0131\u2019n\u0131n g\u00f6rev yapt\u0131\u011f\u0131 Mu\u011fla\u2019n\u0131n Bodrum \u0130l\u00e7esi\u2019ne gelerek, gen\u00e7 <\/p>\n","protected":false},"author":1,"featured_media":0,"comment_status":"open","ping_status":"open","sticky":false,"template":"","format":"standard","meta":{"footnotes":""},"categories":[105],"tags":[],"class_list":["post-42896","post","type-post","status-publish","format-standard","hentry","category-gundem","odd"],"_links":{"self":[{"href":"http:\/\/www.korhanyilmaz.com\/index.php?rest_route=\/wp\/v2\/posts\/42896","targetHints":{"allow":["GET"]}}],"collection":[{"href":"http:\/\/www.korhanyilmaz.com\/index.php?rest_route=\/wp\/v2\/posts"}],"about":[{"href":"http:\/\/www.korhanyilmaz.com\/index.php?rest_route=\/wp\/v2\/types\/post"}],"author":[{"embeddable":true,"href":"http:\/\/www.korhanyilmaz.com\/index.php?rest_route=\/wp\/v2\/users\/1"}],"replies":[{"embeddable":true,"href":"http:\/\/www.korhanyilmaz.com\/index.php?rest_route=%2Fwp%2Fv2%2Fcomments&post=42896"}],"version-history":[{"count":0,"href":"http:\/\/www.korhanyilmaz.com\/index.php?rest_route=\/wp\/v2\/posts\/42896\/revisions"}],"wp:attachment":[{"href":"http:\/\/www.korhanyilmaz.com\/index.php?rest_route=%2Fwp%2Fv2%2Fmedia&parent=42896"}],"wp:term":[{"taxonomy":"category","embeddable":true,"href":"http:\/\/www.korhanyilmaz.com\/index.php?rest_route=%2Fwp%2Fv2%2Fcategories&post=42896"},{"taxonomy":"post_tag","embeddable":true,"href":"http:\/\/www.korhanyilmaz.com\/index.php?rest_route=%2Fwp%2Fv2%2Ftags&post=42896"}],"curies":[{"name":"wp","href":"https:\/\/api.w.org\/{rel}","templated":true}]}}