{"id":42889,"date":"2011-11-20T13:15:57","date_gmt":"2011-11-20T11:15:57","guid":{"rendered":"http:\/\/www.korhanyilmaz.com\/?p=42889"},"modified":"2011-11-20T21:03:07","modified_gmt":"2011-11-20T19:03:07","slug":"elektrik-faturasinda-bir-skandal-daha","status":"publish","type":"post","link":"http:\/\/www.korhanyilmaz.com\/?p=42889","title":{"rendered":"Elektrik faturas\u0131nda bir skandal daha"},"content":{"rendered":"<p style=\"text-align: center;\"><a href=\"http:\/\/www.korhanyilmaz.com\/wp-content\/uploads\/2011\/11\/7178.jpg\"  class=\"lightview\"><img loading=\"lazy\" decoding=\"async\" class=\"aligncenter  wp-image-42890\" src=\"http:\/\/www.korhanyilmaz.com\/wp-content\/uploads\/2011\/11\/7178.jpg\" alt=\"\" width=\"396\" height=\"180\" \/><\/a><\/p>\n<p style=\"text-align: justify;\">Enerji Bakan\u0131&#8217;n\u0131n cevab\u0131yla ortaya \u00e7\u0131kt\u0131, elektrik faturas\u0131nda yok yok!<\/p>\n<p style=\"text-align: justify;\">Ka\u00e7ak elektrik bedelinin d\u00fcr\u00fcst t\u00fcketiciye \u00f6dettirildi\u011finin ortaya \u00e7\u0131kmas\u0131ndan sonra bu kez de saya\u00e7lardan okuma bedeli al\u0131nd\u0131\u011f\u0131 anla\u015f\u0131ld\u0131. \u00dcstelik bedel daireye g\u00f6re de\u011fi\u015fiyor. Enerji Bakan\u0131 soru \u00f6nergesine verdi\u011fi cevapta \u201cSaya\u00e7 okuma bedeli kullan\u0131lan enerji miktar\u0131na g\u00f6re hesaplan\u0131yor\u201d dedi.\u00a0<!--more--><\/p>\n<p style=\"text-align: justify;\">Elektrikteki kay\u0131p ka\u00e7ak bedelinin d\u00fcr\u00fcst t\u00fcketicinin s\u0131rt\u0131na y\u00fcklendi\u011finin anla\u015f\u0131lmas\u0131ndan sonra bu kez de elektrik faturalar\u0131nda saya\u00e7 okuma bedeli ad\u0131 alt\u0131nda bir bedel al\u0131nd\u0131\u011f\u0131 ortaya \u00e7\u0131kt\u0131. Kahramanmara\u015f T\u00fcketici Hakem Heyeti\u2019nin kay\u0131p ka\u00e7ak bedelinin t\u00fcketiciye y\u00fcklenemeyece\u011fi karar\u0131 ile elektrik faturalar\u0131 mercek alt\u0131na al\u0131nd\u0131. Bug\u00fcn&#8217;\u00fcn haberine g\u00f6re Enerji Bakan\u0131 Taner Y\u0131ld\u0131z, milletvekillerinin soru \u00f6nergelerine ka\u00e7ak elektrik ve elektrik faturalar\u0131ndaki bedellerle ilgili cevaplar verdi.<\/p>\n<p style=\"text-align: justify;\"><strong>2 M\u0130LYAR TL KA\u00c7AK ELEKTR\u0130K<\/strong><\/p>\n<p style=\"text-align: justify;\">CHP Gaziantep Milletvekili Mehmet \u015eeker\u2019in soru \u00f6nergesine verdi\u011fi cevapta Y\u0131ld\u0131z, 2003\u2019ten bu yana yap\u0131lan denetimlerde 1 milyon 700 bin abonenin ka\u00e7ak elektrik kulland\u0131\u011f\u0131n\u0131n tespit edildi\u011fini bunun bedelinin ise 2 milyar TL oldu\u011funu a\u00e7\u0131klad\u0131. Y\u0131ld\u0131z, 523 bin abone hakk\u0131nda savc\u0131l\u0131\u011fa su\u00e7 duyurusunda bulunuldu\u011funu a\u00e7\u0131klad\u0131. Y\u0131ld\u0131z, 2002\u2019de y\u00fczde 21 civar\u0131nda olan kay\u0131p ka\u00e7ak oran\u0131n\u0131n 2009 sonunda y\u00fczde 15.6\u2019ya d\u00fc\u015f\u00fcr\u00fcld\u00fc\u011f\u00fcn\u00fc a\u00e7\u0131klad\u0131.<\/p>\n<p style=\"text-align: justify;\"><strong>KA\u00c7AK BEDEL\u0130 2011\u2019DE KONULDU<\/strong><\/p>\n<p style=\"text-align: justify;\">Enerji Bakan\u0131 Y\u0131ld\u0131z, MHP K\u00fctahya Milletvekili Alim I\u015f\u0131k\u2019\u0131n soru \u00f6nergesine verdi\u011fi cevapta ise 2006-2010 d\u00f6neminde kay\u0131p ka\u00e7ak oranlar\u0131n\u0131n her bir \u015firket i\u00e7in ayr\u0131 belirlendi\u011fine dikkat \u00e7ekti. Y\u0131ld\u0131z, 2011\u2019den itibaren maliyet kalemlerini ayr\u0131\u015ft\u0131r\u0131lmas\u0131 ile kay\u0131p ka\u00e7ak bedelinin faturalarda g\u00f6z\u00fckmeye ba\u015flad\u0131\u011f\u0131n\u0131 a\u00e7\u0131klad\u0131.<\/p>\n<p style=\"text-align: justify;\"><strong>SAYA\u00c7 OKUMA BEDEL\u0130<\/strong><\/p>\n<p style=\"text-align: justify;\">Elektrik faturalar\u0131nda saya\u00e7 okuma bedeli ad\u0131 alt\u0131nda bir bedel al\u0131nd\u0131\u011f\u0131 da ortaya \u00e7\u0131kt\u0131.MHP\u2019li Alim I\u015f\u0131k, \u201cDa\u011f\u0131t\u0131m \u015firketleri elektri\u011fi hem sat\u0131yor hem de okuma paras\u0131 al\u0131yor. \u00dcstelik ayn\u0131 binadaki ayr\u0131 evden farkl\u0131 tutarlar tahsil ediliyor\u201d dedi. Enerji Bakan\u0131 Y\u0131ld\u0131z, saya\u00e7 okuma bedelinin kullan\u0131lan enerji miktar\u0131 dikkate al\u0131narak hesapland\u0131\u011f\u0131n\u0131 a\u00e7\u0131klad\u0131. Y\u0131ld\u0131z \u201cSaya\u00e7 okuma bedelinin abone ba\u015f\u0131na belirlenmesine ili\u015fkin \u00e7al\u0131\u015fmalar devam etmektedir\u201d dedi.<\/p>\n<p style=\"text-align: justify;\"><strong>ELEKT\u0130RK FATURASINDA YOK YOK<\/strong><\/p>\n<p style=\"text-align: justify;\">Enerji Bakan\u0131 Taner Y\u0131ld\u0131z, CHP Manisa Milletvekili Hasan \u00d6ren\u2019in soru \u00f6nergesine verdi\u011fi cevapta ise elektrik faturalar\u0131n\u0131n t\u00fcm detaylar\u0131n\u0131 a\u00e7\u0131klad\u0131. Y\u0131ld\u0131z\u2019\u0131n verdi\u011fi bilgiye g\u00f6re elektrik faturalar\u0131nda kay\u0131p ka\u00e7ak bedelinin yan\u0131 s\u0131ra da\u011f\u0131t\u0131m bedeli, saya\u00e7 okuma d\u0131\u015f\u0131ndaki perakende hizmet sat\u0131\u015f bedeli, saya\u00e7 okumaya ili\u015fkin perakende sat\u0131\u015f hizmeti bedeli ve iletim bedeli tahsil ediliyor. Y\u0131ld\u0131z, elektrik faturalar\u0131ndan TRT i\u00e7in y\u00fczde 2 oran\u0131nda pay tahsil edildi\u011fini a\u00e7\u0131klarken, y\u00fczde 1 oran\u0131nda elektrik enerjisi fonu ile belediye t\u00fcketim vergisi bulundu\u011funu da a\u00e7\u0131klad\u0131.<\/p>\n<p style=\"text-align: justify;\"><a href=\"http:\/\/www.gazeteport.com.tr\/haber\/63901\/elektrik_faturasinda_bir_skandal_daha\" target=\"_blank\">Kaynak : GAZETEPORT<\/a><\/p>\n","protected":false},"excerpt":{"rendered":"<p style=\"text-align: center;\">\n<p style=\"text-align: justify;\">Enerji Bakan\u0131&#8217;n\u0131n cevab\u0131yla ortaya \u00e7\u0131kt\u0131, elektrik faturas\u0131nda yok yok!<\/p>\n<p style=\"text-align: justify;\">Ka\u00e7ak elektrik bedelinin d\u00fcr\u00fcst t\u00fcketiciye \u00f6dettirildi\u011finin ortaya \u00e7\u0131kmas\u0131ndan sonra bu kez de saya\u00e7lardan okuma bedeli al\u0131nd\u0131\u011f\u0131 anla\u015f\u0131ld\u0131. \u00dcstelik bedel daireye g\u00f6re de\u011fi\u015fiyor. Enerji Bakan\u0131 soru \u00f6nergesine verdi\u011fi cevapta \u201cSaya\u00e7 okuma bedeli kullan\u0131lan enerji miktar\u0131na g\u00f6re hesaplan\u0131yor\u201d dedi. <\/p>\n","protected":false},"author":1,"featured_media":0,"comment_status":"open","ping_status":"open","sticky":false,"template":"","format":"standard","meta":{"footnotes":""},"categories":[7],"tags":[],"class_list":["post-42889","post","type-post","status-publish","format-standard","hentry","category-ekonomi","odd"],"_links":{"self":[{"href":"http:\/\/www.korhanyilmaz.com\/index.php?rest_route=\/wp\/v2\/posts\/42889","targetHints":{"allow":["GET"]}}],"collection":[{"href":"http:\/\/www.korhanyilmaz.com\/index.php?rest_route=\/wp\/v2\/posts"}],"about":[{"href":"http:\/\/www.korhanyilmaz.com\/index.php?rest_route=\/wp\/v2\/types\/post"}],"author":[{"embeddable":true,"href":"http:\/\/www.korhanyilmaz.com\/index.php?rest_route=\/wp\/v2\/users\/1"}],"replies":[{"embeddable":true,"href":"http:\/\/www.korhanyilmaz.com\/index.php?rest_route=%2Fwp%2Fv2%2Fcomments&post=42889"}],"version-history":[{"count":0,"href":"http:\/\/www.korhanyilmaz.com\/index.php?rest_route=\/wp\/v2\/posts\/42889\/revisions"}],"wp:attachment":[{"href":"http:\/\/www.korhanyilmaz.com\/index.php?rest_route=%2Fwp%2Fv2%2Fmedia&parent=42889"}],"wp:term":[{"taxonomy":"category","embeddable":true,"href":"http:\/\/www.korhanyilmaz.com\/index.php?rest_route=%2Fwp%2Fv2%2Fcategories&post=42889"},{"taxonomy":"post_tag","embeddable":true,"href":"http:\/\/www.korhanyilmaz.com\/index.php?rest_route=%2Fwp%2Fv2%2Ftags&post=42889"}],"curies":[{"name":"wp","href":"https:\/\/api.w.org\/{rel}","templated":true}]}}