{"id":42881,"date":"2011-11-20T16:40:03","date_gmt":"2011-11-20T14:40:03","guid":{"rendered":"http:\/\/www.korhanyilmaz.com\/?p=42881"},"modified":"2011-11-20T19:05:17","modified_gmt":"2011-11-20T17:05:17","slug":"gul-suriye-cikmaz-sokakta","status":"publish","type":"post","link":"http:\/\/www.korhanyilmaz.com\/?p=42881","title":{"rendered":"G\u00fcl: &#8220;Suriye \u00e7\u0131kmaz sokakta&#8221;"},"content":{"rendered":"<p style=\"text-align: center;\"><a href=\"http:\/\/www.korhanyilmaz.com\/wp-content\/uploads\/2011\/11\/7175.jpg\"  class=\"lightview\"><img loading=\"lazy\" decoding=\"async\" class=\"aligncenter  wp-image-42882\" src=\"http:\/\/www.korhanyilmaz.com\/wp-content\/uploads\/2011\/11\/7175.jpg\" alt=\"\" width=\"320\" height=\"202\" \/><\/a><\/p>\n<p style=\"text-align: justify;\">Cumhurba\u015fkan\u0131 Abdullah G\u00fcl, &#8220;\u00dcz\u00fclerek g\u00f6r\u00fcyorum ki, i\u015fler Suriye&#8217;de \u00e7\u0131kmaz bir soka\u011fa girmi\u015ftir ve maalesef Suriye i\u00e7in hi\u00e7 de parlak g\u00f6z\u00fckmemektedir. Biz bu g\u00fcnlere Suriye&#8217;nin gelmesini hi\u00e7 bir zaman arzu etmedik&#8221; dedi.<!--more--><\/p>\n<p style=\"text-align: justify;\"><a href=\"http:\/\/www.korhanyilmaz.com\/wp-content\/uploads\/2011\/11\/7176.jpg\"  class=\"lightview\"><img loading=\"lazy\" decoding=\"async\" class=\"alignleft  wp-image-42883\" style=\"margin-left: 10px; margin-right: 10px;\" src=\"http:\/\/www.korhanyilmaz.com\/wp-content\/uploads\/2011\/11\/7176.jpg\" alt=\"\" width=\"234\" height=\"155\" \/><\/a>G\u00fcl, Londra&#8217;ya hareketinden \u00f6nce Esenbo\u011fa Havaliman\u0131&#8217;nda d\u00fczenledi\u011fi bas\u0131n toplant\u0131s\u0131nda gazetecilerin sorular\u0131n\u0131 yan\u0131tlad\u0131.<\/p>\n<p style=\"text-align: justify;\">Bir gazetecinin, &#8220;Dersim olaylar\u0131 konusunda Anamuhalefet partisi ile ya\u015fanan bir tart\u0131\u015fma var. Bununla ilgili Ba\u015fbakan Yard\u0131mc\u0131s\u0131 B\u00fclent Ar\u0131n\u00e7, bu olay\u0131n Meclis g\u00fcndemine getirilip bir komisyon kurulabilece\u011fini s\u00f6yledi. Bu konuda siz ne d\u00fc\u015f\u00fcn\u00fcyorsunuz?&#8221; sorusu \u00fczerine, G\u00fcl, T\u00fcrkiye&#8217;de her \u015feyin tart\u0131\u015f\u0131labildi\u011fini s\u00f6yledi.<\/p>\n<p style=\"text-align: justify;\">G\u00fcl, &#8220;B\u00f6yle bir tart\u0131\u015fma ortam\u0131 var. T\u00fcrkiye&#8217;de tabular da yok art\u0131k. Dolay\u0131s\u0131yla herkes, her \u015feyi tart\u0131\u015fabilir. Yeter ki \u00f6l\u00e7\u00fcs\u00fc iyi bilinsin, istismar edilmesin, \u00f6l\u00e7\u00fcler iyi bilinsin&#8221; dedi.<\/p>\n<p style=\"text-align: justify;\">Cumhurba\u015fkan\u0131 G\u00fcl, Suriye&#8217;ye ili\u015fkin i\u00e7 sava\u015f endi\u015fesi olup olmad\u0131\u011f\u0131n\u0131n sorulmas\u0131 \u00fczerine, konuyla ilgili h\u00fck\u00fcmetin \u00e7e\u015fitli a\u00e7\u0131klamalarda bulundu\u011funu ve konunun yak\u0131ndan takip edildi\u011fini s\u00f6yledi. G\u00fcl, \u015f\u00f6yle devam etti:<\/p>\n<p style=\"text-align: justify;\">&#8220;\u00dcz\u00fclerek g\u00f6r\u00fcyorum ki, i\u015fler Suriye&#8217;de \u00e7\u0131kmaz bir soka\u011fa girmi\u015ftir ve maalesef Suriye i\u00e7in hi\u00e7 de parlak g\u00f6z\u00fckmemektedir. Biz bu g\u00fcnlere Suriye&#8217;nin gelmesini hi\u00e7 bir zaman arzu etmedik. Onun i\u00e7in en samimi niyetlerle, her seviyede g\u00f6r\u00fc\u015flerimizi, gerek a\u00e7\u0131k gerekse kapal\u0131 kap\u0131lar arkas\u0131nda, Suriyeli dostlar\u0131m\u0131zla hep payla\u015ft\u0131k. Ama g\u00f6r\u00fcnen \u015fu ki, Suriye olup bitenleri iyi analiz edemedi ve ger\u00e7ek\u00e7i bir politika g\u00fcdemedi ve bug\u00fcn g\u00f6rd\u00fc\u011f\u00fcn\u00fcz gibi \u00e7ok b\u00fcy\u00fck olaylar olmaktad\u0131r. T\u00fcrkiye olarak biz daima T\u00fcrkiye d\u0131\u015f\u0131ndan gelen bask\u0131lara kar\u015f\u0131 hep direndik ve Suriye ile hep iyi, dostane ili\u015fkiler i\u00e7erisinde olmay\u0131 tercih ettik. Suriye izolasyona u\u011frarken, biz tam tersini yapt\u0131k. Ama \u015fimdi bask\u0131 Suriye halk\u0131ndan geliyor. Suriye halk\u0131, do\u011frusu onlar da \u00f6zg\u00fcrl\u00fckleri, h\u00fcrriyeti, serbestli\u011fi hak ediyorlar ve bu bask\u0131lara kar\u015f\u0131 onlar ayaklan\u0131yorlar. Dolay\u0131s\u0131yla yap\u0131lacak \u015fey gayet a\u00e7\u0131k. Onun i\u00e7in Arap Birli\u011fi&#8217;nin ald\u0131\u011f\u0131 kararlar\u0131 biz de g\u00fc\u00e7l\u00fc bir \u015fekilde destekliyoruz.&#8221;<\/p>\n<p style=\"text-align: justify;\">G\u00fcl, bir gazetecinin, &#8220;Almanya&#8217;da 2000 y\u0131l\u0131ndan bu yana bir neo-nazi \u00e7etesinin, aralar\u0131nda 8 T\u00fcrk&#8217;\u00fcn de bulundu\u011fu cinayetleri i\u015fledi\u011fi ortaya \u00e7\u0131kt\u0131. Bu cinayetleri Alman devletinin de bildi\u011fi ve destekledi\u011fi iddialar\u0131 var. Berlin h\u00fck\u00fcmeti olay\u0131 ara\u015ft\u0131rd\u0131\u011f\u0131n\u0131 a\u00e7\u0131klad\u0131. Sizin de\u011ferlendirmeniz nedir?&#8221; sorusu \u00fczerine, D\u0131\u015fi\u015fleri Bakan\u0131 Ahmet Davuto\u011flu&#8217;nun konuyla ilgili h\u00fck\u00fcmetin fikirlerini \u00e7ok a\u00e7\u0131k ortaya koydu\u011funu belirterek, &#8220;Almanya bir hukuk devleti, bir hukuk devletine yak\u0131\u015f\u0131r \u015fekilde gayet a\u00e7\u0131k, \u015feffaf ve en d\u00fcr\u00fcst \u015fekilde ge\u00e7mi\u015fi ara\u015ft\u0131racaklar\u0131na ve ger\u00e7ekleri ortaya \u00e7\u0131karacaklar\u0131na inan\u0131yorum&#8221; diye konu\u015ftu.<\/p>\n<p style=\"text-align: justify;\">Cumhurba\u015fkan\u0131 G\u00fcl, &#8220;Bedelli askerlik konusundaki d\u00fczenlemeye sizin bak\u0131\u015f\u0131n\u0131z nedir?&#8221; sorusuna kar\u015f\u0131l\u0131k da &#8220;\u00c7\u0131ks\u0131n bakal\u0131m, nas\u0131l d\u00fczenleniyor, \u015fartlar nedir&#8230; Eminim ki dengeli bir d\u00fczenleme yap\u0131lacakt\u0131r, bir taraftan da kamu vicdan\u0131n\u0131n kabul edece\u011fi \u015fekilde, duydu\u011fum kadar\u0131yla bu y\u00f6nde \u00e7al\u0131\u015fmalar yap\u0131l\u0131yor&#8221; dedi.<\/p>\n<p style=\"text-align: justify;\">Krali\u00e7e II. Elizabeth&#8217;in davetine icabetle bu \u00fclkeye gidece\u011fini belirten G\u00fcl, kendisine Ba\u015fbakan Yard\u0131mc\u0131s\u0131 Ali Babacan, D\u0131\u015fi\u015fleri Bakan\u0131 Ahmet Davuto\u011flu ve Genelkurmay \u0130kinci Ba\u015fkan\u0131 Orgeneral Hulusi Akar&#8217;\u0131n yan\u0131 s\u0131ra milletvekilleri, akademisyenler ve gazetecilerden olu\u015fan bir heyetin e\u015flik edece\u011fini kaydetti.<\/p>\n<p style=\"text-align: justify;\">\u0130ngiltere ve T\u00fcrkiye aras\u0131ndaki ili\u015fkilerin son d\u00f6nemde s\u0131kla\u015fan \u00fcst d\u00fczey ziyaretlerle daha da ileri bir seviyeye ta\u015f\u0131nd\u0131\u011f\u0131n\u0131 ifade eden G\u00fcl, \u015f\u00f6yle konu\u015ftu:<\/p>\n<p style=\"text-align: justify;\">&#8220;Krali\u00e7e II. Elizabeth, 37 y\u0131l aradan sonra May\u0131s 2008&#8217;de \u00fclkemize ikinci ziyaretini ger\u00e7ekle\u015ftirmi\u015flerdir. Ben de Kraliyet Uluslararas\u0131 Enstit\u00fcs\u00fc Chatham House taraf\u0131ndan tevdi edilen Y\u0131l\u0131n Devlet Adam\u0131 \u00f6d\u00fcl\u00fcn\u00fc Krali\u00e7e&#8217;den almak \u00fczere ge\u00e7en y\u0131l kas\u0131m ay\u0131nda \u0130ngiltere&#8217;yi ziyaret etmi\u015ftim.<\/p>\n<p style=\"text-align: justify;\">Bu defa, \u0130ngiltere Krali\u00e7esi&#8217;nin davetine icabetle, T\u00fcrkiye&#8217;den \u0130ngiltere&#8217;ye 23 y\u0131ll\u0131k bir aradan sonra Cumhurba\u015fkan\u0131 d\u00fczeyindeki ilk devlet ziyaretini ger\u00e7ekle\u015ftirmekten k\u0131van\u00e7 duyuyorum. Ziyaretim \u00e7er\u00e7evesinde Krali\u00e7e II. Elizabeth, muhterem e\u015fleri Edinburgh D\u00fck\u00fc Prens Philip, Veliaht Galler Prensi Charles ve Kraliyet ailesinin di\u011fer mensuplar\u0131yla biraraya gelece\u011fim. Ayr\u0131ca, \u0130ngiltere Ba\u015fbakan\u0131 David Cameron, Ba\u015fbakan Yard\u0131mc\u0131s\u0131 Nick Clegg ve \u0130\u015f\u00e7i Partisi lideri Ed Miliband&#8217;i kabul edece\u011fim.<\/p>\n<p style=\"text-align: justify;\">Ortado\u011fu ve Kuzey Afrika&#8217;da ya\u015fanmakta olan tarihi geli\u015fmeler, d\u0131\u015f politikalar\u0131nda b\u00f6lgesel ve k\u00fcresel istikrar ve bar\u0131\u015f vizyonunu hedef alan T\u00fcrkiye ile \u0130ngiltere aras\u0131nda temel konulardan biridir. Bu hususlar\u0131 \u00fcst d\u00fczey \u0130ngiliz y\u00f6neticilerle ikili d\u00fczeyde ele alman\u0131n yan\u0131 s\u0131ra, konuyla ilgili g\u00f6r\u00fc\u015f ve d\u00fc\u015f\u00fcncelerimi Wilton Park taraf\u0131ndan d\u00fczenlenecek konferansta da dile getirece\u011fim. Londra konferanslar\u0131 serisinin bu ilk etkinli\u011finde &#8216;Ortado\u011fu&#8217;daki Tarihi D\u00f6n\u00fc\u015f\u00fcm ve D\u00fcnya Siyaseti \u00dczerindeki Etkileri&#8217; ba\u015fl\u0131kl\u0131 bir konu\u015fma yapaca\u011f\u0131m.<\/p>\n<p style=\"text-align: justify;\">\u0130ngiltere Parlamentosu&#8217;nda grubu bulunan siyasi parti temsilcilerine de hitap edece\u011fim bu ziyarette, aralar\u0131nda T\u00fcrkiye Dostluk Grubu \u00fcyelerinin bulundu\u011fu milletvekilleriyle biraraya gelece\u011fim. Ayr\u0131ca, The Guardian gazetesinin yay\u0131n kurulu ile BBC&#8217;ye m\u00fclakatlar verece\u011fim.&#8221;<\/p>\n<p style=\"text-align: justify;\"><strong>&#8220;\u0130ngiltere, T\u00fcrkiye&#8217;nin \u00f6nde gelen d\u0131\u015f ticaret ortaklar\u0131 aras\u0131nda&#8221;\u00a0<\/strong><\/p>\n<p style=\"text-align: justify;\">Temaslar\u0131 \u00e7er\u00e7evesinde, \u0130ngiltere ile ili\u015fkileri b\u00fct\u00fcn y\u00f6nleriyle ele alaca\u011f\u0131n\u0131, ba\u015fta Avrupa Birli\u011fi ve K\u0131br\u0131s olmak \u00fczere, ortak g\u00fcndemde yer alan b\u00f6lgesel ve uluslararas\u0131 konulara de\u011finece\u011fini aktaran Cumhurba\u015fkan\u0131 G\u00fcl, &#8220;Bu vesileyle, AB \u00fcyeli\u011fimize g\u00fc\u00e7l\u00fc ve g\u00f6r\u00fcn\u00fcr destek veren \u0130ngiltere&#8217;nin tutumundan duydu\u011fumuz memnuniyeti dile getirecek ve kat\u0131l\u0131m m\u00fczakerelerinin yapay siyasi engellemeler y\u00fcz\u00fcnden kesintiye u\u011framamas\u0131 i\u00e7in \u0130ngiltere&#8217;nin kuvvetli deste\u011finin devam\u0131na atfetti\u011fimiz \u00f6nemi vurgulayaca\u011f\u0131m. Garant\u00f6r \u00fclke s\u0131fat\u0131yla K\u0131br\u0131s sorununa taraf olan \u0130ngiltere&#8217;nin, \u00e7\u00f6z\u00fcm y\u00f6n\u00fcnde a\u011f\u0131rl\u0131\u011f\u0131n\u0131 koymas\u0131n\u0131 da talep edece\u011fim&#8221; diye konu\u015ftu.<\/p>\n<p style=\"text-align: justify;\">\u0130stanbul&#8217;un, 2020 Olimpiyat Oyunlar\u0131&#8217;na aday oldu\u011funu hat\u0131rlatan Cumhurba\u015fkan\u0131 G\u00fcl, T\u00fcrk Milli Olimpiyat Komitesinden yetkililerle, gelecek y\u0131l olimpiyat oyunlar\u0131na ev sahipli\u011fi yapacak Londra Olimpiyat Park\u0131&#8217;nda incelemelerde bulunaca\u011f\u0131n\u0131 s\u00f6yledi. G\u00fcl, seyahatinin son g\u00fcn\u00fcnde Poursmouth&#8217;taki T\u00fcrk \u015eehitli\u011fi&#8217;ni ve deniz \u00fcss\u00fcn\u00fc ziyaret edece\u011fini dile getirdi.<\/p>\n<p style=\"text-align: justify;\">\u0130ngiltere&#8217;nin, T\u00fcrkiye&#8217;nin \u00f6nde gelen d\u0131\u015f ticaret ortaklar\u0131 aras\u0131nda yer ald\u0131\u011f\u0131na i\u015faret eden Cumhurba\u015fkan\u0131 G\u00fcl, s\u00f6zlerini \u015f\u00f6yle s\u00fcrd\u00fcrd\u00fc:<\/p>\n<p style=\"text-align: justify;\">&#8220;En fazla ihracat ger\u00e7ekle\u015ftirdi\u011fimiz \u00fclkeler aras\u0131nda ikinci, ithalat\u0131m\u0131z bak\u0131m\u0131ndan ise sekizinci s\u0131rada yer alan \u0130ngiltere ile ticaretimiz, 2001&#8217;den bu yana y\u0131ll\u0131k ortalama 2,5 milyar dolar \u00fclkemiz lehine fazla vermektedir.<\/p>\n<p style=\"text-align: justify;\">Ge\u00e7en sene 12 milyar dolara yakla\u015fan ticaret hacmimiz, bu y\u0131l\u0131n ilk sekiz ay\u0131 itibar\u0131yla 9,1 milyar dolar d\u00fczeyinde ger\u00e7ekle\u015fmi\u015ftir. T\u00fcrkiye&#8217;deki yabanc\u0131 yat\u0131r\u0131mc\u0131lar aras\u0131nda da \u00f6n s\u0131ralarda yer alan \u0130ngiltere&#8217;nin \u00fclkemizdeki do\u011frudan yat\u0131r\u0131mlar\u0131n\u0131n toplam\u0131 4,3 milyar dolard\u0131r. Bu veriler, \u0130ngiltere ziyaretim s\u0131ras\u0131nda ekonomi, ticaret ve kar\u015f\u0131l\u0131kl\u0131 yat\u0131r\u0131mlar alan\u0131ndaki ili\u015fkilerin peki\u015ftirilmesine y\u00f6nelik etkinlikleri hem l\u00fczumlu hem de faydal\u0131 k\u0131lmaktad\u0131r.<\/p>\n<p style=\"text-align: justify;\">Bu kapsamda \u00fclkemizdeki TOBB&#8217;un muadili olan \u0130ngiltere Sanayi Odalar\u0131 Federasyonunun yakla\u015f\u0131k bin ki\u015filik se\u00e7kin i\u015f adamlar\u0131n\u0131n kat\u0131laca\u011f\u0131 y\u0131ll\u0131k genel kurul toplant\u0131s\u0131na hitap edece\u011fim. Burada T\u00fcrkiye&#8217;nin son y\u0131llardaki ekonomik performans\u0131 ile yat\u0131r\u0131m f\u0131rsatlar\u0131 hakk\u0131nda ayr\u0131nt\u0131l\u0131 bilgi verece\u011fim. \u0130ngiltere Maliye Bakan\u0131 Osborne ile birlikte kat\u0131laca\u011f\u0131m ikinci etkinlik, T\u00fcrk ve \u0130ngiliz m\u00fcte\u015febbislerin en \u00fcst d\u00fczey y\u00f6neticilerinin kat\u0131l\u0131m\u0131yla Londra&#8217;da d\u00fczenlenecek CEO Forum olacakt\u0131r. Bu ziyareti Avrupa ve d\u00fcnya ekonomisinin i\u00e7inden ge\u00e7mekte oldu\u011fu kritik bir konjonkt\u00fcrde ger\u00e7ekle\u015ftiriyor olmam, bu etkinliklerin \u00f6nemini bir kat daha art\u0131rmaktad\u0131r.<\/p>\n<p style=\"text-align: justify;\">Ziyaretim s\u0131ras\u0131nda ilgili askeri makamlar\u0131m\u0131z taraf\u0131ndan imzalanmas\u0131 \u00f6ng\u00f6r\u00fclen askeri alanda e\u011fitim, Teknik ve Bilimsel \u0130\u015fbirli\u011fi (\u00c7er\u00e7eve) Anla\u015fmas\u0131 ile Savunma Sanayisi Alan\u0131nda \u0130\u015fbirli\u011fi Mutabakat Muht\u0131ras\u0131&#8217;n\u0131n da \u0130ngiltere ile i\u015fbirli\u011fimizin g\u00fc\u00e7lendirilmesine b\u00fcy\u00fck katk\u0131 sa\u011flayaca\u011f\u0131na inan\u0131yorum. M\u00fcttefikimiz ve stratejik orta\u011f\u0131m\u0131z \u0130ngiltere ile k\u00f6kl\u00fc bir tarihi ge\u00e7mi\u015fe dayanan ili\u015fkilerimiz alt\u0131n \u00e7a\u011f\u0131n\u0131 ya\u015famaktad\u0131r. Dolay\u0131s\u0131yla, Avrupa Birli\u011fi m\u00fczakere s\u00fcrecimize verdi\u011fi g\u00f6r\u00fcn\u00fcr destek ile b\u00f6lgesel ve uluslararas\u0131 meselelere ili\u015fkin \u00f6rt\u00fc\u015fen vizyonlar\u0131n ili\u015fkilerimize g\u00fc\u00e7 katt\u0131\u011f\u0131 \u0130ngiltere&#8217;ye her bak\u0131mdan tarihi bir devlet ziyareti ger\u00e7ekle\u015ftirece\u011fim.&#8221;<\/p>\n<p style=\"text-align: justify;\"><a href=\"http:\/\/www.cnnturk.com\/2011\/turkiye\/11\/20\/gul.suriye.cikmaz.sokakta\/637452.0\/index.html\" target=\"_blank\">Kaynak : CNN T\u00dcRK<\/a><\/p>\n","protected":false},"excerpt":{"rendered":"<p style=\"text-align: center;\">\n<p style=\"text-align: justify;\">Cumhurba\u015fkan\u0131 Abdullah G\u00fcl, &#8220;\u00dcz\u00fclerek g\u00f6r\u00fcyorum ki, i\u015fler Suriye&#8217;de \u00e7\u0131kmaz bir soka\u011fa girmi\u015ftir ve maalesef Suriye i\u00e7in hi\u00e7 de parlak g\u00f6z\u00fckmemektedir. Biz bu g\u00fcnlere Suriye&#8217;nin gelmesini hi\u00e7 bir zaman arzu etmedik&#8221; dedi.<\/p>\n","protected":false},"author":1,"featured_media":0,"comment_status":"open","ping_status":"open","sticky":false,"template":"","format":"standard","meta":{"footnotes":""},"categories":[105],"tags":[],"class_list":["post-42881","post","type-post","status-publish","format-standard","hentry","category-gundem","odd"],"_links":{"self":[{"href":"http:\/\/www.korhanyilmaz.com\/index.php?rest_route=\/wp\/v2\/posts\/42881","targetHints":{"allow":["GET"]}}],"collection":[{"href":"http:\/\/www.korhanyilmaz.com\/index.php?rest_route=\/wp\/v2\/posts"}],"about":[{"href":"http:\/\/www.korhanyilmaz.com\/index.php?rest_route=\/wp\/v2\/types\/post"}],"author":[{"embeddable":true,"href":"http:\/\/www.korhanyilmaz.com\/index.php?rest_route=\/wp\/v2\/users\/1"}],"replies":[{"embeddable":true,"href":"http:\/\/www.korhanyilmaz.com\/index.php?rest_route=%2Fwp%2Fv2%2Fcomments&post=42881"}],"version-history":[{"count":0,"href":"http:\/\/www.korhanyilmaz.com\/index.php?rest_route=\/wp\/v2\/posts\/42881\/revisions"}],"wp:attachment":[{"href":"http:\/\/www.korhanyilmaz.com\/index.php?rest_route=%2Fwp%2Fv2%2Fmedia&parent=42881"}],"wp:term":[{"taxonomy":"category","embeddable":true,"href":"http:\/\/www.korhanyilmaz.com\/index.php?rest_route=%2Fwp%2Fv2%2Fcategories&post=42881"},{"taxonomy":"post_tag","embeddable":true,"href":"http:\/\/www.korhanyilmaz.com\/index.php?rest_route=%2Fwp%2Fv2%2Ftags&post=42881"}],"curies":[{"name":"wp","href":"https:\/\/api.w.org\/{rel}","templated":true}]}}