{"id":42871,"date":"2011-11-20T15:52:09","date_gmt":"2011-11-20T13:52:09","guid":{"rendered":"http:\/\/www.korhanyilmaz.com\/?p=42871"},"modified":"2011-11-20T17:48:42","modified_gmt":"2011-11-20T15:48:42","slug":"goksel-gumusdag-serbest-birakildi","status":"publish","type":"post","link":"http:\/\/www.korhanyilmaz.com\/?p=42871","title":{"rendered":"G\u00f6ksel G\u00fcm\u00fc\u015fda\u011f serbest b\u0131rak\u0131ld\u0131"},"content":{"rendered":"<p style=\"text-align: center;\"><a href=\"http:\/\/www.korhanyilmaz.com\/wp-content\/uploads\/2011\/11\/7173.jpg\"  class=\"lightview\"><img loading=\"lazy\" decoding=\"async\" class=\"aligncenter  wp-image-42872\" src=\"http:\/\/www.korhanyilmaz.com\/wp-content\/uploads\/2011\/11\/7173.jpg\" alt=\"\" width=\"396\" height=\"180\" \/><\/a><\/p>\n<p style=\"text-align: justify;\">\u015eike soru\u015fturmas\u0131nda g\u00f6zalt\u0131na al\u0131nan ve d\u00fcn \u0130stanbul Emniyet M\u00fcd\u00fcrl\u00fc\u011f\u00fc&#8217;nde ifade veren T\u00fcrkiye Futbol Federasyonu Ba\u015fkan Vekili G\u00f6ksel G\u00fcm\u00fc\u015fda\u011f, \u0130stanbul Adliyesi\u2019ne getirilmesinin ard\u0131ndan serbest b\u0131rak\u0131ld\u0131.<!--more--><\/p>\n<p style=\"text-align: justify;\">\u0130stanbul Emniyet M\u00fcd\u00fcrl\u00fc\u011f\u00fc&#8217;ndeki soru\u015fturmas\u0131n\u0131n bitmesinin ard\u0131ndan \u0130stanbul Adliyesi&#8217;ne getirilen T\u00fcrkiye Futbol Federasyonu Ba\u015fkanvekili G\u00f6ksel G\u00fcm\u00fc\u015fda\u011f, savc\u0131l\u0131ktaki sorgusunun ard\u0131ndan serbest b\u0131rak\u0131ld\u0131.<\/p>\n<p style=\"text-align: justify;\">Be\u015fikta\u015f&#8217;taki \u0130stanbul Adliyesi&#8217;nde \u00d6zel Yetkili Cumhuriyet Savc\u0131s\u0131 Mehmet Berk&#8217;e ifade verdikten sonra serbest b\u0131rak\u0131lan G\u00fcm\u00fc\u015fda\u011f, adliye \u00e7\u0131k\u0131\u015f\u0131nda bas\u0131n mensuplar\u0131na a\u00e7\u0131klama yapt\u0131.<\/p>\n<p style=\"text-align: justify;\">G\u00fcm\u00fc\u015fda\u011f, \u015funlar\u0131 s\u00f6yledi:<\/p>\n<p style=\"text-align: justify;\">&#8221;\u0130stanbul Emniyet M\u00fcd\u00fcrl\u00fc\u011f\u00fc, savc\u0131l\u0131\u011f\u0131m\u0131z\u0131n iste\u011fi \u00fczerine, ba\u015fkanl\u0131\u011f\u0131n\u0131 yapt\u0131\u011f\u0131m \u0130stanbul B\u00fcy\u00fck\u015fehir Belediyespor Kul\u00fcb\u00fc ile Be\u015fikta\u015f aras\u0131nda oynanan T\u00fcrkiye Kupas\u0131 final m\u00fcsabakas\u0131yla ilgili bilgime ba\u015fvurdular.<\/p>\n<p style=\"text-align: justify;\">Kul\u00fcpler Birli\u011fi Ba\u015fkan Vekili, kul\u00fcp ba\u015fkanl\u0131\u011f\u0131m, TFF Ba\u015fkanl\u0131\u011f\u0131na adayl\u0131\u011f\u0131m se\u00e7im s\u00fcrecinde adayl\u0131\u011f\u0131m ile ilgili bilgi al\u0131nd\u0131. Bunlar\u0131n hepsini \u00e7ok a\u00e7\u0131k ve net ilettik, bildirdik.<\/p>\n<p style=\"text-align: justify;\">Her ifademde gerek Be\u015fikta\u015f, gerek di\u011fer konularla ilgili \u015funu \u00f6zellikle belirttim, \u0130stanbul B\u00fcy\u00fck\u015fehir Belediyespor Kul\u00fcb\u00fc ve \u015fahs\u0131m G\u00f6ksel G\u00fcm\u00fc\u015fda\u011f olarak, camiam olarak, hi\u00e7 idari ve adli cezaya gerek kalmaks\u0131z\u0131n, en ufak bir emare olsa T\u00fcrk futbolundan \u00e7ekilmeye haz\u0131r oldu\u011fumu kay\u0131tlara da ge\u00e7tim. Savc\u0131ya da rica ettim. O da bu anlamda &#8216;gidebilirsiniz&#8217; diye talimat verdi. Biz de ayr\u0131l\u0131yoruz. \u00c7ok te\u015fekk\u00fcr ederim.&#8221;<\/p>\n<p style=\"text-align: justify;\">Bir gazetecinin &#8216;Ka\u00e7 soru soruldu efendim?&#8217; \u015feklindeki sorusu \u00fczerine de G\u00fcm\u00fc\u015fda\u011f, \u015funlar\u0131 s\u00f6yledi:<\/p>\n<p style=\"text-align: justify;\">&#8221;Gizlilik devam ediyor, onun i\u00e7in fazla a\u00e7\u0131klama yapmak istemiyorum. Ama gelip burada ifade vermekten \u00e7ok memnunum. \u00c7\u00fcnk\u00fc zaman zaman kamuoyunda da b\u00f6yle bir spek\u00fclasyon oldu, biliyorsunuz. Bu da beni \u00e7ok rahatlatm\u0131\u015f oldu. En az\u0131ndan kamuoyunda bu alg\u0131lar\u0131 silmi\u015f oluruz.<\/p>\n<p style=\"text-align: justify;\">Her zaman gerek kul\u00fcb\u00fcm\u00fczle de gerek y\u00f6netim anlay\u0131\u015f\u0131m\u0131zla gerek teknik direkt\u00f6r\u00fcm\u00fczle T\u00fcrk futboluna do\u011fru model olmaya \u00e7al\u0131\u015ft\u0131k. Bug\u00fcn de, 3-4 tane sorunun d\u0131\u015f\u0131nda ba\u015fka bir \u015fey olmad\u0131\u011f\u0131n\u0131 biliyoruz. Sadece resmi prosed\u00fcr devam etmekte.<\/p>\n<p style=\"text-align: justify;\">Kul\u00fcpler Birli\u011fi Vakf\u0131 Ba\u015fkan Vekilli\u011fi&#8217;ni yaparken tek Aziz Bey ile de\u011fil, di\u011fer kul\u00fcp ba\u015fkanlar\u0131yla ilgili de soru sormu\u015f olabilirler. Bunun bir \u00f6zel gizlili\u011fi var, bunu s\u00f6yleyemem ama a\u011f\u0131rl\u0131kl\u0131 3-4 tane soru soruldu. Bunlar\u0131n hepsinin cevab\u0131n\u0131 verdim.&#8221;<\/p>\n<p style=\"text-align: justify;\"><a href=\"http:\/\/www.gazeteport.com.tr\/haber\/63928\/goksel_gumusdag_serbest_birakildi\" target=\"_blank\">Kaynak : GAZETEPORT<\/a><\/p>\n","protected":false},"excerpt":{"rendered":"<p style=\"text-align: center;\">\n<p style=\"text-align: justify;\">\u015eike soru\u015fturmas\u0131nda g\u00f6zalt\u0131na al\u0131nan ve d\u00fcn \u0130stanbul Emniyet M\u00fcd\u00fcrl\u00fc\u011f\u00fc&#8217;nde ifade veren T\u00fcrkiye Futbol Federasyonu Ba\u015fkan Vekili G\u00f6ksel G\u00fcm\u00fc\u015fda\u011f, \u0130stanbul Adliyesi\u2019ne getirilmesinin ard\u0131ndan serbest b\u0131rak\u0131ld\u0131.<\/p>\n","protected":false},"author":1,"featured_media":0,"comment_status":"open","ping_status":"open","sticky":false,"template":"","format":"standard","meta":{"footnotes":""},"categories":[105],"tags":[490],"class_list":["post-42871","post","type-post","status-publish","format-standard","hentry","category-gundem","tag-goksel-gumusdag","odd"],"_links":{"self":[{"href":"http:\/\/www.korhanyilmaz.com\/index.php?rest_route=\/wp\/v2\/posts\/42871","targetHints":{"allow":["GET"]}}],"collection":[{"href":"http:\/\/www.korhanyilmaz.com\/index.php?rest_route=\/wp\/v2\/posts"}],"about":[{"href":"http:\/\/www.korhanyilmaz.com\/index.php?rest_route=\/wp\/v2\/types\/post"}],"author":[{"embeddable":true,"href":"http:\/\/www.korhanyilmaz.com\/index.php?rest_route=\/wp\/v2\/users\/1"}],"replies":[{"embeddable":true,"href":"http:\/\/www.korhanyilmaz.com\/index.php?rest_route=%2Fwp%2Fv2%2Fcomments&post=42871"}],"version-history":[{"count":0,"href":"http:\/\/www.korhanyilmaz.com\/index.php?rest_route=\/wp\/v2\/posts\/42871\/revisions"}],"wp:attachment":[{"href":"http:\/\/www.korhanyilmaz.com\/index.php?rest_route=%2Fwp%2Fv2%2Fmedia&parent=42871"}],"wp:term":[{"taxonomy":"category","embeddable":true,"href":"http:\/\/www.korhanyilmaz.com\/index.php?rest_route=%2Fwp%2Fv2%2Fcategories&post=42871"},{"taxonomy":"post_tag","embeddable":true,"href":"http:\/\/www.korhanyilmaz.com\/index.php?rest_route=%2Fwp%2Fv2%2Ftags&post=42871"}],"curies":[{"name":"wp","href":"https:\/\/api.w.org\/{rel}","templated":true}]}}