{"id":4287,"date":"2009-03-01T13:54:36","date_gmt":"2009-03-01T11:54:36","guid":{"rendered":"http:\/\/www.korhanyilmaz.com\/?p=4287"},"modified":"2009-03-01T13:54:36","modified_gmt":"2009-03-01T11:54:36","slug":"ocalan-turkiyeye-nasil-getirildi","status":"publish","type":"post","link":"http:\/\/www.korhanyilmaz.com\/?p=4287","title":{"rendered":"\u00d6calan, T\u00fcrkiye&#039;ye nas\u0131l getirildi?"},"content":{"rendered":"<p style=\"text-align: justify;\"><img loading=\"lazy\" decoding=\"async\" class=\"aligncenter size-full wp-image-4288\" title=\"\u00d6calan, T\u00fcrkiye'ye nas\u0131l getirildi? \" src=\"http:\/\/www.korhanyilmaz.com\/wp-content\/uploads\/2009\/03\/010320091350317927104.jpg\" alt=\"\u00d6calan, T\u00fcrkiye'ye nas\u0131l getirildi? \" width=\"376\" height=\"240\" \/><\/p>\n<p style=\"text-align: justify;\"><strong>&#8220;Bizler, muz t\u00fcccar\u0131y\u0131z. Muz cumhuriyetinden, T\u00fcrkiye&#8217;ye muz ithal etmeye geldik&#8221;<\/strong><\/p>\n<p style=\"text-align: justify;\">\u0130\u015fadam\u0131 pasaportlu alt\u0131 ki\u015filik operasyon ekibi, seyahat s\u0131ras\u0131nda kendi aralar\u0131nda \u015fakala\u015f\u0131rken, &#8220;Bizler, muz t\u00fcccar\u0131y\u0131z. Muz cumhuriyetinden, T\u00fcrkiye&#8217;ye muz ithal etmeye geldik&#8221; diyorlard\u0131.<\/p>\n<p style=\"text-align: justify;\">1999 y\u0131l\u0131nda, T\u00fcrkiye Cumhuriyeti Devleti&#8217;nin zirvesinde bulunan \u00fc\u00e7 \u015fahsiyet; Cumhurba\u015fkan\u0131 S\u00fcleyman Demirel, Ba\u015fbakan B\u00fclent Ecevit ve Genelkurmay Ba\u015fkan\u0131 Orgeneral H\u00fcseyin K\u0131vr\u0131ko\u011flu, 4 \u015eubat Per\u015fembe g\u00fcn\u00fcn\u00fcn son dakikalar\u0131nda s\u0131n\u0131rlar\u0131m\u0131z d\u0131\u015f\u0131nda ger\u00e7ekle\u015fmesi planlanan \u00e7ok \u00f6nemli bir operasyon karar\u0131na imza at\u0131yorlard\u0131. Bu karar, PKK ter\u00f6r \u00f6rg\u00fct\u00fcn\u00fcn y\u00f6neticisi Abdullah \u00d6calan&#8217;\u0131, bulundu\u011fu bir Afrika \u00fclkesinden T\u00fcrkiye&#8217;ye getirmekti. \u015eimdi, T\u00fcrkiye&#8217;yi bu karara sevk eden olay\u0131n d\u00f6rt ay \u00f6ncesine d\u00f6nelim&#8230; <!--more-->\u00d6calan, 9 Ekim 1998 Cuma g\u00fcn\u00fc, yakla\u015f\u0131k 20 y\u0131ldan beri ya\u015fad\u0131\u011f\u0131 Suriye&#8217;den s\u0131n\u0131rd\u0131\u015f\u0131 edilmi\u015f; Atina, Moskova, Roma, St. Petersburg, Minsk ve Korfu Adas\u0131 aras\u0131nda dola\u015f\u0131rken 1999 y\u0131l\u0131n\u0131n \u015fubat ba\u015f\u0131nda izini kaybettirmi\u015fti. Bu geli\u015fmeler ya\u015fan\u0131rken, T\u00fcrkiye t\u00fcm siyasi, g\u00fcvenlik ve diplomasi birimleriyle alarma ge\u00e7mi\u015f; ABD, \u0130srail ve pek \u00e7ok Avrupa \u00fclkesi gizli servisleri de ter\u00f6r \u00f6rg\u00fct\u00fc y\u00f6neticisini izlemeye alm\u0131\u015ft\u0131.<\/p>\n<p style=\"text-align: justify;\"><strong>CIA&#8217;IN \u015eEF\u0130: TESL\u0130M EDER\u0130Z <\/strong><\/p>\n<p style=\"text-align: justify;\">Cumhurba\u015fkan\u0131 Demirel&#8217;in 4 \u015eubat 1999 tarihli randevu defterinde, saat 17.30&#8217;da M\u0130T M\u00fcste\u015far\u0131 \u015eenkal Atasagun&#8217;un ziyareti g\u00f6r\u00fcn\u00fcyordu. Atasagun, K\u00f6\u015fk&#8217;te, PKK liderine ili\u015fkin takip hakk\u0131nda son bilgileri veriyor, \u00d6calan&#8217;\u0131n bir Afrika \u00fclkesinde olabilece\u011fini Cumhurba\u015fkan\u0131&#8217;na arz ediyordu. M\u0130T&#8217;in, Amerikal\u0131larla bu konudaki i\u015fbirli\u011fi, bilgi al\u0131\u015fveri\u015fi \u015feklinde devam etmekteydi. Onlar da \u00d6calan&#8217;\u0131n pe\u015findeydi. Demirel, Atasagun&#8217;a te\u015fekk\u00fcr ediyor, K\u00f6\u015fk&#8217;ten ayr\u0131lan M\u0130T M\u00fcste\u015far\u0131, Yenimahalle&#8217;deki \u00e7al\u0131\u015fma ofisine d\u00f6n\u00fcyordu. Ayn\u0131 g\u00fcn\u00fcn gecesi, CIA&#8217;n\u0131n T\u00fcrkiye&#8217;deki \u0130stasyon \u015eefi, M\u0130T M\u00fcste\u015far\u0131&#8217;n\u0131 ziyaret ederek, &#8220;Ba\u015fkan&#8217;dan izin \u00e7\u0131kt\u0131. \u0130sterseniz, \u00d6calan&#8217;\u0131 size teslim edebiliriz&#8221; diyordu. Bu yeni geli\u015fme, an\u0131nda Cumhurba\u015fkan\u0131 ve Ba\u015fbakan&#8217;a ula\u015ft\u0131r\u0131l\u0131yor, Demirel de gece yar\u0131s\u0131 \u00c7ankaya K\u00f6\u015fk\u00fc&#8217;nde devletin zirvesini toplama karar\u0131 al\u0131yordu.<\/p>\n<p style=\"text-align: justify;\"><strong>\u00dcN\u0130FORMASINI B\u0130LE G\u0130YMEM\u0130\u015eT\u0130 <\/strong><\/p>\n<p style=\"text-align: justify;\">Pembe K\u00f6\u015fk, genelde geceleri \u00e7ok sakin ge\u00e7irirdi. Ancak 4 \u015eubat gecesi ola\u011fan\u00fcst\u00fc bir hal seziliyordu. N\u00f6bet\u00e7i Yaver Deniz Yarbay Zafer Karaku\u015fluo\u011flu ile n\u00f6bet\u00e7i doktor Aylin Cesur, Cumhurba\u015fkan\u0131&#8217;n\u0131n makam odas\u0131n\u0131 haz\u0131rl\u0131yor, i\u00e7 g\u00fcvenli\u011fi sa\u011flayan polisler de zirve toplant\u0131s\u0131na kat\u0131lacak devlet b\u00fcy\u00fcklerini kar\u015f\u0131lamak i\u00e7in \u00f6nlem al\u0131yorlard\u0131. K\u00f6\u015fk&#8217;te bir ko\u015fu\u015fturmacad\u0131r ba\u015flam\u0131\u015ft\u0131. Cumhurba\u015fkan\u0131&#8217;n\u0131n ikametg\u00e1h\u0131n\u0131n da yer ald\u0131\u011f\u0131 Pembe K\u00f6\u015fk&#8217;e \u00f6n haz\u0131rl\u0131klar\u0131 yapmak i\u00e7in gece yar\u0131s\u0131 intikal eden Ba\u015fyaver Kurmay Albay Reha Ta\u015fkesen&#8217;in ise \u00fcniformas\u0131n\u0131 giymeye dahi vakit bulamay\u0131p, spor bir k\u0131yafetle geldi\u011fi g\u00f6r\u00fcl\u00fcyordu.<\/p>\n<p style=\"text-align: justify;\"><strong>BU TEKL\u0130FE NE D\u0130YORSUNUZ <\/strong><\/p>\n<p style=\"text-align: justify;\">Cumhurba\u015fkan\u0131 Demirel, ayn\u0131 g\u00fcn saat 17.30&#8217;da M\u0130T M\u00fcste\u015far\u0131&#8217;n\u0131, 18.00&#8217;de Genelkurmay Ba\u015fkan\u0131&#8217;n\u0131, 19.00&#8217;da da Ba\u015fbakan&#8217;\u0131 kabul ederek kendileriyle haftal\u0131k ola\u011fan g\u00f6r\u00fc\u015fmesini yapm\u0131\u015ft\u0131. Genelkurmay Ba\u015fkan\u0131 K\u0131vr\u0131ko\u011flu, K\u00f6\u015fk&#8217;ten davet ald\u0131ktan sonra &#8220;Acaba bir yanl\u0131\u015fl\u0131k m\u0131 var? Say\u0131n Cumhurba\u015fkan\u0131&#8217;n\u0131 birka\u00e7 saat \u00f6nce ziyaret etmi\u015ftim&#8221; diyor ve emir subay\u0131na, &#8220;K\u00f6\u015fk&#8217;\u00fc arayal\u0131m, teyit alal\u0131m&#8221; talimat\u0131 veriyordu. K\u00f6\u015fk&#8217;ten gelen cevap, &#8220;Cumhurba\u015fkan\u0131m\u0131z, ola\u011fan\u00fcst\u00fc toplant\u0131 yapacaklar&#8221; \u015feklindeydi. Ola\u011fan\u00fcst\u00fc geli\u015fme, ola\u011fan\u00fcst\u00fc zirveyi gerektirdi\u011fi i\u00e7in Ecevit, K\u0131vr\u0131ko\u011flu ve Atasagun, ayn\u0131 g\u00fcn ikinci defa K\u00f6\u015fk&#8217;e ula\u015farak, Atat\u00fcrk&#8217;\u00fcn de kulland\u0131\u011f\u0131, Cumhurba\u015fkanl\u0131\u011f\u0131&#8217;n\u0131n tarihi makam odas\u0131nda Demirel&#8217;le bir araya geliyorlard\u0131. Cumhurba\u015fkan\u0131, toplant\u0131da ilk s\u00f6z\u00fc M\u0130T M\u00fcste\u015far\u0131&#8217;na veriyor, \u015eenkal Atasagun da gerekli a\u00e7\u0131klamalar\u0131 yapt\u0131ktan sonra, Demirel toplant\u0131da haz\u0131r bulunanlara &#8220;Bu teklife ne diyorsunuz?&#8221; \u015feklinde soru y\u00f6neltiyordu. Hem Ba\u015fbakan, hem de Genelkurmay Ba\u015fkan\u0131, bu geli\u015fme \u00fczerine memnuniyetlerini ifade ediyor, Abdullah \u00d6calan&#8217;\u0131 T\u00fcrkiye&#8217;ye getirebilmek i\u00e7in hi\u00e7bir fedak\u00e1rl\u0131ktan ka\u00e7\u0131n\u0131lmamas\u0131 \u00f6nerisinde bulunuyorlard\u0131. Zirve, karar\u0131n\u0131 vermi\u015f, \u00d6calan&#8217;\u0131n, Amerikal\u0131lar\u0131n yard\u0131m edece\u011fi bir operasyonla, o s\u0131rada bulundu\u011fu bir Afrika \u00fclkesinden T\u00fcrkiye&#8217;ye getirilmesi konusunda anla\u015fmaya var\u0131lm\u0131\u015ft\u0131.<\/p>\n<p style=\"text-align: justify;\"><strong>SAHTE PASAPORTLU \u0130\u015e ADAMLARI EK\u0130B\u0130 <\/strong><\/p>\n<p style=\"text-align: justify;\">Afrika&#8217;ya gidecek olan yolcular\u0131n pasaportu sahteydi. Kendileri hakk\u0131nda verilen a\u00e7\u0131klay\u0131c\u0131 bilgide, i\u015fadam\u0131 olduklar\u0131 ifade ediliyordu. \u0130\u015fadam\u0131 pasaportlu alt\u0131 ki\u015filik operasyon ekibi, seyahat s\u0131ras\u0131nda kendi aralar\u0131nda \u015fakala\u015f\u0131rken, &#8220;Bizler, muz t\u00fcccar\u0131y\u0131z. Muz cumhuriyetinden, T\u00fcrkiye&#8217;ye muz ithal etmeye geldik&#8221; diyorlard\u0131. Yol uzun oldu\u011fu i\u00e7in, u\u00e7a\u011fa ikmal yap\u0131l\u0131rken, yak\u0131t tank\u0131 tamamen dolduruluyor, ancak yolcular\u0131n g\u0131da ikmali ihmal ediliyordu. Oysa, yakla\u015f\u0131k 6 saat boyunca u\u00e7ulacak, bu arada herhangi bir havaliman\u0131ndan transit ge\u00e7i\u015f yap\u0131lmayacakt\u0131. Yolcular ve m\u00fcrettebat, me\u00e7hul bir operasyona gitmenin heyecan\u0131 i\u00e7erisinde yemek ikmalini d\u00fc\u015f\u00fcnm\u00fcyor, yanlar\u0131na Karpuzkald\u0131ran askeri tesislerinden sadece sandvi\u00e7ler al\u0131yorlard\u0131.<\/p>\n<p style=\"text-align: justify;\"><strong>HAVALANANLAR HEDEF\u0130 B\u0130LM\u0130YORDU <\/strong><\/p>\n<p style=\"text-align: justify;\">Antalya Uluslararas\u0131 Havaliman\u0131&#8217;ndan sabah saatlerinde havalanan u\u00e7ak, Yunanistan, M\u0131s\u0131r ve Sudan hava sahalar\u0131n\u0131 6 saatte katettikten sonra Uganda&#8217;n\u0131n ba\u015fkenti Kampala&#8217;ya ula\u015f\u0131yor, meteorolojik \u015fartlar gayet elveri\u015fli oldu\u011fu i\u00e7in Entebbe Havaliman\u0131&#8217;na ini\u015fi sorunsuz bir \u015fekilde ger\u00e7ekle\u015fiyordu. U\u00e7aktaki yolcular Afrika&#8217;ya giderken adeta k\u00f6rleri ve sa\u011f\u0131rlar\u0131 oynuyorlard\u0131. Birbirlerine nereye gittiklerini, ne yapacaklar\u0131n\u0131 sormuyor veya soram\u0131yorlard\u0131. Belki ekip \u015fefi biliyordu, ama \u00fc\u00e7 ki\u015filik m\u00fcrettebat ile d\u00f6rt M\u0130T mensubu ve bir askeri tabip, nas\u0131l bir manzarayla kar\u015f\u0131la\u015facaklar\u0131ndan habersizdi.<\/p>\n<p style=\"text-align: justify;\">U\u00e7akta bulunan M\u0130T g\u00f6revlileri, hem kabin i\u00e7inden, hem de pencereden g\u00f6r\u00fcnt\u00fcler al\u0131yor, \u00f6nce Akdeniz, ard\u0131ndan da M\u0131s\u0131r Piramitleri ve u\u00e7suz bucaks\u0131z Afrika \u00e7\u00f6lleri yolcular taraf\u0131ndan merak ve ilgiyle izleniyordu. Gidi\u015f yolculu\u011fu s\u0131ras\u0131nda herhangi bir g\u00fcvenlik sorunu da s\u00f6z konusu de\u011fildi. U\u00e7ak, Uganda, Kenya ve Tanzanya&#8217;ya k\u0131y\u0131s\u0131 bulunan Victoria G\u00f6l\u00fc&#8217;n\u00fcn hemen yan\u0131ba\u015f\u0131ndaki ba\u015fkent Kampala&#8217;n\u0131n Entebbe Havaliman\u0131&#8217;na indi\u011finde, etraf g\u00fcnl\u00fck g\u00fcne\u015flikti. Oysa T\u00fcrkiye, o g\u00fcnlerde \u015fiddetli bir k\u0131\u015f ya\u015f\u0131yordu. Muz t\u00fcccarlar\u0131 olarak tan\u0131t\u0131lan yolcular da, \u00fcstlerinden ge\u00e7en Ekvator \u00e7izgisinin ayr\u0131cal\u0131\u011f\u0131ndan yararlan\u0131p, yaz g\u00fcnlerini ya\u015famaya haz\u0131rlan\u0131yorlard\u0131.<\/p>\n<p style=\"text-align: justify;\"><strong>PASAPORTLARINIZI TELEFONLARINIZI BIRAKIN <\/strong><\/p>\n<p style=\"text-align: justify;\">Nergis Havac\u0131l\u0131k&#8217;tan kiralanan u\u00e7ak, kiralama s\u00f6zle\u015fmesinin yap\u0131lmas\u0131ndan sonra M\u0130T M\u00fcste\u015farl\u0131\u011f\u0131&#8217;n\u0131n emrine giriyor, ard\u0131ndan da \u00fc\u00e7 ki\u015filik m\u00fcrettebat\u0131yla Bursa&#8217;dan havalan\u0131p, Ankara Etimesgut&#8217;taki Askeri Havaalan\u0131&#8217;na iniyordu. U\u00e7ak, askeri alandaki bir hangar\u0131n \u00f6n\u00fcne \u00e7ekiliyor, \u00fc\u00e7 ki\u015filik m\u00fcrettebat da, hangar\u0131n i\u00e7inde bulunan salonda toplant\u0131ya al\u0131n\u0131yordu. Toplant\u0131y\u0131 M\u0130T M\u00fcste\u015far\u0131 y\u00f6netiyor, m\u00fcrettebat\u0131, amac\u0131 ve hedefi hen\u00fcz a\u00e7\u0131klanmayan operasyona kat\u0131lacak di\u011fer personelle tan\u0131\u015ft\u0131r\u0131yordu. 9 ki\u015filik operasyon ekibi; be\u015f M\u0130T mensubu, bir askeri tabip ve \u00fc\u00e7 ki\u015filik u\u00e7ak m\u00fcrettebat\u0131ndan olu\u015fuyordu. Ekip \u015fefi, M\u0130T mensuplar\u0131 aras\u0131ndan se\u00e7ilmi\u015fti. \u015eenkal Atasagun, hangardaki ofis b\u00f6l\u00fcm\u00fcnde operasyona kat\u0131lacak dokuz ki\u015fi ile tek tek g\u00f6r\u00fc\u015f\u00fcyor, kendilerine ba\u015far\u0131lar diliyordu.<\/p>\n<p style=\"text-align: justify;\"><strong>\u00d6NCE ANTALYA <\/strong><\/p>\n<p style=\"text-align: justify;\">Daha sonra ekip \u015fefi, d\u0131\u015f seyahate gidecek olan sekiz ki\u015fiyle birlikte ortak bir toplant\u0131 yap\u0131yor ve kendilerine \u015fu talimatlar\u0131 veriyordu: &#8220;Arkada\u015flar, devlet ad\u0131na \u00e7ok \u00f6nemli bir operasyona gidiyoruz. \u015eimdi, ailelerinizle telefon g\u00f6r\u00fc\u015fmesi yap\u0131n\u0131z. Kendilerine, \u00f6nemli bir g\u00f6reve gidece\u011finizi, bu nedenle \u00e7ok uzun olmayan bir s\u00fcre boyunca onlar\u0131 telefonla arama imk\u00e1n\u0131n\u0131z\u0131n bulunmayaca\u011f\u0131n\u0131 bildiriniz. Daha sonra cep telefonlar\u0131n\u0131z\u0131 bize teslim ediniz. Sizin, yurtd\u0131\u015f\u0131na yapaca\u011f\u0131n\u0131z bu seyahatteki g\u00fczerg\u00e1h\u0131n\u0131z\u0131 ilerleyen g\u00fcnlerde a\u00e7\u0131klayaca\u011f\u0131z. Ama \u00f6nce birlikte Antalya&#8217;ya gidece\u011fiz. G\u00f6revimiz boyunca, program, taraf\u0131mdan yap\u0131lacak. T\u00fcm ihtiya\u00e7lar\u0131n\u0131z da yine taraf\u0131mdan kar\u015f\u0131lanacak. \u015eimdi, pasaportlar\u0131n\u0131z\u0131 da bana teslim ediniz ve ilk dura\u011f\u0131m\u0131z olan Antalya&#8217;ya gitmek i\u00e7in hareket emrini bekleyiniz. Tekrar hat\u0131rlatmak istiyorum ki, \u00e7ok \u00f6nemli bir d\u0131\u015f g\u00f6reve gidiyoruz. G\u00f6revde oldu\u011fumuz s\u00fcre i\u00e7erisinde, belirleyece\u011fim ve sizlere bildirece\u011fim kurallara kusursuz bir \u015fekilde uyman\u0131z\u0131 bekliyorum. Bu uyum, operasyonun ba\u015far\u0131s\u0131n\u0131 da sa\u011flayacakt\u0131r. Tanr\u0131 yard\u0131mc\u0131m\u0131z olsun&#8230;&#8221;<\/p>\n<p style=\"text-align: justify;\"><strong>EM\u0130R ONDAN <\/strong><\/p>\n<p style=\"text-align: justify;\">D\u00d6NEM\u0130N Cumhurba\u015fkan\u0131 S\u00fcleyman Demirel, PKK ter\u00f6r \u00f6rg\u00fct\u00fcyle m\u00fccadele ve \u00d6calan&#8217;\u0131n yakalanmas\u0131 i\u00e7in al\u0131nan kararlar\u0131 30 Aral\u0131k 2008 Sal\u0131 g\u00fcn\u00fc \u00f6zetle \u015f\u00f6yle anlat\u0131yordu: &#8220;Son ba\u015fbakanl\u0131\u011f\u0131m d\u00f6neminde, \u00f6nce pek \u00e7ok \u00fclke liderine mektuplarla PKK ter\u00f6r \u00f6rg\u00fct\u00fc konusunda ayd\u0131nlat\u0131c\u0131 ve uyar\u0131c\u0131 bilgiler verdim. 1993 y\u0131l\u0131n\u0131n ocak ay\u0131nda ise Suriye&#8217;ye giderek, Haf\u0131z Esad&#8217;dan, PKK kamplar\u0131n\u0131n da\u011f\u0131t\u0131lmas\u0131n\u0131 ve \u00f6rg\u00fct eleba\u015f\u0131s\u0131n\u0131n T\u00fcrkiye&#8217;ye teslimini istedim. O zat, o tarihte Suriye&#8217;nin Lazkiye \u015fehrinde ya\u015f\u0131yordu. Haf\u0131z Esad, bunu ink\u00e1r etti. Kendisine uzatt\u0131\u011f\u0131m ve \u00fczerinde \u00f6rg\u00fct eleba\u015f\u0131s\u0131n\u0131n adresi ve telefon numaras\u0131 bulunan k\u00e1\u011f\u0131d\u0131 da al\u0131p cebine koydu. 1997 y\u0131l\u0131n\u0131n aral\u0131k ay\u0131nda T\u00fcrkiye Cumhurba\u015fkan\u0131 s\u0131fat\u0131yla \u0130slam Konferans\u0131 \u00d6rg\u00fct\u00fc Zirvesi&#8217;ne kat\u0131ld\u0131m. Bu zirvede, Suriye, T\u00fcrkiye aleyhine karar tasar\u0131s\u0131 \u00e7\u0131kartt\u0131rmak istedi, buna m\u00e1ni oldum ve konferansa kat\u0131lan liderlere hitaben yapt\u0131\u011f\u0131m konu\u015fmada, &#8216;Suriye&#8217;nin hareketi, ne kom\u015fulu\u011fa, ne M\u00fcsl\u00fcmanl\u0131\u011fa, ne de insanl\u0131\u011fa s\u0131\u011far&#8217; dedim. Ter\u00f6r \u00f6rg\u00fct\u00fcn\u00fcn eleba\u015f\u0131s\u0131, siyasi bask\u0131lar\u0131m\u0131z sonucu 9 Ekim 1998 g\u00fcn\u00fc Suriye&#8217;den s\u0131n\u0131rd\u0131\u015f\u0131 edildi. Kendisini ad\u0131m ad\u0131m izletmeye ba\u015flad\u0131k. 4 \u015eubat 1999 Per\u015fembe g\u00fcn\u00fc, M\u0130T M\u00fcste\u015far\u0131, haftal\u0131k ola\u011fan kabul\u00fcm s\u0131ras\u0131nda, bu konuda yeni geli\u015fmelerden s\u00f6z etti. O zat\u0131n Amerikal\u0131lar taraf\u0131ndan izlendi\u011fini, muhtemelen Afrika&#8217;daki bir \u00fclkede bar\u0131nd\u0131r\u0131ld\u0131\u011f\u0131n\u0131 ifade etti. Ayn\u0131 g\u00fcn\u00fcn gece vakti, Amerikal\u0131lar\u0131n m\u00fc\u015fahhas (somut) bir teklifini bize intikal ettirdi. Bu yeni bilgiye g\u00f6re, ter\u00f6ristba\u015f\u0131n\u0131n Kenya&#8217;da bar\u0131nd\u0131\u011f\u0131 tespit edilmi\u015f, istenmesi halinde bize teslim edilebilirmi\u015f. Memnuniyet duydum. Daha sonra bu karar\u0131n bizzat Ba\u015fkan Clinton&#8217;dan \u00e7\u0131kt\u0131\u011f\u0131n\u0131 \u00f6\u011frenecektim. Ba\u015fbakan merhum Ecevit, Genelkurmay Ba\u015fkan\u0131 Orgeneral Say\u0131n K\u0131vr\u0131ko\u011flu ve M\u0130T M\u00fcste\u015far\u0131 Say\u0131n Atasagun&#8217;u acilen g\u00f6r\u00fc\u015fmeye \u00e7a\u011f\u0131rd\u0131m. Bu g\u00f6r\u00fc\u015fmede, her \u015fart alt\u0131nda o zat\u0131 teslim alma karar\u0131 verdik.&#8221;<\/p>\n<p style=\"text-align: justify;\"><strong>Korsan enkaz\u0131 da Entebbe&#8217;deydi <\/strong><\/p>\n<p style=\"text-align: justify;\">Havaliman\u0131n\u0131n terminal binas\u0131nda koskocaman &#8220;Welcome to Entebbe International Airport&#8221; yaz\u0131s\u0131 g\u00f6ze \u00e7arp\u0131yordu. Bu havaliman\u0131, yak\u0131n tarihimizdeki \u00e7ok \u00f6nemli bir hava korsanl\u0131\u011f\u0131 olay\u0131n\u0131 \u00e7a\u011fr\u0131\u015ft\u0131rmaktayd\u0131. Alan, filmlere dahi konu olmu\u015ftu. Havaliman\u0131nda bulunan hurdaya d\u00f6n\u00fc\u015fm\u00fc\u015f, devasa bir u\u00e7ak enkaz\u0131, T\u00fcrkiye&#8217;den gelen yolcular\u0131n dikkatini \u00e7ekiyordu. Bu, 1976&#8217;da Filistinli hava korsanlar\u0131 taraf\u0131ndan sald\u0131r\u0131ya u\u011fram\u0131\u015f olan Air France u\u00e7a\u011f\u0131n\u0131n enkaz\u0131yd\u0131. Aradan 23 y\u0131l ge\u00e7mi\u015f, ama o enkaza dokunulmam\u0131\u015ft\u0131. Kimbilir o enkaz, belki de ibret al\u0131nmas\u0131 i\u00e7in orada tutuluyordu.<\/p>\n<p style=\"text-align: justify;\"><strong>\u0130kmalsiz u\u00e7ak 200 bin dolara kiraland\u0131 <\/strong><\/p>\n<p style=\"text-align: justify;\">M\u00fcste\u015far Atasagun, toplant\u0131 s\u0131ras\u0131nda, \u00d6calan&#8217;\u0131 getirebilmek i\u00e7in, ikmal yapmadan 10-12 saat u\u00e7abilen, uzun menzilli, sivil bir yolcu u\u00e7a\u011f\u0131na ihtiya\u00e7 oldu\u011funu belirtiyordu. Toplant\u0131 ba\u015flamadan \u00f6nce gerekli \u00f6n haz\u0131rl\u0131klar\u0131 yapm\u0131\u015f bulunan Atasagun&#8217;un verdi\u011fi bilgiye g\u00f6re, s\u00f6z konusu u\u00e7aklardan T\u00fcrkiye&#8217;de sadece iki adet bulunmaktayd\u0131. Bunlardan birisi eski Devlet Bakan\u0131, i\u015fadam\u0131 Cavit \u00c7a\u011flar&#8217;\u0131n sahibi oldu\u011fu Nergis Havac\u0131l\u0131k \u015firketine kay\u0131tl\u0131yd\u0131. Uzun menzilli \u00f6teki u\u00e7ak ise, \u0130stanbul&#8217;daki Akmerkez&#8217;in sahibi Din\u00e7k\u00f6k Ailesi&#8217;ne aitti. Ba\u015fbakanl\u0131k&#8217;tan yetkili bir ki\u015fi, 5 \u015eubat 1999 Cuma g\u00fcn\u00fc Nergis Havac\u0131l\u0131k \u015firketinin y\u00f6neticisiyle g\u00f6r\u00fc\u015ferek, firmalar\u0131na ait Falcon u\u00e7a\u011f\u0131n\u0131n \u00f6nemli bir d\u0131\u015f seyahatte kullan\u0131lmak \u00fczere kiralanmak istendi\u011fini bildiriyordu. Havac\u0131l\u0131k \u015firketinin yetkilisi, Ba\u015fbakanl\u0131k&#8217;tan gelen bu teklife olumlu cevap veriyor, bu arada T\u00fcrkiye Ula\u015ft\u0131rma Bakanl\u0131\u011f\u0131 Sivil Havac\u0131l\u0131k Genel M\u00fcd\u00fcrl\u00fc\u011f\u00fc&#8217;nde kayd\u0131 bulunan TC-CAG tescil i\u015faretli Frans\u0131z yap\u0131m\u0131 Falcon 900B tipi u\u00e7ak, uzun bir d\u0131\u015f seyahat i\u00e7in 200 bin Amerikan Dolar\u0131 kar\u015f\u0131l\u0131\u011f\u0131nda kiralan\u0131yordu.<\/p>\n<p style=\"text-align: justify;\"><strong>Kuyruktaki T\u00fcrk bayra\u011f\u0131 ve yaz\u0131lara bant \u00e7ekildi <\/strong><\/p>\n<p style=\"text-align: justify;\">Etimesgut Askeri Havaalan\u0131&#8217;ndaki ekip, bu ilk kar\u015f\u0131la\u015fma ve g\u00f6rev emrinden sonra beklemeye koyuluyor, ard\u0131ndan da gecenin ge\u00e7 saatlerinde Antalya&#8217;ya hareket emri veriliyordu. Ba\u015fbakanl\u0131k taraf\u0131ndan \u00f6zel g\u00f6revle yola \u00e7\u0131kar\u0131lan u\u00e7ak, bir saatlik yolculuktan sonra Antalya Uluslararas\u0131 Havaliman\u0131&#8217;na iniyor, daha sonra Askeri Havaalan\u0131 b\u00f6l\u00fcm\u00fcndeki bir park yerine \u00e7ekilerek, koruma alt\u0131na al\u0131n\u0131yordu. Bu arada u\u00e7ak m\u00fcrettebat\u0131 ve di\u011fer g\u00f6revliler de, Karpuzkald\u0131ran semtindeki askeri tesislerde konaklayacaklard\u0131. U\u00e7ak, Antalya&#8217;da \u00fc\u00e7 g\u00fcn boyunca kalacak, kuyru\u011fundaki T\u00fcrk bayra\u011f\u0131 ile &#8220;TC-CAG&#8221; \u015feklindeki tan\u0131tma i\u015faretinin \u00fcst\u00fc ekip \u015fefinin talimat\u0131 \u00fczerine bantla kapat\u0131lacakt\u0131. Asl\u0131nda, &#8220;TC-CAG&#8221; tan\u0131tma i\u015fareti ve T\u00fcrk bayra\u011f\u0131, Nergis Havac\u0131l\u0131k \u015firketine ait Falcon 900B u\u00e7a\u011f\u0131n\u0131n kimli\u011fini olu\u015fturmaktayd\u0131. Bu kimlik olmadan, u\u00e7aklar\u0131n sefere \u00e7\u0131kabilmesi m\u00fcmk\u00fcn de\u011fildi. Zaten pilotlar da, u\u00e7u\u015f s\u0131ras\u0131nda gittikleri b\u00f6lgenin u\u00e7u\u015f kulelerine kendilerini tan\u0131t\u0131rken daima bu kodu bildiriyorlard\u0131. Kuyru\u011funda tan\u0131tma i\u015fareti bulunmayan u\u00e7ak, \u00f6zellikle Avrupa \u00fclkelerindeki havaalanlar\u0131nda dikkat \u00e7ekebilirdi. Ancak, m\u00fcrettebata, bir Afrika \u00fclkesine gidilece\u011fi s\u00f6ylenmi\u015f, tan\u0131tma i\u015fareti bulunmayan u\u00e7a\u011f\u0131n orada problem yaratmayaca\u011f\u0131 kanaatine var\u0131lm\u0131\u015ft\u0131.<\/p>\n<p style=\"text-align: justify;\"><strong>\u0130leti\u015fim i\u00e7in SSB telsizi ve \u00f6zel kod <\/strong><\/p>\n<p style=\"text-align: justify;\">U\u00e7akta bir ba\u015fka \u00f6nlem daha al\u0131n\u0131yor, \u00f6zellikle T\u00fcrkiye ile ileti\u015fimin &#8220;SSB&#8221; diye adland\u0131r\u0131lan uzak mesafe telsizi ile yap\u0131lmas\u0131 kararla\u015ft\u0131r\u0131l\u0131yordu. Ekip \u015fefi, kaptan pilota y\u00fcksek frekansl\u0131 vericinin sa\u011fl\u0131kl\u0131 bir \u015fekilde kullan\u0131lmas\u0131 i\u00e7in bir de \u00f6zel kod veriyordu. Bu sayede, u\u00e7akta kullan\u0131lan haberle\u015fme sistemini ba\u015fkalar\u0131n\u0131n dinlemesi de \u00f6nlenmi\u015f oluyordu. Ekip \u015fefi, Antalya&#8217;da \u00fc\u00e7 g\u00fcn kalan u\u00e7ak i\u00e7in 8 \u015eubat 1999 Pazartesi g\u00fcn\u00fc hareket emri veriyordu. U\u00e7u\u015f m\u00fcrettebat\u0131, u\u00e7u\u015f plan\u0131n\u0131 haz\u0131rlayarak Antalya Havaliman\u0131&#8217;ndaki kuleye bildiriyor, kule de bu bilgileri Br\u00fcksel&#8217;deki Euro Control Merkezi&#8217;ne aktar\u0131yordu. Gerekli u\u00e7u\u015f izni k\u0131sa s\u00fcrede geliyor, bu izin, hava sahas\u0131 kullan\u0131lacak \u00fclkeler ile Uganda&#8217;n\u0131n Entebbe Havaliman\u0131&#8217;na ini\u015fi kaps\u0131yordu.<\/p>\n<p style=\"text-align: justify;\"><span style=\"color: #888888;\">Kaynak : H\u00fcrriyet Gazetesi<\/span><\/p>\n","protected":false},"excerpt":{"rendered":"<p style=\"text-align: justify;\">\n<p style=\"text-align: justify;\">&#8220;Bizler, muz t\u00fcccar\u0131y\u0131z. Muz cumhuriyetinden, T\u00fcrkiye&#8217;ye muz ithal etmeye geldik&#8221;<\/p>\n<p style=\"text-align: justify;\">\u0130\u015fadam\u0131 pasaportlu alt\u0131 ki\u015filik operasyon ekibi, seyahat s\u0131ras\u0131nda kendi aralar\u0131nda \u015fakala\u015f\u0131rken, &#8220;Bizler, muz t\u00fcccar\u0131y\u0131z. Muz cumhuriyetinden, T\u00fcrkiye&#8217;ye muz ithal etmeye geldik&#8221; diyorlard\u0131.<\/p>\n<p style=\"text-align: justify;\">1999 y\u0131l\u0131nda, T\u00fcrkiye Cumhuriyeti Devleti&#8217;nin zirvesinde bulunan \u00fc\u00e7 \u015fahsiyet; Cumhurba\u015fkan\u0131 S\u00fcleyman Demirel, Ba\u015fbakan B\u00fclent <\/p>\n","protected":false},"author":1,"featured_media":0,"comment_status":"open","ping_status":"closed","sticky":false,"template":"","format":"standard","meta":{"footnotes":""},"categories":[105],"tags":[],"class_list":["post-4287","post","type-post","status-publish","format-standard","hentry","category-gundem","odd"],"_links":{"self":[{"href":"http:\/\/www.korhanyilmaz.com\/index.php?rest_route=\/wp\/v2\/posts\/4287","targetHints":{"allow":["GET"]}}],"collection":[{"href":"http:\/\/www.korhanyilmaz.com\/index.php?rest_route=\/wp\/v2\/posts"}],"about":[{"href":"http:\/\/www.korhanyilmaz.com\/index.php?rest_route=\/wp\/v2\/types\/post"}],"author":[{"embeddable":true,"href":"http:\/\/www.korhanyilmaz.com\/index.php?rest_route=\/wp\/v2\/users\/1"}],"replies":[{"embeddable":true,"href":"http:\/\/www.korhanyilmaz.com\/index.php?rest_route=%2Fwp%2Fv2%2Fcomments&post=4287"}],"version-history":[{"count":0,"href":"http:\/\/www.korhanyilmaz.com\/index.php?rest_route=\/wp\/v2\/posts\/4287\/revisions"}],"wp:attachment":[{"href":"http:\/\/www.korhanyilmaz.com\/index.php?rest_route=%2Fwp%2Fv2%2Fmedia&parent=4287"}],"wp:term":[{"taxonomy":"category","embeddable":true,"href":"http:\/\/www.korhanyilmaz.com\/index.php?rest_route=%2Fwp%2Fv2%2Fcategories&post=4287"},{"taxonomy":"post_tag","embeddable":true,"href":"http:\/\/www.korhanyilmaz.com\/index.php?rest_route=%2Fwp%2Fv2%2Ftags&post=4287"}],"curies":[{"name":"wp","href":"https:\/\/api.w.org\/{rel}","templated":true}]}}