{"id":42864,"date":"2011-11-16T06:59:31","date_gmt":"2011-11-16T04:59:31","guid":{"rendered":"http:\/\/www.korhanyilmaz.com\/?p=42864"},"modified":"2011-11-20T13:05:32","modified_gmt":"2011-11-20T11:05:32","slug":"kozinoglunun-arkadaslari-silivride-yavas-yavas-zehirliyorlar","status":"publish","type":"post","link":"http:\/\/www.korhanyilmaz.com\/?p=42864","title":{"rendered":"Kozino\u011flu\u2019nun arkada\u015flar\u0131: Silivri\u2019de yava\u015f yava\u015f zehirliyorlar"},"content":{"rendered":"<p style=\"text-align: center;\"><a href=\"http:\/\/www.korhanyilmaz.com\/wp-content\/uploads\/2011\/11\/7171.jpg\"  class=\"lightview\"><img loading=\"lazy\" decoding=\"async\" class=\"aligncenter  wp-image-42865\" src=\"http:\/\/www.korhanyilmaz.com\/wp-content\/uploads\/2011\/11\/7171.jpg\" alt=\"\" width=\"368\" height=\"224\" \/><\/a><\/p>\n<p style=\"text-align: justify;\">Devre arkada\u015flar\u0131ndan Ka\u015fif Kozino\u011flu&#8217;yla ilgili \u00f6nemli iddia:<\/p>\n<p style=\"text-align: justify;\"><strong>Jandarmadan bilgi s\u0131zd\u0131ran ekibi tespit etmi\u015fti\u00a0<\/strong><\/p>\n<p style=\"text-align: justify;\">Odatv soru\u015fturmas\u0131yla tutuklanan M\u0130T Orta Asya \u00dclkeleri Daire Ba\u015fkanvekili Ka\u015fif Kozino\u011flu, son yolculu\u011funa u\u011furland\u0131. Cenazeye kat\u0131lan Kozino\u011flu&#8217;nun devre arkada\u015flar\u0131, Ayd\u0131nl\u0131k&#8217;a yapt\u0131klar\u0131 a\u00e7\u0131klamada, &#8220;Arkada\u015f\u0131m\u0131z CIA&#8217;n\u0131n hedefindeydi&#8221; dedi.<!--more--><\/p>\n<p style=\"text-align: justify;\">Odatv soru\u015fturmas\u0131yla tutuklanan M\u0130T Orta Asya \u00dclkeleri Daire Ba\u015fkanvekili Ka\u015fif Kozino\u011flu&#8217;nun cenazesi i\u00e7in \u00f6\u011fle vakti \u0130stanbul \u00dcsk\u00fcdar&#8217;daki Selimiye Camisi&#8217;nde askeri t\u00f6ren d\u00fczenlendi. T\u00f6rene kat\u0131l\u0131m\u0131n yo\u011fun oldu\u011fu g\u00f6zlenirken, devre arkada\u015flar\u0131 Kozino\u011flu&#8217;nun ani \u00f6l\u00fcm\u00fcne ili\u015fkin Ayd\u0131nl\u0131k&#8217;a konu\u015ftu.<\/p>\n<p style=\"text-align: justify;\"><strong>&#8216;3-4 y\u0131l \u00f6nce rapor haz\u0131rlad\u0131&#8217;\u00a0<\/strong><\/p>\n<p style=\"text-align: justify;\">Kozino\u011flu ile ayn\u0131 d\u00f6nemde \u00e7al\u0131\u015fan devre arkada\u015f\u0131, Orta Asya&#8217;da yapt\u0131\u011f\u0131 \u00f6zel \u00e7al\u0131\u015fmalar nedeniyle Kozino\u011flu&#8217;nun ABD istihbarat te\u015fkilat\u0131 CIA&#8217;n\u0131n hedefinde oldu\u011funu \u00f6ne s\u00fcrd\u00fc. Kozino\u011flu&#8217;nun gizli belge s\u0131zd\u0131rd\u0131\u011f\u0131 gerek\u00e7esiyle tutukland\u0131\u011f\u0131n\u0131n alt\u0131n\u0131 \u00e7izen devre arkada\u015flar\u0131, \u015f\u00f6yle konu\u015ftu: &#8220;Arkada\u015f\u0131m\u0131z asl\u0131nda 3-4 y\u0131l \u00f6nce jandarmadan bilgi s\u0131zd\u0131ran ekibi tespit etmi\u015fti. \u00dclkemizde ya\u015fananlar\u0131 iyice g\u00f6zden ge\u00e7irmeliyiz. Ya\u015fanm\u0131\u015f ve ya\u015fanacak olaylar\u0131 anlatan televizyon dizileri ve baz\u0131 haberler nas\u0131l yap\u0131l\u0131yor? \u0130\u015fte arkada\u015f\u0131m\u0131z bunun \u00fczerine \u00e7al\u0131\u015f\u0131yordu. Bir rapor haz\u0131rlad\u0131 ve bu raporu da \u00fcst d\u00fczey devlet yetkililerine verdi. Konumu ve yapt\u0131klar\u0131 ortadad\u0131r. Arkada\u015f\u0131m\u0131z CIA&#8217;n\u0131n bile hedefindeydi.&#8221;<\/p>\n<p style=\"text-align: justify;\"><strong>&#8216;Kalp krizi ge\u00e7irmedi&#8217;\u00a0<\/strong><\/p>\n<p style=\"text-align: justify;\">Fiziki olarak \u00e7ok g\u00fc\u00e7l\u00fc oldu\u011funa dikkat \u00e7eken silah arkada\u015flar\u0131, &#8220;Ka\u015fif&#8217;in yan\u0131na hi\u00e7 kimse yakla\u015famaz. Onu darp edebilecek biri yoktur. Yurt d\u0131\u015f\u0131ndaki spor m\u00fcsabakalar\u0131nda say\u0131s\u0131z \u00f6d\u00fcller ald\u0131&#8221; dedi. Mesle\u011fi gere\u011fi kalp krizi ge\u00e7irdi\u011fini v\u00fccudundaki belirtilerden anlayabilece\u011fini ifade eden bir devre arkada\u015f\u0131 ise &#8220;Kalp krizinin kolda uyu\u015fma, g\u00f6\u011f\u00fcs kafesinde s\u0131k\u0131\u015fma gibi tipik belirtileri vard\u0131r. Arkada\u015f\u0131m\u0131z bunlar\u0131 \u00e7ok iyi bilirdi. Normalde kalp krizi \u00f6ncesi yak\u0131n\u0131ndakilere haber verebilirdi. Biz kalp krizi ge\u00e7irdi\u011fini d\u00fc\u015f\u00fcnm\u00fcyoruz&#8221; diye konu\u015ftu.<\/p>\n<p style=\"text-align: justify;\">Silah arkada\u015flar\u0131, Silivri Cezaevi&#8217;ndeki tutuklular\u0131n yava\u015f yava\u015f \u00f6ld\u00fcr\u00fcld\u00fc\u011f\u00fcn\u00fc d\u00fc\u015f\u00fcnd\u00fcklerini belirtti: &#8220;70 ya\u015f\u0131na yak\u0131n insanlar\u0131 Silivri&#8217;de tutuyorlar. Oradaki tutuklular\u0131n yava\u015f yava\u015f zehirlendi\u011fini d\u00fc\u015f\u00fcn\u00fcyoruz. Cezaevinde doktor bile yok. Hi\u00e7bir ak\u0131l ve mant\u0131k Kozino\u011flu&#8217;nun kalp krizi nedeniyle \u00f6ld\u00fc\u011f\u00fcne inanmaz.&#8221;<\/p>\n<p style=\"text-align: justify;\"><strong>Cenazeye geni\u015f kat\u0131l\u0131m\u00a0<\/strong><\/p>\n<p style=\"text-align: justify;\">T\u00f6ren \u00f6ncesi Kozino\u011flu&#8217;nun e\u015fi Ye\u015fim, o\u011flu \u00d6zel, annesi Belgin Kozino\u011flu ile k\u0131z karde\u015fi Figen B\u0131\u00e7ak\u00e7\u0131o\u011flu, cami avlusunda taziyeleri kabul etti. Cenaze t\u00f6renine, Kozino\u011flu&#8217;nun aile yak\u0131nlar\u0131n\u0131n yan\u0131 s\u0131ra eski M\u0130T M\u00fcste\u015far\u0131 \u015eenkal Atasagun, M\u0130T \u0130stanbul B\u00f6lge Ba\u015fkan\u0131 \u0130smail Ni\u015fanc\u0131, M\u0130T \u0130zmir B\u00f6lge Ba\u015fkan\u0131 \u00d6zel Y\u0131lmaz, eski \u0130stanbul Organize Su\u00e7larla M\u00fccadele ve Ka\u00e7ak\u00e7\u0131l\u0131k \u015eube M\u00fcd\u00fcr\u00fc Adil Serdar Sa\u00e7an, Balyoz davas\u0131 tutuklusu eski 1. Ordu Komutan\u0131 emekli Orgeneral \u00c7etin Do\u011fan&#8217;\u0131n e\u015fi Nilg\u00fcn Do\u011fan, oyuncu Perran Kutman ve \u00e7ok say\u0131da vatanda\u015f kat\u0131ld\u0131.<\/p>\n<p style=\"text-align: justify;\">Cenaze t\u00f6renine Genelkurmay Ba\u015fkanl\u0131\u011f\u0131, M\u0130T M\u00fcste\u015farl\u0131\u011f\u0131, \u0130kinci Ergenekon davas\u0131n\u0131n tutuklusu Yeni Parti Genel Ba\u015fkan\u0131 Tuncay \u00d6zkan ve \u00e7ok say\u0131da \u00fcst d\u00fczey komutan da \u00e7elenk g\u00f6nderdi. Kozino\u011flu&#8217;nun T\u00fcrk bayra\u011f\u0131na sar\u0131l\u0131 tabutu, t\u00f6renden sonra Kozino\u011flu&#8217;nun cenazesi g\u00f6t\u00fcr\u00fcld\u00fc\u011f\u00fc \u00dcmraniye Hekimba\u015f\u0131&#8217;ndaki Kocatepe Mezarl\u0131\u011f\u0131&#8217;nda topra\u011fa verildi.<\/p>\n<p style=\"text-align: justify;\"><strong>Kozino\u011flu&#8217;nun 40 sayfal\u0131k savunmas\u0131na savc\u0131 el koydu!\u00a0<\/strong><\/p>\n<p style=\"text-align: justify;\">Odatv soru\u015fturmas\u0131yla tutuklanan Milli \u0130stihbarat Te\u015fkilat\u0131 (M\u0130T) Orta Asya \u00dclkeleri Daire Ba\u015fkanvekili Ka\u015fif Kozino\u011flu&#8217;nun Silivri Cezaevi&#8217;nde el yaz\u0131s\u0131yla haz\u0131rlad\u0131\u011f\u0131 40 sayfal\u0131k savunmas\u0131na savc\u0131n\u0131n el koydu\u011fu \u00f6\u011frenildi. Cezaevi kaynaklar\u0131ndan edinilen bilgiye g\u00f6re, Kozino\u011flu, mahkemeye sunmak \u00fczere \u00e7ok etkili bir savunma haz\u0131rlad\u0131. Savc\u0131, \u00f6nemli bilgilerin yer ald\u0131\u011f\u0131 bu 40 sayfal\u0131k el yaz\u0131s\u0131 savunmaya Kozino\u011flu&#8217;nun ko\u011fu\u015funa giderek el koydu. \u015e\u00fcpheli bir \u015fekilde ya\u015fam\u0131n\u0131 yitiren Ka\u015fif Kozino\u011flu&#8217;nun 40 sayfal\u0131k el yaz\u0131s\u0131 savunmas\u0131na, savc\u0131n\u0131n bizzat ko\u011fu\u015fa giderek el koymas\u0131 ise dikkat \u00e7ekti.<\/p>\n<p style=\"text-align: justify;\">Kozino\u011flu&#8217;nun 40 sayfal\u0131k el yaz\u0131s\u0131 savunmas\u0131n\u0131n i\u00e7eri\u011fi ve dava dosyas\u0131na girip girmeyece\u011fi merak konusu&#8230;<\/p>\n<p style=\"text-align: justify;\"><strong>Ka\u015fif Kozino\u011flu&#8217;nun avukatlar\u0131: Cezaevinde ve ambulansta doktor yoktu!\u00a0<\/strong><\/p>\n<p style=\"text-align: justify;\">Odatv soru\u015fturmas\u0131yla tutuklanan Milli \u0130stihbarat Te\u015fkilat\u0131 (M\u0130T) Orta Asya \u00dclkeleri Daire Ba\u015fkanvekili Ka\u015fif Kozino\u011flu&#8217;nun avukatlar\u0131 Taner Serim ve Tu\u011f\u00e7e Duygu K\u00f6ksal, Kozino\u011flu&#8217;nun \u015f\u00fcpheli \u00f6l\u00fcm\u00fcne ili\u015fkin cezaevinde ve hastanede yap\u0131lan m\u00fcdahalelerle ilgili yaz\u0131l\u0131 bas\u0131n a\u00e7\u0131klamas\u0131nda bulundu. Kozino\u011flu&#8217;nun avukatlar\u0131n\u0131n yapt\u0131\u011f\u0131 a\u00e7\u0131klamada, Kozino\u011flu&#8217;na cezaevinde ve hastaneye g\u00f6t\u00fcr\u00fclmek \u00fczere konuldu\u011fu ambulansta doktor m\u00fcdahalesi yap\u0131lmad\u0131\u011f\u0131n\u0131n alt\u0131 \u00e7izildi. Kozino\u011flu&#8217;nun avukatlar\u0131, &#8220;Taraf\u0131m\u0131zca bilinen; Kozino\u011flu&#8217;nun rahats\u0131zland\u0131\u011f\u0131 cezaevinde doktor bulunmad\u0131\u011f\u0131ndan kendisine burada herhangi t\u0131bbi m\u00fcdahalenin yap\u0131lmad\u0131\u011f\u0131; Silivri Devlet Hastanesi&#8217;ne sevk i\u00e7in \u00e7a\u011fr\u0131lan ambulansta da doktor bulunmad\u0131\u011f\u0131; ancak yolda ula\u015fan ikinci bir ambulanstaki doktor taraf\u0131ndan kalp masaj\u0131yla m\u00fcdahale edilmek istenildi\u011fi fakat ba\u015far\u0131l\u0131 sonu\u00e7 al\u0131namad\u0131\u011f\u0131ndan Silivri Devlet Hastanesi&#8217;ne \u00f6l\u00fc duhul etti\u011finden ibarettir&#8221; ifadesini kulland\u0131.<\/p>\n<p style=\"text-align: justify;\"><a href=\"http:\/\/www.aydinlikgazete.com\/index.php?option=com_content&amp;view=article&amp;id=5460:kozinolunun-arkadalar-silivride-yava-yava-zehirliyorlar&amp;catid=35:joomla&amp;Itemid=95\" target=\"_blank\">Kaynak : Aydinlikgazete.com<\/a><\/p>\n","protected":false},"excerpt":{"rendered":"<p style=\"text-align: center;\">\n<p style=\"text-align: justify;\">Devre arkada\u015flar\u0131ndan Ka\u015fif Kozino\u011flu&#8217;yla ilgili \u00f6nemli iddia:<\/p>\n<p style=\"text-align: justify;\">Jandarmadan bilgi s\u0131zd\u0131ran ekibi tespit etmi\u015fti <\/p>\n<p style=\"text-align: justify;\">Odatv soru\u015fturmas\u0131yla tutuklanan M\u0130T Orta Asya \u00dclkeleri Daire Ba\u015fkanvekili Ka\u015fif Kozino\u011flu, son yolculu\u011funa u\u011furland\u0131. Cenazeye kat\u0131lan Kozino\u011flu&#8217;nun devre arkada\u015flar\u0131, Ayd\u0131nl\u0131k&#8217;a yapt\u0131klar\u0131 a\u00e7\u0131klamada, &#8220;Arkada\u015f\u0131m\u0131z CIA&#8217;n\u0131n hedefindeydi&#8221; dedi.<\/p>\n","protected":false},"author":1,"featured_media":0,"comment_status":"open","ping_status":"open","sticky":false,"template":"","format":"standard","meta":{"footnotes":""},"categories":[105],"tags":[473],"class_list":["post-42864","post","type-post","status-publish","format-standard","hentry","category-gundem","tag-kasif-kozinoglu","odd"],"_links":{"self":[{"href":"http:\/\/www.korhanyilmaz.com\/index.php?rest_route=\/wp\/v2\/posts\/42864","targetHints":{"allow":["GET"]}}],"collection":[{"href":"http:\/\/www.korhanyilmaz.com\/index.php?rest_route=\/wp\/v2\/posts"}],"about":[{"href":"http:\/\/www.korhanyilmaz.com\/index.php?rest_route=\/wp\/v2\/types\/post"}],"author":[{"embeddable":true,"href":"http:\/\/www.korhanyilmaz.com\/index.php?rest_route=\/wp\/v2\/users\/1"}],"replies":[{"embeddable":true,"href":"http:\/\/www.korhanyilmaz.com\/index.php?rest_route=%2Fwp%2Fv2%2Fcomments&post=42864"}],"version-history":[{"count":0,"href":"http:\/\/www.korhanyilmaz.com\/index.php?rest_route=\/wp\/v2\/posts\/42864\/revisions"}],"wp:attachment":[{"href":"http:\/\/www.korhanyilmaz.com\/index.php?rest_route=%2Fwp%2Fv2%2Fmedia&parent=42864"}],"wp:term":[{"taxonomy":"category","embeddable":true,"href":"http:\/\/www.korhanyilmaz.com\/index.php?rest_route=%2Fwp%2Fv2%2Fcategories&post=42864"},{"taxonomy":"post_tag","embeddable":true,"href":"http:\/\/www.korhanyilmaz.com\/index.php?rest_route=%2Fwp%2Fv2%2Ftags&post=42864"}],"curies":[{"name":"wp","href":"https:\/\/api.w.org\/{rel}","templated":true}]}}