{"id":42842,"date":"2011-11-20T10:08:54","date_gmt":"2011-11-20T08:08:54","guid":{"rendered":"http:\/\/www.korhanyilmaz.com\/?p=42842"},"modified":"2011-11-20T11:39:31","modified_gmt":"2011-11-20T09:39:31","slug":"12-cumhurbaskani-secimleri-2012de-yapilmali","status":"publish","type":"post","link":"http:\/\/www.korhanyilmaz.com\/?p=42842","title":{"rendered":"&#8217;12. Cumhurba\u015fkan\u0131 se\u00e7imleri 2012&#8217;de yap\u0131lmal\u0131&#8217;"},"content":{"rendered":"<p style=\"text-align: center;\"><a href=\"http:\/\/www.korhanyilmaz.com\/wp-content\/uploads\/2011\/11\/7168.jpg\"  class=\"lightview\"><img loading=\"lazy\" decoding=\"async\" class=\"aligncenter  wp-image-42843\" src=\"http:\/\/www.korhanyilmaz.com\/wp-content\/uploads\/2011\/11\/7168.jpg\" alt=\"\" width=\"322\" height=\"241\" \/><\/a><\/p>\n<p style=\"text-align: justify;\">Anayasa de\u011fi\u015fikli\u011fi sonras\u0131nda Cumhurba\u015fkan\u0131 Abdullah G\u00fcl&#8217;\u00fcn g\u00f6rev s\u00fcresinde belirsizlik oldu\u011funu belirten Hakim \u00d6mer Faruk Emina\u011fao\u011flu, Y\u00fcksek Se\u00e7im Kurulu&#8217;ndan 12. Cumhurba\u015fkanl\u0131\u011f\u0131 se\u00e7iminin 30 Haziran-28 A\u011fustos 2012 tarihleri aras\u0131nda yap\u0131larak sonu\u00e7land\u0131r\u0131lmas\u0131 konusunda gerekli kararlar\u0131 almas\u0131n\u0131 istedi.<!--more--><\/p>\n<p style=\"text-align: justify;\">Ankara- 22 Temmuz 2007 genel se\u00e7imlerinde 5 y\u0131l i\u00e7in se\u00e7ilen 23. D\u00f6nem TBMM&#8217;nin, Anayasa ve yasa de\u011fi\u015fikli\u011fi kar\u015f\u0131s\u0131nda, se\u00e7imin yap\u0131ld\u0131\u011f\u0131 andaki h\u00fck\u00fcmlere g\u00f6re de\u011fil, daha sonra y\u00fcr\u00fcrl\u00fckte olan h\u00fck\u00fcmlere g\u00f6re 4 y\u0131l i\u00e7in g\u00f6rev yap\u0131ld\u0131\u011f\u0131n\u0131 an\u0131msatan Emina\u011fao\u011flu, &#8220;Cumhurba\u015fkanl\u0131\u011f\u0131 se\u00e7imleri i\u00e7in de, \u00f6nceki se\u00e7imin yap\u0131ld\u0131\u011f\u0131 andaki de\u011fil, halen y\u00fcr\u00fcrl\u00fckte olan s\u00fcrenin g\u00f6zetilmesi zorunludur&#8221; dedi.<\/p>\n<p style=\"text-align: justify;\">\u00d6mer Faruk Emina\u011fao\u011flu, avukat\u0131 Ali Musa Sar\u0131\u00e7imen arac\u0131l\u0131\u011f\u0131yla Cumhurba\u015fkan\u0131 Abdullah G\u00fcl&#8217;\u00fcn g\u00f6rev s\u00fcresine ili\u015fkin belirsizli\u011fin kald\u0131r\u0131lmas\u0131 ve se\u00e7im takviminin yay\u0131mlanmas\u0131 i\u00e7in Y\u00fcksek Se\u00e7im Kurulu&#8217;na ba\u015fvurdu. 2007 y\u0131l\u0131nda Cumhurba\u015fkanl\u0131\u011f\u0131 se\u00e7imine ve genel se\u00e7imlere ili\u015fkin olarak \u00f6n g\u00f6r\u00fclen Anayasa de\u011fi\u015fikliklerinin 31 May\u0131s 2007 tarihinde Meclis taraf\u0131ndan kabul edildi\u011finin belirtildi\u011fi ba\u015fvuruda, &#8220;Cumhurba\u015fkanl\u0131\u011f\u0131 se\u00e7imine ve genel se\u00e7imlere ili\u015fkin d\u00fczenlemeler i\u00e7eren Anayasa de\u015fiklikleriyse \u00f6n g\u00f6r\u00fclen s\u00fcre i\u00e7inde yap\u0131lamam\u0131\u015ft\u0131r. Bu de\u011fi\u015fiklikler ancak genel se\u00e7imlerin ve Cumhurba\u015fkanl\u0131\u011f\u0131 se\u00e7iminin sonras\u0131nda 21 Ekim 2007 tarihindeki halkoylamas\u0131yla kabul edilmi\u015ftir&#8221; denildi. Anayasa de\u011fi\u015fikli\u011fiyle &#8220;\u00e7\u00f6z\u00fcme kavu\u015fturulmu\u015f&#8221; oldu\u011fu d\u00fc\u015f\u00fcn\u00fclen Cumhurba\u015fkanl\u0131\u011f\u0131 se\u00e7imine ili\u015fkin siyasi ve hukuksal tart\u0131\u015fmalar\u0131n son bulmad\u0131\u011f\u0131n\u0131n kaydedildi\u011fi ba\u015fvuruda, Emina\u011fo\u011flu, Cumhurba\u015fkanl\u0131\u011f\u0131 se\u00e7im s\u00fcrecinin Avrupa Birli\u011fi taraf\u0131ndan haz\u0131rlanan T\u00fcrkiye 2011 \u0130lerleme Raporu&#8217;nda bile konu edildi\u011fine dikkat \u00e7ekti. Ba\u015fvuruda, &#8220;Hukuk devleti ba\u011flam\u0131nda izah\u0131 g\u00fc\u00e7 olan bu belirsizli\u011fin ilgili kurumlarca resen g\u00f6zetilip, bir an \u00f6nce \u00e7\u00f6z\u00fcme kavu\u015fturulmas\u0131 gerekir. Bu nedenle her hal\u00fckarda mevcut belirsizli\u011fin giderilmesi y\u00f6n\u00fcndeki taleplerin hukuksal hakl\u0131l\u0131\u011f\u0131 ortadad\u0131r&#8221; denildi.<\/p>\n<p style=\"text-align: justify;\"><strong>Hukuk devletinin ay\u0131b\u0131\u00a0<\/strong><\/p>\n<p style=\"text-align: justify;\">Devletin ba\u015f\u0131n\u0131n g\u00f6rev s\u00fcresinin ne zaman dolaca\u011f\u0131 ve se\u00e7im s\u00fcrecinin ne zaman ba\u015flayaca\u011f\u0131na dair belirsizli\u011fin giderilmesinin kendisi taraf\u0131ndan talep edilmi\u015f olmas\u0131n\u0131n &#8220;hukuk devletinin&#8221; bir ay\u0131b\u0131 oldu\u011funu belirten Emina\u011fao\u011flu, Anayasa&#8217;n\u0131n, 31 May\u0131s 2007 tarih ve 5678 say\u0131l\u0131 Yasa ile de\u011fi\u015ftirilmeden \u00f6nceki 101. ve 102. maddelerine g\u00f6re, Cumhurba\u015fkan\u0131&#8217;n\u0131n TBMM taraf\u0131ndan ve 7 y\u0131ll\u0131\u011f\u0131na bir kez se\u00e7ilebildi\u011fini an\u0131msatt\u0131. G\u00fcl&#8217;\u00fcn TBMM taraf\u0131ndan 11. Cumhurba\u015fkan\u0131 olarak 7 y\u0131ll\u0131\u011f\u0131na se\u00e7ildi\u011fini ve g\u00f6revine 2007 y\u0131l\u0131nda ba\u015flad\u0131\u011f\u0131 bilgisine yer verilen ba\u015fvuruda, yap\u0131lan Anayasa de\u011fi\u015fikli\u011fiyle Cumhurba\u015fkan\u0131n halk taraf\u0131ndan ve 5 y\u0131l i\u00e7in, en \u00e7ok iki defa se\u00e7ilebilece\u011fi hat\u0131rlat\u0131ld\u0131. Ba\u015fvuruda, \u015fu de\u011ferlendirme yer ald\u0131: &#8220;De\u011fi\u015fikli\u011fin yap\u0131ld\u0131\u011f\u0131 ancak hen\u00fcz y\u00fcr\u00fcrl\u00fc\u011fe girmedi\u011fi tarihte g\u00f6revde olan Cumhurba\u015fkan\u0131 Abdullah G\u00fcl ile ilgili olarak veya 12. Cumhurba\u015fkan\u0131&#8217;n\u0131n se\u00e7im s\u00fcreci ile ilgili olarak, Anayasa&#8217;ya herhangi bir ge\u00e7ici madde konulmam\u0131\u015ft\u0131r. Yap\u0131lacak ilk se\u00e7imin ne zaman ger\u00e7ekle\u015ftirilece\u011fi konusu, se\u00e7imi ger\u00e7ekle\u015ftirecek g\u00f6revli mercilerce bizatihi Anayasa&#8217;n\u0131n yorumlanmas\u0131 ile \u00e7\u00f6z\u00fclmesi gereken bir konudur. Keza Anayasa koyucunun s\u00fcreye ili\u015fkin iradesi, \u00e7\u0131kar\u0131labilecek bir yasal d\u00fczenlemeyle veya yorumla farkl\u0131la\u015ft\u0131r\u0131lamaz, de\u011fi\u015ftirilemez.&#8221;<\/p>\n<p style=\"text-align: justify;\"><strong>&#8216;Cumhurba\u015fkanl\u0131\u011f\u0131 se\u00e7im s\u00fcrecinde YSK g\u00f6revlidir&#8217;\u00a0<\/strong><\/p>\n<p style=\"text-align: justify;\">Anayasa de\u011fi\u015fikliklerine y\u00f6nelik bilgilerin yer ald\u0131\u011f\u0131 ba\u015fvuruda, Cumhurba\u015fkanl\u0131\u011f\u0131 se\u00e7imlerinde belirsizlik olarak g\u00f6sterilen ve \u00e7\u00f6z\u00fclmesi gereken konular \u015f\u00f6yle s\u0131raland\u0131: &#8220;11. Cumhurba\u015fkan\u0131&#8217;n\u0131n se\u00e7iminden sonra ger\u00e7ekle\u015fen Anayasa de\u011fi\u015fikli\u011fi kar\u015f\u0131s\u0131nda, se\u00e7imlerin hangi merci taraf\u0131ndan yap\u0131lacak ve sonu\u00e7land\u0131r\u0131lacakt\u0131r. Anayasa&#8217;da ifade edilen, konu ile ilgili \u00f6zel h\u00fck\u00fcmler i\u00e7eren bir yasan\u0131n \u00e7\u0131kar\u0131lmamas\u0131 durumunda mevcut Anayasa ve yasa h\u00fck\u00fcmleri ile 12. Cumhurba\u015fkanl\u0131\u011f\u0131 se\u00e7imlerinde uygulanacak m\u0131? 11. Cumhurba\u015fkan\u0131n\u0131n g\u00f6rev s\u00fcresi 2014 y\u0131l\u0131nda m\u0131 yoksa 2012 y\u0131l\u0131nda m\u0131 sona erecek? 12. Cumhurba\u015fkan\u0131 se\u00e7iminin ne zaman yap\u0131lacak. Halk taraf\u0131ndan yap\u0131lacak 12. Cumhurba\u015fkanl\u0131\u011f\u0131 se\u00e7iminde 11. Cumhurba\u015fkan\u0131n\u0131n aday olabilecek mi, se\u00e7imleri hangi merci ger\u00e7ekle\u015ftirecektir?&#8221; Cumhurba\u015fkan\u0131n\u0131n halk taraf\u0131ndan se\u00e7ilmesi i\u015flemlerinin milletvekili se\u00e7imlerinde uygulanan h\u00fck\u00fcmlere g\u00f6re yap\u0131laca\u011f\u0131n\u0131 an\u0131msatan Emina\u011fao\u011flu, Cumhurba\u015fkanl\u0131\u011f\u0131 se\u00e7imiyle ilgili se\u00e7imin t\u00fcm s\u00fcrecinde YSK g\u00f6revli oldu\u011funu belirtti.<\/p>\n<p style=\"text-align: justify;\"><strong>&#8216;G\u00fcl&#8217;\u00fcn g\u00f6rev s\u00fcresi belirlenmeli&#8217;\u00a0<\/strong><\/p>\n<p style=\"text-align: justify;\">Anayasa&#8217;n\u0131n 67. maddesinin son f\u0131kras\u0131nda &#8220;Se\u00e7im kanunlar\u0131nda yap\u0131lan de\u011fi\u015fiklikler, y\u00fcr\u00fcrl\u00fc\u011fe girdi\u011fi tarihten itibaren bir y\u0131l i\u00e7inde yap\u0131lacak se\u00e7imlerde uygulanmaz&#8221; h\u00fckm\u00fcn\u00fcn yer ald\u0131\u011f\u0131n\u0131n alt\u0131 \u00e7izilen ba\u015fvuruda, &#8220;Cumhurba\u015fkanl\u0131\u011f\u0131 se\u00e7imi i\u00e7in bir y\u0131ll\u0131k zaman dilimi i\u00e7inde ger\u00e7ekle\u015fecek yasal de\u011fi\u015fiklikler, ku\u015fkusuz Anayasa&#8217;da \u00f6zel bir d\u00fczenleme ile Cumhurba\u015fkanl\u0131\u011f\u0131 se\u00e7imleri ayr\u0131k tutulmad\u0131\u011f\u0131 i\u00e7in, oy verme g\u00fcn\u00fc bu s\u00fcre i\u00e7inde olacak Cumhurba\u015fkanl\u0131\u011f\u0131 se\u00e7imlerinde uygulanamayacakt\u0131r&#8221; denildi. \u00d6zel d\u00fczenleme yap\u0131lmad\u0131k\u00e7a 12. Cumhurba\u015fkan\u0131 se\u00e7imi s\u00fcrecinin ba\u015flayamayaca\u011f\u0131 \u015feklindeki yorumlar\u0131n dayanaks\u0131z oldu\u011funun belirtildi\u011fi ba\u015fvuruda, YSK&#8217;dan Cumhurba\u015fkan\u0131 G\u00fcl&#8217;\u00fcn g\u00f6rev s\u00fcresinin 2014 y\u0131l\u0131nda m\u0131 yoksa 2012 y\u0131l\u0131nda m\u0131 sona erece\u011finin belirlenmesi istendi. Cumhurba\u015fkan\u0131 G\u00fcl&#8217;\u00fcn, TBMM taraf\u0131ndan 2007 y\u0131l\u0131nda 7 y\u0131l i\u00e7in se\u00e7ildi\u011finin ve ayn\u0131 g\u00fcn g\u00f6reve ba\u015flad\u0131\u011f\u0131n\u0131n kaydedildi\u011fi ba\u015fvuruda, &#8220;11. Cumhurba\u015fkan\u0131 g\u00f6reve ba\u015flad\u0131ktan sonra 21 Ekim 2007 tarihinde yap\u0131lan halkoylamas\u0131 ile y\u00fcr\u00fcrl\u00fc\u011fe giren 5678 say\u0131l\u0131 Yasa ile de\u011fi\u015fik Anayasa&#8217;n\u0131n 101. maddesine g\u00f6re, Cumhurba\u015fkan\u0131 halk taraf\u0131ndan ve be\u015f y\u0131l i\u00e7in se\u00e7ilecektir. Bir ki\u015fi de en \u00e7ok iki kez Cumhurba\u015fkan\u0131 se\u00e7ilebilecektir. Cumhurba\u015fkan\u0131n\u0131n halk taraf\u0131ndan, en \u00e7ok iki d\u00f6nem i\u00e7in ve be\u015f y\u0131l g\u00f6rev yapmak \u00fczere se\u00e7ilmesi b\u00f6ylece 12. Cumhurba\u015fkan\u0131ndan itibaren s\u00f6z konusu olacakt\u0131r&#8221; denildi.<\/p>\n<p style=\"text-align: justify;\"><strong>G\u00fcl, 12. Cumhurba\u015fkanl\u0131\u011f\u0131 i\u00e7in aday olabilir\u00a0<\/strong><\/p>\n<p style=\"text-align: justify;\">Cumhurba\u015fkan\u0131 G\u00fcl&#8217;\u00fcn, TBMM taraf\u0131ndan 7 y\u0131l i\u00e7in bir kez g\u00f6rev yapmak i\u00e7in se\u00e7ildi\u011finin, bu s\u00fcrenin daha sonra 5 y\u0131la indirildi\u011finin an\u0131msat\u0131ld\u0131\u011f\u0131 ba\u015fvuruda, \u015fu de\u011ferlendirme yer ald\u0131: &#8220;Sonu\u00e7ta ge\u00e7erli olan be\u015f y\u0131l i\u00e7in g\u00f6rev yapacak olmas\u0131d\u0131r. Ayn\u0131 \u015fekilde se\u00e7ildi\u011finde, bir d\u00f6nem g\u00f6rev yapmak ko\u015fulu ile se\u00e7ilmi\u015fse de bu s\u00fcre halen y\u00fcr\u00fcrl\u00fckteki kurallara g\u00f6re en \u00e7ok iki d\u00f6nem \u015feklindedir. Bu nedenle 11. Cumhurba\u015fkan\u0131, yap\u0131lacak olan se\u00e7imlerde aday olabilecek, se\u00e7ilmesi durumunda bir d\u00f6nem daha be\u015f y\u0131l i\u00e7in g\u00f6rev yapabilecektir. Bir d\u00f6nem ya da iki d\u00f6nem g\u00f6rev yapacak olmas\u0131, halk ya da TBMM taraf\u0131ndan se\u00e7ilmesine g\u00f6re de\u011fil, s\u00fcreye g\u00f6re karara ba\u011flanacak bir konudur. TBMM taraf\u0131ndan se\u00e7ildi\u011finde de, sonu\u00e7ta be\u015f y\u0131l g\u00f6rev yapaca\u011f\u0131na g\u00f6re, halk taraf\u0131ndan da bir kez daha be\u015f y\u0131l g\u00f6rev yapmak \u00fczere se\u00e7ilebilecektir. Bu nedenle 12. Cumhurba\u015fkanl\u0131\u011f\u0131 se\u00e7imlerinde aday olabilecektir. Se\u00e7imlerin d\u00fczen i\u00e7erisinde y\u00fcr\u00fct\u00fclebilmesi i\u00e7in, se\u00e7im d\u00f6nemi i\u00e7inde YSK&#8217;n\u0131n ilke kararlar\u0131 ya da ilgili kararlar\u0131 alabilece\u011fi, Anayasa ve ilgili yasalar uyar\u0131nca tart\u0131\u015fmas\u0131zd\u0131r. YSK, se\u00e7im d\u00f6neminden \u00f6nce de se\u00e7imlerin d\u00fczen i\u00e7erisinde y\u00fcr\u00fct\u00fclebilmesi, se\u00e7im s\u00fcreci ve d\u00f6nemindeki i\u015f ve i\u015flemler y\u00f6n\u00fcnden belirsizliklerin ortadan kald\u0131r\u0131lmas\u0131 ve s\u00fcrecin bilinebilir k\u0131l\u0131nmas\u0131 i\u00e7in gerekli kararlar\u0131 alabilecektir. Bu kararlar, ku\u015fkusuz se\u00e7im d\u00f6nemi i\u00e7indeki i\u015flemlerin sa\u011fl\u0131kl\u0131 y\u00fcr\u00fcmesi i\u00e7in de al\u0131nan kararlard\u0131r.&#8221;<\/p>\n<p style=\"text-align: justify;\"><strong>Milletvekili se\u00e7imlerinde yeni kanun dikkate al\u0131nd\u0131\u00a0<\/strong><\/p>\n<p style=\"text-align: justify;\">24. D\u00f6nem yasama meclisi se\u00e7imlerinin 12 Haziran 2011 tarihinde yap\u0131lmas\u0131na ve se\u00e7imlerin yenilenmesine, 3 Mart 2011 tarihinde karar verildi\u011finin belirtildi\u011fi ba\u015fvuruda, YSK&#8217;n\u0131n 7 Mart 2011 g\u00fcn ve 157 say\u0131l\u0131 karar\u0131 ile ilgili yasalarda yer alan s\u00fcreleri k\u0131saltarak se\u00e7im takvimini ilan etti\u011fi an\u0131msat\u0131ld\u0131. &#8220;Se\u00e7im s\u00fcreci ba\u015flamadan da YSK&#8217;n\u0131n, se\u00e7im d\u00f6nemindeki i\u015f ve i\u015flemlerle ilgili olarak gerekli kararlar\u0131 alabilme g\u00f6rev ve yetkisine sahip oldu\u011fu tart\u0131\u015fmas\u0131zd\u0131r&#8221; denilen ba\u015fvuruda, y\u00fcr\u00fcrl\u00fckte olan Anayasa h\u00fck\u00fcmleri uyar\u0131nca 12. Cumhurba\u015fkan\u0131 se\u00e7imlerinin 28 A\u011fustos 2012 tarihine kadar yap\u0131larak sonu\u00e7land\u0131r\u0131lmas\u0131 gerekti\u011fi ifade edildi.<\/p>\n<p style=\"text-align: justify;\">22 Temmuz 2007 genel se\u00e7imlerinde 5 y\u0131l i\u00e7in se\u00e7ilen 23. D\u00f6nem TBMM&#8217;nin, Anayasa ve yasa de\u011fi\u015fikli\u011fi kar\u015f\u0131s\u0131nda, se\u00e7imin yap\u0131ld\u0131\u011f\u0131 andaki h\u00fck\u00fcmlere g\u00f6re de\u011fil, daha sonra y\u00fcr\u00fcrl\u00fckte olan h\u00fck\u00fcmlere g\u00f6re 4 y\u0131l i\u00e7in g\u00f6rev yap\u0131ld\u0131\u011f\u0131n\u0131n an\u0131msat\u0131ld\u0131\u011f\u0131 ba\u015fvuruda, &#8220;Cumhurba\u015fkanl\u0131\u011f\u0131 se\u00e7imleri i\u00e7in de, \u00f6nceki se\u00e7imin yap\u0131ld\u0131\u011f\u0131 andaki de\u011fil, halen y\u00fcr\u00fcrl\u00fckte olan s\u00fcrenin g\u00f6zetilmesi zorunludur&#8221; denildi.<\/p>\n<p style=\"text-align: justify;\">\u00dclke g\u00fcndemini do\u011frudan ilgilendiren b\u00f6yle bir konunun belirsiz b\u0131rak\u0131lmas\u0131n\u0131n, se\u00e7me ve se\u00e7ilme hakk\u0131na sahip t\u00fcm yurtta\u015flar\u0131 do\u011frudan etkiledi\u011finin kaydedildi\u011fi ba\u015fvuruda, Hukuksal belirsizli\u011fi giderecek bi\u00e7imde 12. Cumhurba\u015fkan\u0131 se\u00e7iminin 30 Haziran 2012 ile 28 A\u011fustos 2012 tarihleri aras\u0131nda yap\u0131larak sonu\u00e7land\u0131r\u0131lmas\u0131 konusunda gerekli kararlar\u0131n al\u0131nmas\u0131 istendi.<\/p>\n<p style=\"text-align: justify;\"><a href=\"http:\/\/www.cumhuriyet.com.tr\/?hn=294332&amp;kw='12.+Cumhurba%FEkan%FD+se%E7imleri+2012'de+yap%FDlmal%FD'\" target=\"_blank\">Kaynak : Cumhuriyet Haber Portal\u0131<\/a><\/p>\n","protected":false},"excerpt":{"rendered":"<p style=\"text-align: center;\">\n<p style=\"text-align: justify;\">Anayasa de\u011fi\u015fikli\u011fi sonras\u0131nda Cumhurba\u015fkan\u0131 Abdullah G\u00fcl&#8217;\u00fcn g\u00f6rev s\u00fcresinde belirsizlik oldu\u011funu belirten Hakim \u00d6mer Faruk Emina\u011fao\u011flu, Y\u00fcksek Se\u00e7im Kurulu&#8217;ndan 12. Cumhurba\u015fkanl\u0131\u011f\u0131 se\u00e7iminin 30 Haziran-28 A\u011fustos 2012 tarihleri aras\u0131nda yap\u0131larak sonu\u00e7land\u0131r\u0131lmas\u0131 konusunda gerekli kararlar\u0131 almas\u0131n\u0131 istedi.<\/p>\n","protected":false},"author":1,"featured_media":0,"comment_status":"open","ping_status":"open","sticky":false,"template":"","format":"standard","meta":{"footnotes":""},"categories":[105],"tags":[],"class_list":["post-42842","post","type-post","status-publish","format-standard","hentry","category-gundem","odd"],"_links":{"self":[{"href":"http:\/\/www.korhanyilmaz.com\/index.php?rest_route=\/wp\/v2\/posts\/42842","targetHints":{"allow":["GET"]}}],"collection":[{"href":"http:\/\/www.korhanyilmaz.com\/index.php?rest_route=\/wp\/v2\/posts"}],"about":[{"href":"http:\/\/www.korhanyilmaz.com\/index.php?rest_route=\/wp\/v2\/types\/post"}],"author":[{"embeddable":true,"href":"http:\/\/www.korhanyilmaz.com\/index.php?rest_route=\/wp\/v2\/users\/1"}],"replies":[{"embeddable":true,"href":"http:\/\/www.korhanyilmaz.com\/index.php?rest_route=%2Fwp%2Fv2%2Fcomments&post=42842"}],"version-history":[{"count":0,"href":"http:\/\/www.korhanyilmaz.com\/index.php?rest_route=\/wp\/v2\/posts\/42842\/revisions"}],"wp:attachment":[{"href":"http:\/\/www.korhanyilmaz.com\/index.php?rest_route=%2Fwp%2Fv2%2Fmedia&parent=42842"}],"wp:term":[{"taxonomy":"category","embeddable":true,"href":"http:\/\/www.korhanyilmaz.com\/index.php?rest_route=%2Fwp%2Fv2%2Fcategories&post=42842"},{"taxonomy":"post_tag","embeddable":true,"href":"http:\/\/www.korhanyilmaz.com\/index.php?rest_route=%2Fwp%2Fv2%2Ftags&post=42842"}],"curies":[{"name":"wp","href":"https:\/\/api.w.org\/{rel}","templated":true}]}}