{"id":42833,"date":"2011-11-19T22:47:30","date_gmt":"2011-11-19T20:47:30","guid":{"rendered":"http:\/\/www.korhanyilmaz.com\/?p=42833"},"modified":"2011-11-20T07:09:40","modified_gmt":"2011-11-20T05:09:40","slug":"asker-meclisten-cekiliyor","status":"publish","type":"post","link":"http:\/\/www.korhanyilmaz.com\/?p=42833","title":{"rendered":"Asker Meclis\u2019ten \u00e7ekiliyor"},"content":{"rendered":"<p style=\"text-align: center;\"><a href=\"http:\/\/www.korhanyilmaz.com\/wp-content\/uploads\/2011\/11\/7167.jpg\"  class=\"lightview\"><img loading=\"lazy\" decoding=\"async\" class=\"aligncenter  wp-image-42834\" src=\"http:\/\/www.korhanyilmaz.com\/wp-content\/uploads\/2011\/11\/7167.jpg\" alt=\"\" width=\"347\" height=\"226\" \/><\/a><\/p>\n<p style=\"text-align: justify;\">AKP iktidar\u0131n\u0131n hedefinde\u00a0bu kez Muhaf\u0131z Taburu var.<\/p>\n<p style=\"text-align: justify;\">T\u00fcrkiye B\u00fcy\u00fck Millet Meclisi\u2019nin kurulu\u015fundan bu yana g\u00f6rev yapan 700 ki\u015filik askeri birli\u011fin yerini\u00a0polisin almas\u0131 bekleniyor.<\/p>\n<p style=\"text-align: justify;\">G\u00fcvenlik Koordinasyon Kurulu\u2019nun g\u00fcndeminde bulunan Muhaf\u0131z Taburu\u2019nun Meclis d\u0131\u015f\u0131na \u00e7\u0131kar\u0131lmas\u0131 ve taburun 91 y\u0131ld\u0131r aral\u0131ks\u0131z s\u00fcrd\u00fcrd\u00fc\u011f\u00fc g\u00f6revin polise b\u0131rak\u0131lmas\u0131yla ilgili nihai karar\u0131 TBMM Ba\u015fkan\u0131 Cemil \u00c7i\u00e7ek ve Ba\u015fkanl\u0131k Divan\u0131 verecek.\u00a0<!--more--><\/p>\n<p style=\"text-align: justify;\"><strong>Asker Meclis\u2019ten \u00e7ekiliyor<\/strong><\/p>\n<p style=\"text-align: justify;\">G\u00fcvenlik Koordinasyon Kurulu\u2019nun ilk toplant\u0131s\u0131nda Meclis\u2019e kurulacak yeni g\u00fcvenlik sistemi ve yeni donan\u0131mlar yan\u0131nda, \u015fu anda Meclis\u2019te \u201csayg\u0131 n\u00f6beti\u201d ve \u201caskerlerin giri\u015f \u00e7\u0131k\u0131\u015f\u0131n\u0131 kontrol\u201d d\u0131\u015f\u0131nda g\u00f6rev yapmayan 700 ki\u015filik Meclis taburunun da kald\u0131r\u0131lmas\u0131n\u0131n g\u00fcndeme gelmesi planlan\u0131yor. G\u00fcvenlik Koordinasyon Kurulu toplant\u0131s\u0131 \u00f6ncesinde taburun Meclis\u2019ten \u00e7\u0131kar\u0131lmas\u0131 konusunda ne yap\u0131labilece\u011fine ili\u015fkin rapor haz\u0131rlan\u0131yor. Polisin 550 personelle g\u00f6rev yapt\u0131\u011f\u0131 Meclis\u2019te, sayg\u0131 n\u00f6beti de dahil t\u00fcm g\u00f6revleri polisin \u00fcstlenebilece\u011fi belirtiliyor. B\u00fct\u00fcn \u00e7al\u0131\u015fmalar\u0131n tamamlanmas\u0131n\u0131n ard\u0131ndan Cumhurba\u015fkanl\u0131\u011f\u0131 Muhaf\u0131z Alay\u0131\u2019na ba\u011fl\u0131 taburun Meclis d\u0131\u015f\u0131na \u00e7\u0131kar\u0131lmas\u0131 nihai karar\u0131n\u0131 TBMM Ba\u015fkan\u0131 Cemil \u00c7i\u00e7ek ve Ba\u015fkanl\u0131k Divan\u0131 verecek.<\/p>\n<p style=\"text-align: justify;\"><strong>TBMM\u2019yle ya\u015f\u0131t<\/strong><\/p>\n<p style=\"text-align: justify;\">T\u00fcrkiye B\u00fcy\u00fck Millet Meclisi\u2019nin de kuruldu\u011fu 1920 y\u0131l\u0131nda kurulan Cumhurba\u015fkanl\u0131\u011f\u0131 Muhaf\u0131z alay\u0131 T\u00fcrk tarihini temsil eden ve TSK\u2019n\u0131n k\u00fc\u00e7\u00fck modeli olan tek birlik. 18 Temmuz Cumhurba\u015fkanl\u0131\u011f\u0131 Muhaf\u0131z Alay\u0131\u2019n\u0131n 91. kurulu\u015f y\u0131ld\u00f6n\u00fcm\u00fcyd\u00fc. Muhaf\u0131z Alay\u0131 askerleri turkuaz rengi \u00fcniforma giyiyor. Turkuaz rengi tarihte T\u00fcrk kelimesinin ilk ge\u00e7ti\u011fi devlet olan G\u00f6kt\u00fcrkler\u2019in de rengi. Turkuaz \u00fcniformalar\u0131 giyme imtiyaz\u0131na sahip tek birlik Muhaf\u0131z alay\u0131d\u0131r. \u00c7ankaya K\u00f6\u015fk\u00fc\u2019n\u00fcn giri\u015finde cam kabinlerin i\u00e7inde k\u0131p\u0131rdamadan n\u00f6bet tutan askerler de Muhaf\u0131z alay\u0131n\u0131n askerleridir. Kamuoyu mevcudu 2 bin 500 ki\u015fi olan Cumhurba\u015fkanl\u0131\u011f\u0131 Muhaf\u0131z Alay\u0131n\u0131 daha \u00e7ok An\u0131tkabir, TBMM, Ba\u015fbakanl\u0131k, Genelkurmay ve Milli Savunma Bakanl\u0131\u011f\u0131\u2019ndaki devlet t\u00f6renlerini icra eden T\u00f6ren Taburu\u2019yla tan\u0131yor. TBMM\u2019den \u00e7\u0131kart\u0131lmas\u0131 istenen tabur ile \u0130stanbul\u2019daki Dolmabah\u00e7e Saray\u0131 \u00f6n\u00fcnde k\u0131m\u0131ldamadan duran askerler de Muhaf\u0131z Alay\u0131\u2019na ba\u011fl\u0131. Ayr\u0131ca alay\u0131n Bando Komutanl\u0131\u011f\u0131 d\u00fcnyaca me\u015fhur. \u00c7\u00fcnk\u00fc 161 \u00fclkenin milli mar\u015f\u0131n\u0131 \u00e7alabiliyor. Cumhurba\u015fkanl\u0131\u011f\u0131 Muhaf\u0131z Alay\u0131n\u0131n kurulu\u015fuyla ilgili son olarak 18 Temmuz 2007\u2019de Cumhurba\u015fkan\u0131 Ahmet Necdet Sezer d\u00f6neminde t\u00f6ren yap\u0131ld\u0131. 28 A\u011fustos 2007\u2019de Cumhurba\u015fkanl\u0131\u011f\u0131na Abdullah G\u00fcl\u2019\u00fcn se\u00e7ilmesinden sonra Muhaf\u0131z Alay\u0131\u2019n\u0131n kurulu\u015f y\u0131ld\u00f6n\u00fcm\u00fc kutlanmad\u0131.<\/p>\n<p style=\"text-align: justify;\"><a href=\"http:\/\/www.yg.yenicaggazetesi.com.tr\/habergoster.php?haber=59319\" target=\"_blank\">Kaynak : Yeni\u00e7a\u011f Gazetesi<\/a><\/p>\n","protected":false},"excerpt":{"rendered":"<p style=\"text-align: center;\">\n<p style=\"text-align: justify;\">AKP iktidar\u0131n\u0131n hedefinde bu kez Muhaf\u0131z Taburu var.<\/p>\n<p style=\"text-align: justify;\">T\u00fcrkiye B\u00fcy\u00fck Millet Meclisi\u2019nin kurulu\u015fundan bu yana g\u00f6rev yapan 700 ki\u015filik askeri birli\u011fin yerini polisin almas\u0131 bekleniyor.<\/p>\n<p style=\"text-align: justify;\">G\u00fcvenlik Koordinasyon Kurulu\u2019nun g\u00fcndeminde bulunan Muhaf\u0131z Taburu\u2019nun Meclis d\u0131\u015f\u0131na \u00e7\u0131kar\u0131lmas\u0131 ve taburun 91 y\u0131ld\u0131r aral\u0131ks\u0131z s\u00fcrd\u00fcrd\u00fc\u011f\u00fc g\u00f6revin polise b\u0131rak\u0131lmas\u0131yla ilgili nihai <\/p>\n","protected":false},"author":1,"featured_media":0,"comment_status":"open","ping_status":"open","sticky":false,"template":"","format":"standard","meta":{"footnotes":""},"categories":[105],"tags":[],"class_list":["post-42833","post","type-post","status-publish","format-standard","hentry","category-gundem","odd"],"_links":{"self":[{"href":"http:\/\/www.korhanyilmaz.com\/index.php?rest_route=\/wp\/v2\/posts\/42833","targetHints":{"allow":["GET"]}}],"collection":[{"href":"http:\/\/www.korhanyilmaz.com\/index.php?rest_route=\/wp\/v2\/posts"}],"about":[{"href":"http:\/\/www.korhanyilmaz.com\/index.php?rest_route=\/wp\/v2\/types\/post"}],"author":[{"embeddable":true,"href":"http:\/\/www.korhanyilmaz.com\/index.php?rest_route=\/wp\/v2\/users\/1"}],"replies":[{"embeddable":true,"href":"http:\/\/www.korhanyilmaz.com\/index.php?rest_route=%2Fwp%2Fv2%2Fcomments&post=42833"}],"version-history":[{"count":0,"href":"http:\/\/www.korhanyilmaz.com\/index.php?rest_route=\/wp\/v2\/posts\/42833\/revisions"}],"wp:attachment":[{"href":"http:\/\/www.korhanyilmaz.com\/index.php?rest_route=%2Fwp%2Fv2%2Fmedia&parent=42833"}],"wp:term":[{"taxonomy":"category","embeddable":true,"href":"http:\/\/www.korhanyilmaz.com\/index.php?rest_route=%2Fwp%2Fv2%2Fcategories&post=42833"},{"taxonomy":"post_tag","embeddable":true,"href":"http:\/\/www.korhanyilmaz.com\/index.php?rest_route=%2Fwp%2Fv2%2Ftags&post=42833"}],"curies":[{"name":"wp","href":"https:\/\/api.w.org\/{rel}","templated":true}]}}