{"id":42823,"date":"2011-11-19T12:28:27","date_gmt":"2011-11-19T10:28:27","guid":{"rendered":"http:\/\/www.korhanyilmaz.com\/?p=42823"},"modified":"2011-11-20T06:52:23","modified_gmt":"2011-11-20T04:52:23","slug":"o-insaati-yapanlar-sizin-ogrencileriniz","status":"publish","type":"post","link":"http:\/\/www.korhanyilmaz.com\/?p=42823","title":{"rendered":"&#8216;O in\u015faat\u0131 yapanlar sizin \u00f6\u011frencileriniz&#8217;"},"content":{"rendered":"<p style=\"text-align: center;\"><a href=\"http:\/\/www.korhanyilmaz.com\/wp-content\/uploads\/2011\/11\/7164.jpg\"  class=\"lightview\"><img loading=\"lazy\" decoding=\"async\" class=\"aligncenter  wp-image-42824\" src=\"http:\/\/www.korhanyilmaz.com\/wp-content\/uploads\/2011\/11\/7164.jpg\" alt=\"\" width=\"268\" height=\"220\" \/><\/a><\/p>\n<p style=\"text-align: justify;\">Depremle ilgili de\u011ferlendirme yapan \u00fcniversite hocalar\u0131na y\u00fcklenen Ba\u015fbakan Erdo\u011fan, &#8220;Bu in\u015faat\u0131 yapanlar sizin \u00f6\u011frencileriniz. Fatura kesecek birini araman\u0131n anlam\u0131 yok&#8221; dedi. Erdo\u011fan, Time kapa\u011f\u0131 i\u00e7in de ilgin\u00e7 bir yorum yapt\u0131.<!--more--><\/p>\n<p style=\"text-align: justify;\">\u0130STANBUL &#8211; Ba\u015fbakan Tayyip Erdo\u011fan, D\u0131\u015f Ekonomik \u0130li\u015fkiler Kurulu (DE\u0130K) taraf\u0131ndan d\u00fczenlenen D\u00fcnya T\u00fcrk Giri\u015fimciler Kurultay\u0131&#8217;nda bir konu\u015fma yapt\u0131.<\/p>\n<p style=\"text-align: justify;\">Erdo\u011fan \u015funlar\u0131 s\u00f6yledi: &#8220;Depremle ilgili TV&#8217;de hocalar \u00e7\u0131k\u0131yor; &#8216;\u015e\u00f6yle oldu b\u00f6yle oldu&#8217; diyorlar. Bu in\u015faat\u0131 yapanlar sizin \u00f6\u011frencileriniz. Onlar yapt\u0131lar bunu. \u0130lla fatura kesecek birilerini araman\u0131n anlam\u0131 yok.<\/p>\n<p style=\"text-align: justify;\">Deprem i\u00e7in \u0130stanbul haz\u0131rl\u0131kl\u0131 de\u011fil. Di\u011fer \u015fehirler de haz\u0131rl\u0131kl\u0131 de\u011fil. \u00c7evre ve \u015eehircilik Bakanl\u0131\u011f\u0131&#8217;n\u0131 kurmak istememin tek nedeni bu.<\/p>\n<p style=\"text-align: justify;\">\u015eimdi &#8216;rant&#8217; diyorlar. Eline diline dursun. Bu binalar\u0131n alt\u0131nda insanlar kal\u0131rsa bunun bedelini neyle \u00f6l\u00e7eceksin? \u015eehirlerin de insanlar \u00fczerinde hakk\u0131 vard\u0131r.<\/p>\n<p style=\"text-align: justify;\">Van&#8217;da bu ge\u00e7i\u015f d\u00f6nemini atlataca\u011f\u0131z ama \u015eubat-Mart itibariyle kal\u0131c\u0131 konutlara ba\u015flayaca\u011f\u0131z. M\u00fclk sahibi-kirac\u0131 ayr\u0131m\u0131 yapm\u0131yoruz. TOK\u0130 zorla el koyuyor diyorlar, b\u00f6yle bir derdimiz yok. TOK\u0130&#8217;nin ba\u015f\u0131nda y\u00fck\u00fc \u00e7ok. Biz sorunu \u00e7\u00f6zelim, derdimiz bu.<\/p>\n<p style=\"text-align: justify;\">Bizim T\u00fcrkiye olarak hi\u00e7bir \u00fclkenin i\u00e7i\u015flerine kar\u0131\u015fma gibi bir d\u00fc\u015f\u00fcncemiz yok. 9 y\u0131l boyunca Suriye y\u00f6netimine demokrasi, insan haklar\u0131 konusunda ele\u015ftirilerimizi yapt\u0131k. 9 y\u0131ll\u0131k s\u00fcre\u00e7te T\u00fcrkiye-Suriye dostlu\u011fu Suriye halk\u0131na kazand\u0131rd\u0131.&#8221;<\/p>\n<p style=\"text-align: justify;\"><strong><a href=\"http:\/\/www.korhanyilmaz.com\/wp-content\/uploads\/2011\/11\/7165.jpg\"  class=\"lightview\"><img loading=\"lazy\" decoding=\"async\" class=\"alignleft  wp-image-42825\" style=\"margin-left: 10px; margin-right: 10px;\" src=\"http:\/\/www.korhanyilmaz.com\/wp-content\/uploads\/2011\/11\/7165.jpg\" alt=\"\" width=\"145\" height=\"150\" \/><\/a>O KAPA\u011eA \u0130LG\u0130N\u00c7 YORUM<\/strong><\/p>\n<p style=\"text-align: justify;\">Bu arada kurultayda Ba\u015fbakan Erdo\u011fan, kendi foto\u011fraf\u0131n\u0131n bulundu\u011fu Time Dergisi\u2019nin kapa\u011f\u0131n\u0131n ekrana yans\u0131t\u0131lmas\u0131 \u00fczerine konu\u015fmas\u0131na, \u201cBu foto\u011fraf\u0131 aray\u0131p, bulmak i\u00e7in \u00e7ok eziyet \u00e7ektiler herhalde&#8221; diyerek ba\u015flad\u0131. Time Dergisi son say\u0131s\u0131nda &#8216;Erdo\u011fan&#8217;\u0131n Yolu&#8217; ba\u015fl\u0131\u011f\u0131yla Ba\u015fbakan&#8217;\u0131 kapa\u011fa ta\u015f\u0131m\u0131\u015ft\u0131.<\/p>\n<p style=\"text-align: justify;\"><a href=\"http:\/\/www.ntvmsnbc.com\/id\/25298576\" target=\"_blank\">Kaynak : NTVMSNBC<\/a><\/p>\n","protected":false},"excerpt":{"rendered":"<p style=\"text-align: center;\">\n<p style=\"text-align: justify;\">Depremle ilgili de\u011ferlendirme yapan \u00fcniversite hocalar\u0131na y\u00fcklenen Ba\u015fbakan Erdo\u011fan, &#8220;Bu in\u015faat\u0131 yapanlar sizin \u00f6\u011frencileriniz. Fatura kesecek birini araman\u0131n anlam\u0131 yok&#8221; dedi. Erdo\u011fan, Time kapa\u011f\u0131 i\u00e7in de ilgin\u00e7 bir yorum yapt\u0131.<\/p>\n","protected":false},"author":1,"featured_media":0,"comment_status":"open","ping_status":"open","sticky":false,"template":"","format":"standard","meta":{"footnotes":""},"categories":[105],"tags":[],"class_list":["post-42823","post","type-post","status-publish","format-standard","hentry","category-gundem","odd"],"_links":{"self":[{"href":"http:\/\/www.korhanyilmaz.com\/index.php?rest_route=\/wp\/v2\/posts\/42823","targetHints":{"allow":["GET"]}}],"collection":[{"href":"http:\/\/www.korhanyilmaz.com\/index.php?rest_route=\/wp\/v2\/posts"}],"about":[{"href":"http:\/\/www.korhanyilmaz.com\/index.php?rest_route=\/wp\/v2\/types\/post"}],"author":[{"embeddable":true,"href":"http:\/\/www.korhanyilmaz.com\/index.php?rest_route=\/wp\/v2\/users\/1"}],"replies":[{"embeddable":true,"href":"http:\/\/www.korhanyilmaz.com\/index.php?rest_route=%2Fwp%2Fv2%2Fcomments&post=42823"}],"version-history":[{"count":0,"href":"http:\/\/www.korhanyilmaz.com\/index.php?rest_route=\/wp\/v2\/posts\/42823\/revisions"}],"wp:attachment":[{"href":"http:\/\/www.korhanyilmaz.com\/index.php?rest_route=%2Fwp%2Fv2%2Fmedia&parent=42823"}],"wp:term":[{"taxonomy":"category","embeddable":true,"href":"http:\/\/www.korhanyilmaz.com\/index.php?rest_route=%2Fwp%2Fv2%2Fcategories&post=42823"},{"taxonomy":"post_tag","embeddable":true,"href":"http:\/\/www.korhanyilmaz.com\/index.php?rest_route=%2Fwp%2Fv2%2Ftags&post=42823"}],"curies":[{"name":"wp","href":"https:\/\/api.w.org\/{rel}","templated":true}]}}