{"id":4282,"date":"2009-03-01T14:43:20","date_gmt":"2009-03-01T12:43:20","guid":{"rendered":"http:\/\/www.korhanyilmaz.com\/?p=4282"},"modified":"2009-03-01T14:43:20","modified_gmt":"2009-03-01T12:43:20","slug":"genelkurmay-baskani-siyasete-karismasin","status":"publish","type":"post","link":"http:\/\/www.korhanyilmaz.com\/?p=4282","title":{"rendered":"&#039;Genelkurmay Ba\u015fkan\u0131 siyasete kar\u0131\u015fmas\u0131n&#039;"},"content":{"rendered":"<p style=\"text-align: justify;\"><img loading=\"lazy\" decoding=\"async\" class=\"aligncenter size-full wp-image-4283\" title=\"'Genelkurmay Ba\u015fkan\u0131 siyasete kar\u0131\u015fmas\u0131n' \" src=\"http:\/\/www.korhanyilmaz.com\/wp-content\/uploads\/2009\/03\/010320091438369355318.jpg\" alt=\"'Genelkurmay Ba\u015fkan\u0131 siyasete kar\u0131\u015fmas\u0131n' \" width=\"376\" height=\"240\" \/><\/p>\n<p style=\"text-align: justify;\"><strong>DTP Mardin milletvekili Emine Ayna, Genel Ba\u015fkanlar\u0131 Ahmet T\u00fcrk&#8217;\u00fcn TBMM grup toplant\u0131s\u0131nda K\u00fcrt\u00e7e konu\u015fmas\u0131yla ilgili yap\u0131lan ele\u015ftirilere yan\u0131t verdi<\/strong>.<\/p>\n<p style=\"text-align: justify;\">Ayna, &#8220;Biz, dilimizi kullanmak i\u00e7in ne Erdo\u011fan&#8217;dan, ne Genelkurmay Ba\u015fkan\u0131&#8217;ndan izin al\u0131r\u0131z. Kimli\u011fimizi ve dilimizi kullanmak i\u00e7in ne AKP&#8217;nin siyasetine, ne de Genelkurmay&#8217;\u0131n icazetine ihtiyac\u0131m\u0131z yok. Genelkurmay Ba\u015fkan\u0131, Genelkurmay Ba\u015fkanl\u0131\u011f\u0131n\u0131 bilsin ve siyasete kar\u0131\u015fmas\u0131n. Anadilimizi her yerde kullanaca\u011f\u0131z&#8221; dedi.<\/p>\n<p style=\"text-align: justify;\">Se\u00e7im b\u00fcrosunun a\u00e7\u0131l\u0131\u015f\u0131na kat\u0131lmak i\u00e7in d\u00fcn ak\u015fam saatlerinde Mardin&#8217;in Nusaybin \u0130l\u00e7esi&#8217;ne gelen gelen DTP milletvekili Emine Ayna, il\u00e7e giri\u015finde \u00e7ok say\u0131da partili taraf\u0131ndan kar\u015f\u0131land\u0131. <!--more-->DTP Nusaybin \u0130l\u00e7e binas\u0131n\u0131n \u00f6n\u00fcne gelen DTP&#8217;lileri \u00e7ok say\u0131da ki\u015fi PKK ve Abdullah \u00d6calan lehine att\u0131klar\u0131 sloganlarla kar\u015f\u0131lad\u0131. &#8216;Oy namustur, namus sat\u0131lmaz&#8217; sloganlar\u0131yla se\u00e7im b\u00fcrosuna y\u00fcr\u00fcyen kalabal\u0131\u011fa yol g\u00fczergah\u0131 boyunca \u00e7evredeki esnaf da alk\u0131\u015flarla destek verdi. Se\u00e7im b\u00fcrosu a\u00e7\u0131l\u0131\u015f\u0131n\u0131 yapan Emine Ayna burada yapt\u0131\u011f\u0131 konu\u015fmada, Ahmet T\u00fcrk&#8217;\u00fcn K\u00fcrt\u00e7e konu\u015fmas\u0131yla ilgili ba\u015fbakan Recep Tayyip Erdo\u011fan&#8217;\u0131n, &#8216;\u015eov ve provokasyon yap\u0131yorlar&#8217; a\u00e7\u0131klamas\u0131na tepki g\u00f6sterdi.<\/p>\n<p style=\"text-align: justify;\"><strong>&#8216;\u0130MRALI&#8217;NIN \u00c7\u00d6Z\u00dcM \u00d6NER\u0130S\u0130 FIRSATTIR&#8217;<\/strong><\/p>\n<p style=\"text-align: justify;\">K\u00fcrt\u00e7e televizyonun 24 saat yapt\u0131\u011f\u0131 bir d\u00f6nemde Anadil G\u00fcn\u00fc&#8217;n\u00fcn kutlanmas\u0131 i\u00e7in K\u00fcrt\u00e7e yap\u0131lan konu\u015fman\u0131n nas\u0131l provokasyon oldu\u011funu Ba\u015fbakan&#8217;a sormak istedi\u011fini belirten Ayna \u015f\u00f6yle konu\u015ftu:<br \/>\n&#8220;T\u00fcrkiye&#8217;de halklar aras\u0131nda gerilim yok. Sorun devletin tek\u00e7i zihniyetidir. Tek\u00e7i zihniyetle bu sorun \u00e7\u00f6z\u00fclmez. Biz K\u00fcrt\u00e7e konu\u015farak \u015funu anlatmak istedik. Siz K\u00fcrt\u00e7e televizyon kursan\u0131z da o televizyonda &#8216;tek dil, tek millet&#8217; diyece\u011finiz i\u00e7in o televizyonu K\u00fcrtler sahiplenmiyor. Genelkurmay da, AKP ve Erdo\u011fan gibi d\u00fc\u015f\u00fcn\u00fcyor, Genelkurmay Ba\u015fkan\u0131 &#8216;K\u00fclt\u00fcrel kimlikler serbest olabilir&#8217; diyor. Kimli\u011fimizi ve dilimizi kullanmak i\u00e7in ne AKP&#8217;nin siyasetine, ne de Genelkurmay&#8217;\u0131n icazetine ihtiyac\u0131m\u0131z yok. Genelkurmay Ba\u015fkan\u0131, Genelkurmay Ba\u015fkanl\u0131\u011f\u0131n\u0131 bilsin, siyasete kar\u0131\u015fmas\u0131n. Dilimizi kullanmak i\u00e7in ne Genelkurmay&#8217;dan, ne de Erdo\u011fan&#8217;dan izin istemiyoruz. Anadilimizi her yerde kullanaca\u011f\u0131z. 30 y\u0131ld\u0131r bu halk kimli\u011fi i\u00e7in \u00f6ld\u00fcr\u00fcl\u00fcrken, i\u015fkencelerden ge\u00e7erken, sesi \u00e7\u0131kmayan AKP&#8217;li milletvekillerinin, se\u00e7ime bir ay kala K\u00fcrtl\u00fckleri ak\u0131llar\u0131na gelmi\u015f. Bunu diyerek oy toplayacaklar\u0131n\u0131 san\u0131yorlar. &#8216;Kad\u0131n da, \u00e7ocukta olsa gere\u011fini yapaca\u011f\u0131m&#8217; diyerek d\u00fcne kadar tek bayraktan s\u00f6z edenler, \u015fimdi T\u00fcrkiye halklar\u0131ndan s\u00f6z ediyor. Rojba\u015f, g\u00fcnayd\u0131n. Ne oldu? Se\u00e7imler mi yakla\u015ft\u0131? Bu halk 30 y\u0131l daha m\u00fccadele eder. Bundan kimsenin \u015f\u00fcphesi olmas\u0131n. 29 Mart se\u00e7imleri AKP i\u00e7in referandumdur. \u0130mral\u0131&#8217;dan bir \u00e7\u00f6z\u00fcm \u00f6nerisi daha \u00e7\u0131kt\u0131. &#8216;Yeter insanlar \u00f6lmesin. Bu \u00f6l\u00fcmleri durdurmak i\u00e7in 2 tarafl\u0131 ate\u015fkes olabilir. Resmi olmasa da gayri resmi olabilir&#8217; denildi. Se\u00e7imler bunun i\u00e7in bir f\u0131rsatt\u0131r. H\u00fck\u00fcmete sesleniyoruz, gelin birlikte bu sorunu \u00e7\u00f6zelim. Se\u00e7imi bu sorunun \u00e7\u00f6z\u00fcm\u00fcn adresi yapal\u0131m. Art\u0131k bomba y\u00fckl\u00fc u\u00e7aklar\u0131n seslerinden dolay\u0131 Diyarbak\u0131rl\u0131&#8217;lar uyuyam\u0131yor. \u0130nsan sabaha kadar &#8216;acaba bir saat sonra kimler \u00f6lecek&#8217; diye d\u00fc\u015f\u00fcn\u00fcyor. Gelin bu \u00f6l\u00fcmleri durdural\u0131m.&#8221;<br \/>\nDTP Nusaybin Belediye Ba\u015fkan Aday\u0131 Ay\u015fe G\u00f6kkan da, Nusaybin&#8217;de AKP&#8217;ye bir oy bile \u00e7\u0131kmayaca\u011f\u0131n\u0131, Nusaybinli&#8217;lerin kendi topraklar\u0131na sahip \u00e7\u0131kaca\u011f\u0131n\u0131 savunarak, &#8220;T\u00fcm K\u00fcrdistan&#8217;a sahip \u00e7\u0131kal\u0131m. Nusaybin&#8217;deki s\u0131n\u0131rlar\u0131 kald\u0131ral\u0131m. Halklar\u0131n birlikte ya\u015fam\u0131 i\u00e7in birlikte olal\u0131m. Kad\u0131nlar\u0131n \u00f6zg\u00fcrl\u00fc\u011f\u00fc bu toplumun \u00f6zg\u00fcrl\u00fc\u011f\u00fcd\u00fcr&#8221; dedi.\n<\/p>\n<p style=\"text-align: justify;\"><span style=\"color: #888888;\">Kaynak : Vatan Gazetesi<\/span><\/p>\n","protected":false},"excerpt":{"rendered":"<p style=\"text-align: justify;\">\n<p style=\"text-align: justify;\">DTP Mardin milletvekili Emine Ayna, Genel Ba\u015fkanlar\u0131 Ahmet T\u00fcrk&#8217;\u00fcn TBMM grup toplant\u0131s\u0131nda K\u00fcrt\u00e7e konu\u015fmas\u0131yla ilgili yap\u0131lan ele\u015ftirilere yan\u0131t verdi.<\/p>\n<p style=\"text-align: justify;\">Ayna, &#8220;Biz, dilimizi kullanmak i\u00e7in ne Erdo\u011fan&#8217;dan, ne Genelkurmay Ba\u015fkan\u0131&#8217;ndan izin al\u0131r\u0131z. Kimli\u011fimizi ve dilimizi kullanmak i\u00e7in ne AKP&#8217;nin siyasetine, ne de Genelkurmay&#8217;\u0131n icazetine ihtiyac\u0131m\u0131z yok. Genelkurmay Ba\u015fkan\u0131, Genelkurmay <\/p>\n","protected":false},"author":1,"featured_media":0,"comment_status":"open","ping_status":"closed","sticky":false,"template":"","format":"standard","meta":{"footnotes":""},"categories":[105],"tags":[],"class_list":["post-4282","post","type-post","status-publish","format-standard","hentry","category-gundem","odd"],"_links":{"self":[{"href":"http:\/\/www.korhanyilmaz.com\/index.php?rest_route=\/wp\/v2\/posts\/4282","targetHints":{"allow":["GET"]}}],"collection":[{"href":"http:\/\/www.korhanyilmaz.com\/index.php?rest_route=\/wp\/v2\/posts"}],"about":[{"href":"http:\/\/www.korhanyilmaz.com\/index.php?rest_route=\/wp\/v2\/types\/post"}],"author":[{"embeddable":true,"href":"http:\/\/www.korhanyilmaz.com\/index.php?rest_route=\/wp\/v2\/users\/1"}],"replies":[{"embeddable":true,"href":"http:\/\/www.korhanyilmaz.com\/index.php?rest_route=%2Fwp%2Fv2%2Fcomments&post=4282"}],"version-history":[{"count":0,"href":"http:\/\/www.korhanyilmaz.com\/index.php?rest_route=\/wp\/v2\/posts\/4282\/revisions"}],"wp:attachment":[{"href":"http:\/\/www.korhanyilmaz.com\/index.php?rest_route=%2Fwp%2Fv2%2Fmedia&parent=4282"}],"wp:term":[{"taxonomy":"category","embeddable":true,"href":"http:\/\/www.korhanyilmaz.com\/index.php?rest_route=%2Fwp%2Fv2%2Fcategories&post=4282"},{"taxonomy":"post_tag","embeddable":true,"href":"http:\/\/www.korhanyilmaz.com\/index.php?rest_route=%2Fwp%2Fv2%2Ftags&post=4282"}],"curies":[{"name":"wp","href":"https:\/\/api.w.org\/{rel}","templated":true}]}}