{"id":42819,"date":"2011-11-19T19:58:57","date_gmt":"2011-11-19T17:58:57","guid":{"rendered":"http:\/\/www.korhanyilmaz.com\/?p=42819"},"modified":"2011-11-20T06:41:53","modified_gmt":"2011-11-20T04:41:53","slug":"barzaniden-vana-buyuk-yardim","status":"publish","type":"post","link":"http:\/\/www.korhanyilmaz.com\/?p=42819","title":{"rendered":"Barzani&#8217;den Van&#8217;a b\u00fcy\u00fck yard\u0131m"},"content":{"rendered":"<p style=\"text-align: center;\"><a href=\"http:\/\/www.korhanyilmaz.com\/wp-content\/uploads\/2011\/11\/7163.jpg\"  class=\"lightview\"><img loading=\"lazy\" decoding=\"async\" class=\"aligncenter  wp-image-42820\" src=\"http:\/\/www.korhanyilmaz.com\/wp-content\/uploads\/2011\/11\/7163.jpg\" alt=\"\" width=\"307\" height=\"236\" \/><\/a><\/p>\n<p style=\"text-align: justify;\">Irak B\u00f6lgesel K\u00fcrt Y\u00f6netimi Ba\u015fkan\u0131 Mesud Barzani, deprem b\u00f6lgesine g\u00f6nderdi\u011fi yard\u0131m konvoyu Van&#8217;a geldi. K\u00fcrt y\u00f6netiminin g\u00f6nderdi\u011fi 113 TIR&#8217;l\u0131k yard\u0131m konvoyu polis eskortuyla kente girerek yard\u0131mlar\u0131 b\u0131rakt\u0131.<!--more--><\/p>\n<p style=\"text-align: justify;\">(DHA) &#8212; Polis eskortuyla kentte giren yard\u0131m konvoyu getirdikleri malzemeleri Van Y\u00fcz\u00fcnc\u00fc Y\u0131l \u00dcniversitesi Yerle\u015fkesi&#8217;ne belirlenen alana b\u0131rakt\u0131.<\/p>\n<p style=\"text-align: justify;\">Barzani Vakf\u0131&#8217;n\u0131n g\u00f6nderdi\u011fi yard\u0131m konvoyunda 212 prefabrik ev, bataniye, yatak, \u0131s\u0131t\u0131c\u0131lar, ev e\u015fyas\u0131 ve g\u0131da malzemeleri bulundu\u011fu \u00f6\u011frenildi.<\/p>\n<p style=\"text-align: justify;\">Bu arada yard\u0131m konvoyunda bulunan TIR&#8217;lar\u0131n \u00f6n\u00fcndeki, &#8216;K\u00fcrdistan halk\u0131ndan depremin ya\u015fand\u0131\u011f\u0131 Van&#8217;a yard\u0131m&#8217; ve &#8216;Van ac\u0131n\u0131z\u0131 payla\u015f\u0131yoruz&#8217; yaz\u0131l\u0131 K\u00fcrt\u00e7e, Arap\u00e7a yaz\u0131l\u0131 pankartlar dikkat \u00e7ekti.<\/p>\n<p style=\"text-align: justify;\">Barzani taraf\u0131ndan g\u00f6nderilen konteynerlerin Erci\u015f&#8217;te belirlenecek alana kurulaca\u011f\u0131 ve depremzedelerin buralara yerle\u015ftirilece\u011fi kaydedildi.<\/p>\n<p style=\"text-align: justify;\">Irak K\u00fcrdistan y\u00f6netiminin g\u00f6nderdi\u011fi g\u0131da ve di\u011fer malzemelerin ise Valilik kontrol\u00fcnde depremzedelere ula\u015ft\u0131r\u0131laca\u011f\u0131 belirtildi.<\/p>\n<p style=\"text-align: justify;\"><strong>\u00c7ad\u0131rkent&#8217;te Barzani ismi\u00a0<\/strong><\/p>\n<p style=\"text-align: justify;\">Bu arada yard\u0131m konvoyuna ba\u015fkanl\u0131k eden Barzani Yard\u0131m Vakf\u0131 Ba\u015fkan\u0131 Musa Ahmed, beraberindeki heyetle Van Valisi M\u00fcnir Karalo\u011flu&#8217;nu ziyaret etti.<\/p>\n<p style=\"text-align: justify;\">Barzani Yard\u0131m Vakf\u0131 Ba\u015fkan\u0131 Ahmed, ziyarette yapt\u0131\u011f\u0131 K\u00fcrt\u00e7e konu\u015fmas\u0131nda, &#8220;Ba\u015fkan Barzani&#8217;nin selamlar\u0131n\u0131 getirdim sizlere. Van&#8217;\u0131n ac\u0131s\u0131 bizim ac\u0131m\u0131zd\u0131r. 1988-89 y\u0131llar\u0131 aras\u0131nda Van halk\u0131 bize \u00e7ok yard\u0131mc\u0131 oldu. Biz de bug\u00fcn onlar\u0131n ac\u0131s\u0131n\u0131 payla\u015f\u0131yor ve onlar\u0131n yan\u0131nday\u0131z. Ba\u015fkan Barzani b\u00fct\u00fcn K\u00fcrdistan halk\u0131na Van&#8217;a yard\u0131m konusunda talimat verdi. Bundan sonra da yard\u0131mlar\u0131m\u0131z s\u00fcrecek&#8221; dedi.<\/p>\n<p style=\"text-align: justify;\">Vak\u0131f Ba\u015fkan\u0131 Ahmed, Vali Karalo\u011flu&#8217;ndan ricada bulunarak, &#8220;Bizim bir tek ricam\u0131z var sizden Kuzey Irak&#8217;tan getirdi\u011fimiz konteynerlerin kurulaca\u011f\u0131 alana Barzani \u0130nsani Yard\u0131m Vakf\u0131&#8217;n\u0131n isminin verilmesidir&#8221; talebini iletti. Vali Karalo\u011flu ise bu talebe &#8216;olabilir&#8217; yan\u0131t\u0131n\u0131 verdi.<\/p>\n<p style=\"text-align: justify;\">G\u00f6r\u00fc\u015fmede Vali Karalo\u011flu ise yapt\u0131\u011f\u0131 konu\u015fmada heyette yard\u0131mlardan dolay\u0131 te\u015fekk\u00fcr ederek, &#8220;\u0130ki devlet iki millet karde\u015ftir. B\u00f6yle ac\u0131larda yan\u0131m\u0131zda olman\u0131zdan dolay\u0131 \u00e7ok te\u015fekk\u00fcr ediyoruz. Umar\u0131m bundan sonra b\u00f6yle ac\u0131lar ya\u015fanmaz ama ya\u015fanacak olursada biz iki millet bir birimize yard\u0131m edece\u011fiz. Ac\u0131lar\u0131m\u0131z ve sevin\u00e7lerimiz ortakt\u0131r&#8221; diye konu\u015ftu.<\/p>\n<p style=\"text-align: justify;\"><a href=\"http:\/\/www.cnnturk.com\/2011\/turkiye\/11\/19\/barzaniden.vana.buyuk.yardim\/637353.0\/index.html\" target=\"_blank\">Kaynak : CNN T\u00dcRK<\/a><\/p>\n","protected":false},"excerpt":{"rendered":"<p style=\"text-align: center;\">\n<p style=\"text-align: justify;\">Irak B\u00f6lgesel K\u00fcrt Y\u00f6netimi Ba\u015fkan\u0131 Mesud Barzani, deprem b\u00f6lgesine g\u00f6nderdi\u011fi yard\u0131m konvoyu Van&#8217;a geldi. K\u00fcrt y\u00f6netiminin g\u00f6nderdi\u011fi 113 TIR&#8217;l\u0131k yard\u0131m konvoyu polis eskortuyla kente girerek yard\u0131mlar\u0131 b\u0131rakt\u0131.<\/p>\n","protected":false},"author":1,"featured_media":0,"comment_status":"open","ping_status":"open","sticky":false,"template":"","format":"standard","meta":{"footnotes":""},"categories":[105],"tags":[],"class_list":["post-42819","post","type-post","status-publish","format-standard","hentry","category-gundem","odd"],"_links":{"self":[{"href":"http:\/\/www.korhanyilmaz.com\/index.php?rest_route=\/wp\/v2\/posts\/42819","targetHints":{"allow":["GET"]}}],"collection":[{"href":"http:\/\/www.korhanyilmaz.com\/index.php?rest_route=\/wp\/v2\/posts"}],"about":[{"href":"http:\/\/www.korhanyilmaz.com\/index.php?rest_route=\/wp\/v2\/types\/post"}],"author":[{"embeddable":true,"href":"http:\/\/www.korhanyilmaz.com\/index.php?rest_route=\/wp\/v2\/users\/1"}],"replies":[{"embeddable":true,"href":"http:\/\/www.korhanyilmaz.com\/index.php?rest_route=%2Fwp%2Fv2%2Fcomments&post=42819"}],"version-history":[{"count":0,"href":"http:\/\/www.korhanyilmaz.com\/index.php?rest_route=\/wp\/v2\/posts\/42819\/revisions"}],"wp:attachment":[{"href":"http:\/\/www.korhanyilmaz.com\/index.php?rest_route=%2Fwp%2Fv2%2Fmedia&parent=42819"}],"wp:term":[{"taxonomy":"category","embeddable":true,"href":"http:\/\/www.korhanyilmaz.com\/index.php?rest_route=%2Fwp%2Fv2%2Fcategories&post=42819"},{"taxonomy":"post_tag","embeddable":true,"href":"http:\/\/www.korhanyilmaz.com\/index.php?rest_route=%2Fwp%2Fv2%2Ftags&post=42819"}],"curies":[{"name":"wp","href":"https:\/\/api.w.org\/{rel}","templated":true}]}}