{"id":42816,"date":"2011-11-19T15:47:09","date_gmt":"2011-11-19T13:47:09","guid":{"rendered":"http:\/\/www.korhanyilmaz.com\/?p=42816"},"modified":"2011-11-20T06:35:53","modified_gmt":"2011-11-20T04:35:53","slug":"bir-damla-kanin-dahi-hesabi-sorulacak","status":"publish","type":"post","link":"http:\/\/www.korhanyilmaz.com\/?p=42816","title":{"rendered":"&#8216;Bir damla kan\u0131n dahi hesab\u0131 sorulacak&#8217;"},"content":{"rendered":"<p style=\"text-align: center;\"><a href=\"http:\/\/www.korhanyilmaz.com\/wp-content\/uploads\/2011\/11\/7162.jpg\"  class=\"lightview\"><img loading=\"lazy\" decoding=\"async\" class=\"aligncenter  wp-image-42817\" src=\"http:\/\/www.korhanyilmaz.com\/wp-content\/uploads\/2011\/11\/7162.jpg\" alt=\"\" width=\"308\" height=\"237\" \/><\/a><\/p>\n<p style=\"text-align: justify;\">D\u0131\u015fi\u015fleri Bakan\u0131 Ahmet Davuto\u011flu, Almanya&#8217;da \u00f6ld\u00fcr\u00fclen T\u00fcrk vatanda\u015flar\u0131na ili\u015fkin, \u201cBu, Almanya&#8217;daki her vatanda\u015f\u0131m\u0131z\u0131n bir damla kan\u0131n\u0131n dahi hesab\u0131 sorulacak bir meseledir. Bu konuda kimsenin teredd\u00fcd\u00fc olmas\u0131n\u201d dedi.\u00a0<!--more--><\/p>\n<p style=\"text-align: justify;\">Almanya&#8217;da, Neo-Nazilerin i\u015fledi\u011fi d\u00f6nerci cinayetleri ile ilgili soru\u015fturma devam ederken, Ahmet Davuto\u011flu \u00f6ld\u00fcr\u00fclen T\u00fcrk vatanda\u015flar\u0131yla ilgili, &#8221;Bu, Almanya&#8217;daki her vatanda\u015f\u0131m\u0131z\u0131n bir damla kan\u0131n\u0131n dahi hesab\u0131 sorulacak bir meseledir. Bu konuda kimsenin teredd\u00fcd\u00fc olmas\u0131n&#8221; a\u00e7\u0131klamas\u0131n\u0131 yapt\u0131.<\/p>\n<p style=\"text-align: justify;\">Almanya&#8217;n\u0131n Heilbronn kentinde 2007 y\u0131l\u0131nda \u00f6ld\u00fcr\u00fclen kad\u0131n polis memuru Michale K. ile kamuoyunda d\u00f6nerci cinayetleri olarak bilinen ve 8 T\u00fcrk ile bir Yunanl\u0131n\u0131n 2000-2006 y\u0131llar\u0131 aras\u0131nda \u00f6ld\u00fcr\u00fcld\u00fc\u011f\u00fc olaylar\u0131n\u0131n arkas\u0131nda a\u015f\u0131r\u0131 sa\u011fc\u0131 Nasyonal Sosyalist Yeralt\u0131 adl\u0131 grubun oldu\u011fu bildirilmi\u015fti.<\/p>\n<p style=\"text-align: justify;\"><a href=\"http:\/\/www.cnnturk.com\/2011\/dunya\/11\/19\/bir.damla.kanin.dahi.hesabi.sorulacak\/637338.0\/index.html\" target=\"_blank\">Kaynak : CNN T\u00dcRK<\/a><\/p>\n","protected":false},"excerpt":{"rendered":"<p style=\"text-align: center;\">\n<p style=\"text-align: justify;\">D\u0131\u015fi\u015fleri Bakan\u0131 Ahmet Davuto\u011flu, Almanya&#8217;da \u00f6ld\u00fcr\u00fclen T\u00fcrk vatanda\u015flar\u0131na ili\u015fkin, \u201cBu, Almanya&#8217;daki her vatanda\u015f\u0131m\u0131z\u0131n bir damla kan\u0131n\u0131n dahi hesab\u0131 sorulacak bir meseledir. Bu konuda kimsenin teredd\u00fcd\u00fc olmas\u0131n\u201d dedi. <\/p>\n","protected":false},"author":1,"featured_media":0,"comment_status":"open","ping_status":"open","sticky":false,"template":"","format":"standard","meta":{"footnotes":""},"categories":[105],"tags":[],"class_list":["post-42816","post","type-post","status-publish","format-standard","hentry","category-gundem","odd"],"_links":{"self":[{"href":"http:\/\/www.korhanyilmaz.com\/index.php?rest_route=\/wp\/v2\/posts\/42816","targetHints":{"allow":["GET"]}}],"collection":[{"href":"http:\/\/www.korhanyilmaz.com\/index.php?rest_route=\/wp\/v2\/posts"}],"about":[{"href":"http:\/\/www.korhanyilmaz.com\/index.php?rest_route=\/wp\/v2\/types\/post"}],"author":[{"embeddable":true,"href":"http:\/\/www.korhanyilmaz.com\/index.php?rest_route=\/wp\/v2\/users\/1"}],"replies":[{"embeddable":true,"href":"http:\/\/www.korhanyilmaz.com\/index.php?rest_route=%2Fwp%2Fv2%2Fcomments&post=42816"}],"version-history":[{"count":0,"href":"http:\/\/www.korhanyilmaz.com\/index.php?rest_route=\/wp\/v2\/posts\/42816\/revisions"}],"wp:attachment":[{"href":"http:\/\/www.korhanyilmaz.com\/index.php?rest_route=%2Fwp%2Fv2%2Fmedia&parent=42816"}],"wp:term":[{"taxonomy":"category","embeddable":true,"href":"http:\/\/www.korhanyilmaz.com\/index.php?rest_route=%2Fwp%2Fv2%2Fcategories&post=42816"},{"taxonomy":"post_tag","embeddable":true,"href":"http:\/\/www.korhanyilmaz.com\/index.php?rest_route=%2Fwp%2Fv2%2Ftags&post=42816"}],"curies":[{"name":"wp","href":"https:\/\/api.w.org\/{rel}","templated":true}]}}