{"id":42802,"date":"2011-11-19T00:17:04","date_gmt":"2011-11-18T22:17:04","guid":{"rendered":"http:\/\/www.korhanyilmaz.com\/?p=42802"},"modified":"2011-11-19T13:07:04","modified_gmt":"2011-11-19T11:07:04","slug":"gerdan-kiran-sark-dansozu","status":"publish","type":"post","link":"http:\/\/www.korhanyilmaz.com\/?p=42802","title":{"rendered":"&#8220;Gerdan k\u0131ran, \u015fark dans\u00f6z\u00fc&#8221;"},"content":{"rendered":"<p style=\"text-align: justify;\">\n<p style=\"text-align: center;\"><a href=\"http:\/\/www.korhanyilmaz.com\/wp-content\/uploads\/2011\/11\/71601.jpg\"  class=\"lightview\"><img loading=\"lazy\" decoding=\"async\" class=\"aligncenter  wp-image-42804\" src=\"http:\/\/www.korhanyilmaz.com\/wp-content\/uploads\/2011\/11\/71601.jpg\" alt=\"\" width=\"433\" height=\"195\" \/><\/a><\/p>\n<p style=\"text-align: justify;\">Ba\u015fbakan Erdo\u011fan i\u00e7in, \u2018\u2019Birikimsiz ve \u00e7aps\u0131z\u2019\u2019 dedi\u011fi ortaya \u00e7\u0131kan AKP milletvekili Mehmet Metiner\u2019e \u2018\u2019Gerdan k\u0131ran \u015fark dans\u00f6z\u00fc\u2019\u2019 yak\u0131\u015ft\u0131rmas\u0131 yap\u0131ld\u0131.<\/p>\n<p style=\"text-align: justify;\">ANKARA &#8211; Yootube\u2019daki bir ses kayd\u0131nda, Ba\u015fbakan Erdo\u011fan i\u00e7in, \u2018\u2019Demokratik bir T\u00fcrkiye in\u015fa edemez. Siyasi birikimi yetersiz ve \u00e7aps\u0131z\u2019\u2019 diyen, AKP Ad\u0131yaman milletvekili Mehmet Metiner i\u00e7in \u2018\u2019Gerdan k\u0131ran \u015fark dans\u00f6z\u00fc\u2019\u2019 yak\u0131\u015ft\u0131rmas\u0131 yap\u0131ld\u0131.\u00a0<!--more--><\/p>\n<p style=\"text-align: justify;\">Bu s\u00f6zlerin ortaya \u00e7\u0131kmas\u0131n\u0131 ard\u0131ndan \u00f6nce \u2018\u2019Komplo var. Bana ait oldu\u011fu ispat ediksin, istifa ederim\u2019\u2019 diyen sonra da \u2018\u2019Herkesin bir cahiliye d\u00f6nemi vard\u0131r\u2019\u2019 diyerek s\u00f6zlerini kabul eden ve \u00f6z\u00fcr dileyen Metiner\u2019e CHP\u2019liler sert bi\u00e7imde y\u00fcklendi.<\/p>\n<p style=\"text-align: justify;\">CHP Adana milletvekili \u00dcmit \u00d6zg\u00fcm\u00fc\u015f, TBMM\u2019de bir konu\u015fma yaparak, \u2018\u2019Allah kimseyi onun yerine d\u00fc\u015f\u00fcrmesin. Kendi Ba\u015fbakan\u0131na (Birikimsiz, \u00c7aps\u0131z, Demokrasiden anlamaz, \u00fclkeye demokrasiyi getiremez) dedi. Konu\u015fmalar\u0131 teybe yakalan\u0131nca da, Ba\u015fbakan\u0131n e\u015fi\u011finde takla atarak, reverans yaparak, gerdan k\u0131rarak, \u015fark dans\u00f6zl\u00fc\u011f\u00fc yapt\u0131\u2019\u2019 dedi.<\/p>\n<p style=\"text-align: justify;\"><strong>EM\u0130NE HANIMA SAYGI<\/strong><\/p>\n<p style=\"text-align: justify;\">Metiner ise \u2018\u2019 S\u00f6zlerinizin hepsini fazlas\u0131yla size iade ederim ama terbiyem elvermedi\u011fi i\u00e7in bunu yapmayaca\u011f\u0131m. Ben hi\u00e7 kimsenin kar\u015f\u0131s\u0131nda, asla gerdan k\u0131rmad\u0131m\u2019\u2019 dedi ve \u015f\u00f6yle devam etti:<\/p>\n<p style=\"text-align: justify;\">\u2018Say\u0131n Ba\u015fbakanla ilgili olarak s\u00f6yledi\u011fim s\u00f6zler 10 y\u0131l \u00f6ncesine aittir. \u00d6z\u00fcr de diledim. Say\u0131n Emine Erdo\u011fan\u2019\u0131 y\u0131llardan beri tan\u0131yorum Kayseri\u2019deki bir d\u00fc\u011f\u00fcnde sadece bana bir \u015fey s\u00f6ylemek istedi\u011fi i\u00e7in kula\u011f\u0131na e\u011fildim. Bir han\u0131mefendinin s\u00f6z\u00fcn\u00fc dinlemek i\u00e7in e\u011filmeyi ba\u015fka y\u00f6ne \u00e7eken bir zihniyeti k\u0131n\u0131yorum. \u2018\u2019<\/p>\n<p style=\"text-align: justify;\"><a href=\"http:\/\/www.gazeteport.com.tr\/haber\/63715\/quotgerdan_kiran_sark_dansozuquot\" target=\"_blank\">Kaynak : GAZETEPORT<\/a><\/p>\n","protected":false},"excerpt":{"rendered":"<p style=\"text-align: justify;\">\n<p style=\"text-align: center;\">\n<p style=\"text-align: justify;\">Ba\u015fbakan Erdo\u011fan i\u00e7in, \u2018\u2019Birikimsiz ve \u00e7aps\u0131z\u2019\u2019 dedi\u011fi ortaya \u00e7\u0131kan AKP milletvekili Mehmet Metiner\u2019e \u2018\u2019Gerdan k\u0131ran \u015fark dans\u00f6z\u00fc\u2019\u2019 yak\u0131\u015ft\u0131rmas\u0131 yap\u0131ld\u0131.<\/p>\n<p style=\"text-align: justify;\">ANKARA &#8211; Yootube\u2019daki bir ses kayd\u0131nda, Ba\u015fbakan Erdo\u011fan i\u00e7in, \u2018\u2019Demokratik bir T\u00fcrkiye in\u015fa edemez. Siyasi birikimi yetersiz ve \u00e7aps\u0131z\u2019\u2019 diyen, AKP Ad\u0131yaman milletvekili Mehmet Metiner i\u00e7in <\/p>\n","protected":false},"author":1,"featured_media":0,"comment_status":"open","ping_status":"open","sticky":false,"template":"","format":"standard","meta":{"footnotes":""},"categories":[105],"tags":[],"class_list":["post-42802","post","type-post","status-publish","format-standard","hentry","category-gundem","odd"],"_links":{"self":[{"href":"http:\/\/www.korhanyilmaz.com\/index.php?rest_route=\/wp\/v2\/posts\/42802","targetHints":{"allow":["GET"]}}],"collection":[{"href":"http:\/\/www.korhanyilmaz.com\/index.php?rest_route=\/wp\/v2\/posts"}],"about":[{"href":"http:\/\/www.korhanyilmaz.com\/index.php?rest_route=\/wp\/v2\/types\/post"}],"author":[{"embeddable":true,"href":"http:\/\/www.korhanyilmaz.com\/index.php?rest_route=\/wp\/v2\/users\/1"}],"replies":[{"embeddable":true,"href":"http:\/\/www.korhanyilmaz.com\/index.php?rest_route=%2Fwp%2Fv2%2Fcomments&post=42802"}],"version-history":[{"count":0,"href":"http:\/\/www.korhanyilmaz.com\/index.php?rest_route=\/wp\/v2\/posts\/42802\/revisions"}],"wp:attachment":[{"href":"http:\/\/www.korhanyilmaz.com\/index.php?rest_route=%2Fwp%2Fv2%2Fmedia&parent=42802"}],"wp:term":[{"taxonomy":"category","embeddable":true,"href":"http:\/\/www.korhanyilmaz.com\/index.php?rest_route=%2Fwp%2Fv2%2Fcategories&post=42802"},{"taxonomy":"post_tag","embeddable":true,"href":"http:\/\/www.korhanyilmaz.com\/index.php?rest_route=%2Fwp%2Fv2%2Ftags&post=42802"}],"curies":[{"name":"wp","href":"https:\/\/api.w.org\/{rel}","templated":true}]}}