{"id":42783,"date":"2011-11-19T11:31:05","date_gmt":"2011-11-19T09:31:05","guid":{"rendered":"http:\/\/www.korhanyilmaz.com\/?p=42783"},"modified":"2011-11-19T12:15:18","modified_gmt":"2011-11-19T10:15:18","slug":"suriyeye-mudahale-cagrisina-yanit","status":"publish","type":"post","link":"http:\/\/www.korhanyilmaz.com\/?p=42783","title":{"rendered":"Suriye&#8217;ye &#8220;m\u00fcdahale&#8221; \u00e7a\u011fr\u0131s\u0131na yan\u0131t"},"content":{"rendered":"<p style=\"text-align: center;\"><a href=\"http:\/\/www.korhanyilmaz.com\/wp-content\/uploads\/2011\/11\/7156.jpg\"  class=\"lightview\"><img loading=\"lazy\" decoding=\"async\" class=\"aligncenter  wp-image-42784\" src=\"http:\/\/www.korhanyilmaz.com\/wp-content\/uploads\/2011\/11\/7156.jpg\" alt=\"\" width=\"399\" height=\"224\" \/><\/a><\/p>\n<p style=\"text-align: justify;\">Ba\u015fbakan Recep Tayyip Erdo\u011fan, &#8220;T\u00fcrkiye\u2019den gelecek bir m\u00fcdahaleyi kabul edebileceklerini&#8221; a\u00e7\u0131klayan Suriye M\u00fcsl\u00fcman Karde\u015fler Hareketi&#8217;nin lideri Riyad \u015eikfa&#8217;ya cevap verdi.<\/p>\n<p style=\"text-align: justify;\">A\u00e7\u0131l\u0131\u015f\u0131n\u0131 yapt\u0131\u011f\u0131 Bitlis TV&#8217;nin canl\u0131 yay\u0131n\u0131na kat\u0131lan Ba\u015fbakan Erdo\u011fan, \u015eikfa&#8217;n\u0131n, \u201cBir g\u00fcn \u00fclkemizdeki olaylarda sivillerin korunmas\u0131 gerekirse Suriye halk\u0131 Bat\u0131 yerine T\u00fcrkiye&#8217;nin koruma ve m\u00fcdahalesini tercih edebilir\u201d y\u00f6n\u00fcndeki s\u00f6zleri hat\u0131rlat\u0131larak, \u201cT\u00fcrkiye&#8217;nin b\u00f6yle bir m\u00fcdahalesi s\u00f6z konusu olabilir mi? Bu konuda neler s\u00f6yleyeceksiniz?\u201d sorusu \u00fczerine, \u201cTabii bu beyefendinin m\u00fcdahaleden kast\u0131 nedir onu bilemiyorum. Tabii bizim \u015fu anda, bize herhangi bir rahats\u0131zl\u0131k verilmedikten sonra b\u00f6yle bir \u015feyi \u015fu anda d\u00fc\u015f\u00fcnmemiz s\u00f6z konusu de\u011fil. Ancak \u015funu da \u00e7ok a\u00e7\u0131k, net s\u00f6ylemek durumunday\u0131m; rahats\u0131zl\u0131k hisseder durum arz ediyor\u201d dedi.\u00a0<!--more--><\/p>\n<p style=\"text-align: justify;\">\u201cRahats\u0131zl\u0131k verilmiyor, \u015fu an dediniz ama&#8230; O noktada ilerliyor s\u00fcre\u00e7\u201d y\u00f6n\u00fcndeki soru \u00fczerine Ba\u015fbakan Erdo\u011fan, \u015funlar\u0131 s\u00f6yledi:<\/p>\n<p style=\"text-align: justify;\">\u201c\u015eu anda s\u00fcre\u00e7te b\u00f6yle bir geli\u015fme var. Nedir bu? \u015eu anda 8 bine yak\u0131n Suriyeli karde\u015fimiz T\u00fcrkiye&#8217;ye s\u0131\u011f\u0131nm\u0131\u015ft\u0131r. Niye? Bizim 910 kilometre s\u0131n\u0131r\u0131m\u0131z var, s\u0131n\u0131r\u0131n \u00f6tesinde akrabal\u0131k ili\u015fkilerimiz var. Ortak bir k\u00fclt\u00fcr ve medeniyeti payla\u015f\u0131yoruz. Bu k\u00fclt\u00fcr, bu medeniyet bize ortak sorumluluklar y\u00fckledi. Fakat Suriye&#8217;nin cumhurba\u015fkan\u0131 bizim bu karde\u015flik anlay\u0131\u015f\u0131m\u0131za, yakla\u015f\u0131m\u0131m\u0131za, maalesef son d\u00f6nemlerdeki tav\u0131rlar\u0131yla \u00e7ok farkl\u0131 bir yakla\u015f\u0131m sergileyerek, ne yaz\u0131k ki arzulamad\u0131\u011f\u0131m\u0131z hatta hatta d\u00fc\u015f\u00fcnemedi\u011fimiz yakla\u015f\u0131mla kendi vatanda\u015flar\u0131n\u0131, ki onlar bizim karde\u015flerimiz, bombard\u0131man etmeye ba\u015flam\u0131\u015f ve onlar\u0131 \u00f6ld\u00fcrmeye ba\u015flam\u0131\u015ft\u0131r. \u00c7ok k\u0131sa bir s\u00fcre i\u00e7erisinde bu insanlar\u0131n say\u0131s\u0131 2 bin 500, 3 bin, 4 binlere ula\u015ft\u0131. B\u00f6yle kandan beslenen bir iktidar olamaz.<\/p>\n<p style=\"text-align: justify;\">Bu \u015fekilde ayakta kal\u0131nmaz, zulm ile abad olunmaz ve bu idareler ayakta kalmaz ve bunu savunanlar, bir defa ne de\u011ferler silsilesi i\u00e7inde yeri olabilir ne de bunlar\u0131n herhangi bir medeniyette yeri olabilir. Hi\u00e7bir otoriter, totoliter yap\u0131, bu d\u00fcnyada yer bulmuyor, bulamayacak. Hele hele d\u00fcnyada art\u0131k \u015fu anda temel hak ve \u00f6zg\u00fcrl\u00fcklerin her ge\u00e7en g\u00fcn g\u00fc\u00e7 kazand\u0131\u011f\u0131, demokrasilerin g\u00fc\u00e7 kazand\u0131\u011f\u0131 bir d\u00f6nemde, inan\u0131yorum ki bu da yarg\u0131lanacak. Ve Suriye&#8217;de bu rejim b\u00f6yle gidemez. \u00c7\u00fcnk\u00fc bu halk, art\u0131k ne diyor; ben kendi irademin iktidarda olmas\u0131n\u0131 istiyorum. E\u011fer Be\u015far, iktidarda kalmak istiyorsa halk\u0131n iradesine sayg\u0131 duyacak. Se\u00e7ilebilecekse sand\u0131\u011fa gider, sand\u0131k onu se\u00e7ecekse se\u00e7er. Meydanlarda sanal dayatmalarla kimse bir yere varamaz.\u201d<\/p>\n<p style=\"text-align: justify;\"><strong>&#8220;YAPTIRIMLAR S\u0130LS\u0130LES\u0130 UYGULAMAYA BA\u015eLAYACA\u011eIZ&#8221;\u00a0<\/strong><\/p>\n<p style=\"text-align: justify;\">Erdo\u011fan, k\u0131sa s\u00fcrede bir \u00e7\u00f6z\u00fcm bekleyip beklemedi\u011fi y\u00f6n\u00fcndeki soru \u00fczerine de \u201cBenim art\u0131k tabii o noktada \u00fcmidim yok\u201d dedi. Arap Ligi&#8217;nin ortaya koydu\u011fu sert tavra da dikkati \u00e7eken Ba\u015fbakan Erdo\u011fan, \u015f\u00f6yle devam etti:<\/p>\n<p style=\"text-align: justify;\">\u201cKendilerine g\u00f6re 3 g\u00fcnl\u00fck s\u00fcre belirlediler. Rabat&#8217;ta son yap\u0131lan toplant\u0131dan da zaten \u00e7\u0131kan bu. Hatta \u00e7ok sapt\u0131rd\u0131lar, mesela Suriye D\u0131\u015fi\u015fleri Bakan\u0131 bu toplant\u0131ya kat\u0131lmak istedi. Ama Fas, onlara ini\u015f m\u00fcsadesi vermedi ve havadan geri d\u00f6nd\u00fcler. Geri d\u00f6nd\u00fckten sonra gidip Tunus&#8217;a indi. &#8216;Yok zaten biz oraya gitmeyi d\u00fc\u015f\u00fcnm\u00fcyorduk&#8217; diye sonra bunu \u00e7evirdiler. \u0130\u015fin asl\u0131 o de\u011fil, i\u015fin asl\u0131 budur. Biz \u015fu anda Arap Ligi&#8217;yle ortak \u00e7al\u0131\u015fma i\u00e7indeyiz. Bir yapt\u0131r\u0131mlar silsilesini uygulamaya ba\u015flayaca\u011f\u0131z ve bunun tabii ne zaman ba\u015flar, bunu hen\u00fcz a\u00e7\u0131klam\u0131yoruz. \u00c7al\u0131\u015fmalar\u0131m\u0131z\u0131 devam ettiriyoruz.\u201d<\/p>\n<p style=\"text-align: justify;\">Van depremiyle de paralellik kurularak b\u00f6lgedeki K\u00fcrt k\u00f6kenli vatanda\u015flara mesaj\u0131n\u0131n sorulmas\u0131 \u00fczerine Erdo\u011fan, \u201cBir defa sizi istismar eden PKK&#8217;ya, hatta BDP&#8217;ye&#8230;bu oyuna gelmeyin, bunlar size ne verdiler, ne verebilecekler, hangi hizmeti getirdiler, hangi hizmeti getirecekler\u201d dedi.<\/p>\n<p style=\"text-align: justify;\"><strong>&#8220;BU \u00dcLKEDE \u0130NKAR POL\u0130T\u0130KALARINI B\u0130T\u0130RD\u0130K&#8221;\u00a0<\/strong><\/p>\n<p style=\"text-align: justify;\">Erdo\u011fan, \u015funlar\u0131 s\u00f6yledi:<\/p>\n<p style=\"text-align: justify;\">\u201c\u015eu anda yerel y\u00f6netimde kazand\u0131klar\u0131 yerlerde verdikleri hizmete bak\u0131n. Bir \u015fehircilik hizmeti mi var? Yok. Bir altyap\u0131 hizmeti mi var? Yok. Halbuki adil bir \u015fekilde biz hepsine para g\u00f6nderiyoruz. Ama sen kalkar da belediye ba\u015fkan\u0131n\u0131 by-pass eder, oraya koydu\u011fun bir \u00e7\u00f6p\u00e7\u00fc vas\u0131tas\u0131yla onu y\u00f6netmeye kalkarsan, \u015fu andaki teknik odur, onun gelece\u011fi yer buras\u0131d\u0131r.<\/p>\n<p style=\"text-align: justify;\">Biz, g\u00f6reve geldi\u011fimizden bu yana bir \u015feyi iktidarda hakim k\u0131ld\u0131k; Bat\u0131 ile do\u011fu aras\u0131nda, g\u00fcneydo\u011fu aras\u0131nda, do\u011fu Karadeniz, orta Anadolu aras\u0131nda&#8230;Hi\u00e7bir yerde ayr\u0131mc\u0131l\u0131k olmayacak. Onun i\u00e7in buralara bu kadar yat\u0131r\u0131m getirdik. 780 bin kilometrekareyle bu vatan bizim. Bu vatanda by-pass yapamay\u0131z, b\u00f6yle bir ameliyat olamaz. Her yerine bu hizmeti g\u00f6t\u00fcrece\u011fiz. T\u00fcrke, K\u00fcrde, Laza, \u00c7erkeze, Romana, Bo\u015fnaka ayr\u0131m yapamay\u0131z, hepsine g\u00f6t\u00fcrece\u011fiz, yarad\u0131lan\u0131 yaradandan \u00f6t\u00fcr\u00fc sevece\u011fiz. Bu insanlar bizim, bu insanlar\u0131n aras\u0131nda ayr\u0131m olmayacak.\u201d<\/p>\n<p style=\"text-align: justify;\">Partinin kurulu\u015f a\u015famas\u0131nda \u201cb\u00f6lgesel milliyet\u00e7ilik\u201d, \u201cetnik milliyet\u00e7ilik\u201d, \u201cdinsel milliyet\u00e7ilik\u201d yapmayacaklar\u0131n\u0131 ortaya koyduklar\u0131n\u0131 an\u0131msatan Erdo\u011fan, \u201c\u0130\u015fte biz bu \u00fclkede red politikalar\u0131n\u0131 bitirdik, inkar politikalar\u0131n\u0131 bitirdik, asimilasyon politikalar\u0131n\u0131 da b\u00fcy\u00fck \u00f6l\u00e7\u00fcde bitirdik. Neye ra\u011fmen? PKK&#8217;ya ra\u011fmen bitirdik. Her ge\u00e7en g\u00fcn bu halk birbiriyle kucakla\u015f\u0131yor ve kucakla\u015facak. Gelecek daha iyi olacak\u201d diye konu\u015ftu.<\/p>\n<p style=\"text-align: justify;\"><strong>KCK OPERASYONU\u00a0<\/strong><\/p>\n<p style=\"text-align: justify;\">B\u00f6lgede yap\u0131lan yat\u0131r\u0131mlar hakk\u0131nda bilgi veren ve KCK operasyonuna da de\u011finen Erdo\u011fan, \u015funlar\u0131 kaydetti:<\/p>\n<p style=\"text-align: justify;\">\u201c\u0130\u015fte buralarda yap\u0131lan yollar. Bunlar nerede&#8230;Yoktu. Git Hakkari&#8217;ye do\u011fru, uzan\u0131n, oralarda, bunlar hep engellemelerine ra\u011fmen biz orada hala yol \u00e7al\u0131\u015fmalar\u0131 yap\u0131yoruz, yapaca\u011f\u0131z. Hastaneler&#8230; Engellediler ama yapt\u0131k. Hakkari merkezde 150 yatakl\u0131 modern hastane, Y\u00fcksekova&#8217;da 150 yatakl\u0131 modern hastane, \u015eemdinli&#8217;de, belediyenin su getirmesi laz\u0131md\u0131 getiremedi, \u015eemdinli&#8217;ye suyu biz getirdik. Hakkari merkez hakeza \u00f6yle, biz getirdik. Bunlar\u0131 belediyelerin yapmas\u0131 laz\u0131m. Fakat g\u00fcneydo\u011fu, do\u011fu inan\u0131yorum ki her ge\u00e7en g\u00fcn bu ger\u00e7ekleri g\u00f6recek, ben inan\u0131yorum ki ter\u00f6r \u00f6rg\u00fct\u00fc de burada zaten halk\u0131m\u0131n uyan\u0131\u015f\u0131 kar\u015f\u0131s\u0131nda, hani diyor ya &#8216;benim ad\u0131ma \u00f6ld\u00fcrme&#8217; diyor ya, &#8216;yeter art\u0131k&#8217; diyor ya benim K\u00fcrt k\u00f6kenli vatanda\u015f\u0131m, mesele bu. Bu yayg\u0131nla\u015ft\u0131k\u00e7a bunlar\u0131n b\u00fct\u00fcn gard\u0131 d\u00fc\u015fecek.<\/p>\n<p style=\"text-align: justify;\">\u0130\u015fte KCK operasyonlar\u0131n\u0131n&#8230;i\u015fte belediye ba\u015fkanlar\u0131 al\u0131n\u0131yor, il ba\u015fkanlar\u0131, il\u00e7e ba\u015fkanlar\u0131 al\u0131n\u0131yor, su\u00e7suz kimse al\u0131nm\u0131yor karde\u015fim. Al\u0131nanlar\u0131n hepsinin yapt\u0131klar\u0131 var. Nedir? Yasalara ayk\u0131r\u0131 bu \u00fclkede herhangi bir \u015fey yaparsan\u0131z al\u0131rlar. Niye durup dururken herhangi birisi al\u0131nm\u0131yor da onlar al\u0131n\u0131yor, mesele bu. Bunlar, legal g\u00f6r\u00fcnt\u00fc alt\u0131nda illegal \u00e7al\u0131\u015fmalar yap\u0131yorlar. Ve bu illegal \u00f6rg\u00fctlenme, asl\u0131nda PKK&#8217;n\u0131n farkl\u0131 versiyonlar\u0131d\u0131r bunlar, i\u015fte Kongra-Gel gibi, KCK gibi bunlar\u0131n hepsi budur. Bununla ilgili olarak da yarg\u0131 karar\u0131n\u0131 veriyor. Bu karar\u0131 da uygulamas\u0131 gerekenler uyguluyorlar.\u201d<\/p>\n<p style=\"text-align: justify;\"><a href=\"http:\/\/www.hurriyet.com.tr\/planet\/19276040.asp\" target=\"_blank\">Kaynak : H\u00fcrriyet.com.tr<\/a><\/p>\n","protected":false},"excerpt":{"rendered":"<p style=\"text-align: center;\">\n<p style=\"text-align: justify;\">Ba\u015fbakan Recep Tayyip Erdo\u011fan, &#8220;T\u00fcrkiye\u2019den gelecek bir m\u00fcdahaleyi kabul edebileceklerini&#8221; a\u00e7\u0131klayan Suriye M\u00fcsl\u00fcman Karde\u015fler Hareketi&#8217;nin lideri Riyad \u015eikfa&#8217;ya cevap verdi.<\/p>\n<p style=\"text-align: justify;\">A\u00e7\u0131l\u0131\u015f\u0131n\u0131 yapt\u0131\u011f\u0131 Bitlis TV&#8217;nin canl\u0131 yay\u0131n\u0131na kat\u0131lan Ba\u015fbakan Erdo\u011fan, \u015eikfa&#8217;n\u0131n, \u201cBir g\u00fcn \u00fclkemizdeki olaylarda sivillerin korunmas\u0131 gerekirse Suriye halk\u0131 Bat\u0131 yerine T\u00fcrkiye&#8217;nin koruma ve m\u00fcdahalesini tercih edebilir\u201d y\u00f6n\u00fcndeki <\/p>\n","protected":false},"author":1,"featured_media":0,"comment_status":"open","ping_status":"open","sticky":false,"template":"","format":"standard","meta":{"footnotes":""},"categories":[105],"tags":[],"class_list":["post-42783","post","type-post","status-publish","format-standard","hentry","category-gundem","odd"],"_links":{"self":[{"href":"http:\/\/www.korhanyilmaz.com\/index.php?rest_route=\/wp\/v2\/posts\/42783","targetHints":{"allow":["GET"]}}],"collection":[{"href":"http:\/\/www.korhanyilmaz.com\/index.php?rest_route=\/wp\/v2\/posts"}],"about":[{"href":"http:\/\/www.korhanyilmaz.com\/index.php?rest_route=\/wp\/v2\/types\/post"}],"author":[{"embeddable":true,"href":"http:\/\/www.korhanyilmaz.com\/index.php?rest_route=\/wp\/v2\/users\/1"}],"replies":[{"embeddable":true,"href":"http:\/\/www.korhanyilmaz.com\/index.php?rest_route=%2Fwp%2Fv2%2Fcomments&post=42783"}],"version-history":[{"count":0,"href":"http:\/\/www.korhanyilmaz.com\/index.php?rest_route=\/wp\/v2\/posts\/42783\/revisions"}],"wp:attachment":[{"href":"http:\/\/www.korhanyilmaz.com\/index.php?rest_route=%2Fwp%2Fv2%2Fmedia&parent=42783"}],"wp:term":[{"taxonomy":"category","embeddable":true,"href":"http:\/\/www.korhanyilmaz.com\/index.php?rest_route=%2Fwp%2Fv2%2Fcategories&post=42783"},{"taxonomy":"post_tag","embeddable":true,"href":"http:\/\/www.korhanyilmaz.com\/index.php?rest_route=%2Fwp%2Fv2%2Ftags&post=42783"}],"curies":[{"name":"wp","href":"https:\/\/api.w.org\/{rel}","templated":true}]}}