{"id":42779,"date":"2011-11-18T14:14:11","date_gmt":"2011-11-18T12:14:11","guid":{"rendered":"http:\/\/www.korhanyilmaz.com\/?p=42779"},"modified":"2011-11-18T22:06:02","modified_gmt":"2011-11-18T20:06:02","slug":"chp-kendi-tarihini-bilmiyor","status":"publish","type":"post","link":"http:\/\/www.korhanyilmaz.com\/?p=42779","title":{"rendered":"&#8220;CHP kendi tarihini bilmiyor&#8221;"},"content":{"rendered":"<p style=\"text-align: center;\"><a href=\"http:\/\/www.korhanyilmaz.com\/wp-content\/uploads\/2011\/11\/7155.jpg\"  class=\"lightview\"><img loading=\"lazy\" decoding=\"async\" class=\"aligncenter  wp-image-42780\" src=\"http:\/\/www.korhanyilmaz.com\/wp-content\/uploads\/2011\/11\/7155.jpg\" alt=\"\" width=\"396\" height=\"180\" \/><\/a><\/p>\n<p style=\"text-align: justify;\">Ba\u015fbakan Erdo\u011fan, Bitlis&#8217;ten CHP&#8217;ye y\u00fcklendi ve K\u0131l\u0131\u00e7daro\u011flu&#8217;nu H\u00fcseyin Ayg\u00fcn&#8217;e sahip \u00e7\u0131kmamakla su\u00e7lad\u0131.<\/p>\n<p style=\"text-align: justify;\">B\u0130TL\u0130S &#8211; Ba\u015fbakan Recep Tayyip Erdo\u011fan, a\u00e7\u0131l\u0131\u015flara kat\u0131lmak \u00fczere geldi\u011fi Bitlis&#8217;te olumsuz hava ko\u015fullar\u0131 ve yo\u011fun kar ya\u011f\u0131\u015f\u0131 ile kar\u015f\u0131la\u015ft\u0131. Bitlis&#8217;te isim vermeden BDP ve PKK&#8217;y\u0131 hedef alan Erdo\u011fan, &#8220;9 y\u0131ld\u0131r yapt\u0131\u011f\u0131m\u0131z yat\u0131r\u0131mlar\u0131 reformlar\u0131 bir dayatman\u0131n veya tehdidin sonucu olarak lanse etmeye \u00e7al\u0131\u015fanlar a\u00e7\u0131k s\u00f6yl\u00fcyorum. Yalan s\u00f6yl\u00fcyorlar, kendi kirli emellerini \u00f6rtmeye \u00e7al\u0131\u015f\u0131yorlar.<!--more--><\/p>\n<p style=\"text-align: justify;\">Neymi\u015f ter\u00f6r \u00f6rg\u00fct\u00fcn\u00fcn sald\u0131r\u0131lar\u0131 h\u00fck\u00fcmeti bu b\u00f6lgeyle ilgilenmeye zorlam\u0131\u015f bu yaland\u0131r, al\u00e7ak\u00e7a bir iftirad\u0131r, bir kara kampanyad\u0131r. Ter\u00f6r bu b\u00f6lgeye kandan g\u00f6zya\u015f\u0131ndan ac\u0131dan bizzat ter\u00f6ristlerin zul\u00fcm ve bask\u0131s\u0131ndan ba\u015fka bir \u015fey kazand\u0131rmam\u0131\u015ft\u0131r. Madem bu kadar korkutuyordunuz ve sizin bu korkutman\u0131z\u0131n sebebiyle hizmet geliyordu da bizden \u00f6nce niye hizmet gelmedi. Karde\u015flerim bu bir a\u015fk meselesidir. Bu bir inan\u00e7 meselesidir. Bizim bu millete sevdam\u0131z var. A\u015fk\u0131m\u0131z var. Bizim Allah&#8217;a muhabbetimiz ve korkumuzdan ba\u015fka kimseden bir korkumuz yoktur&#8221; dedi.<\/p>\n<p style=\"text-align: justify;\">Ba\u015fbakan Recep Tayyip Erdo\u011fan, Bitlis Eren \u00dcniversitesi&#8217;nde toplu a\u00e7\u0131l\u0131\u015f ve partisinin gen\u00e7lik kollar\u0131 kongresine kat\u0131lmak \u00fczere kente gelirken, yo\u011fun kar ya\u011f\u0131\u015f\u0131 ve olumsuz hava ko\u015fullar\u0131yla kar\u015f\u0131la\u015ft\u0131. Beraberinde Ba\u015fbakan Yard\u0131mc\u0131s\u0131 Be\u015fir Atalay, G\u0131da, Tar\u0131m ve Hayvanc\u0131l\u0131k Bakan\u0131 Mehdi Eker, Gen\u00e7lik ve Spor Bakan\u0131 Suat K\u0131l\u0131\u00e7 ile birlikte u\u00e7akla Mu\u015f&#8217;a gelen Ba\u015fbakan Erdo\u011fan, olsumsuz hava ko\u015fullar\u0131 nedeniyle helikopter yerine karayoluyla Bitlis&#8217;e gecikmeli olarak gelebildi. Erdo\u011fan, deprem i\u00e7in ba\u015fsa\u011fl\u0131\u011f\u0131 dileyerek ba\u015flad\u0131\u011f\u0131 konu\u015fmada \u015funlar\u0131 s\u00f6yledi:<\/p>\n<p style=\"text-align: justify;\">&#8220;Vatanda\u015flar\u0131m\u0131z\u0131n \u015f\u00fcpheli binalara girmemesini \u00f6zellikle rica ediyorum. Zira art\u00e7\u0131 ve yeni depremler b\u00f6lgede halen devam ediyor. Erci\u015f ve art\u00e7s\u0131 sars\u0131nt\u0131lar\u0131 buradada hissedilirken biliyorsunuz Adilcevaz ve Mu\u015f merkezli k\u00fc\u00e7\u00fck \u015fiddetlede olsa depremler meydana geldi. B\u00fcy\u00fck depremde hasar g\u00f6rm\u00fc\u015f evlerin bu art\u00e7\u0131 sars\u0131nt\u0131larla yeni bir felakete yol a\u00e7mas\u0131n\u0131 hi\u00e7 birimiz arzu etmeyiz. Zira Bitlis genelinde vatanda\u015flar\u0131m\u0131z\u0131n dikkatli ve tedbirli olmalar\u0131n\u0131 \u00f6nemli rica ediyorum. Bu arada Bitlis&#8217;in depremin sessiz ma\u011fduru oldu\u011fu y\u00f6n\u00fcndeki ifadelere de asla kat\u0131lm\u0131yorum.<\/p>\n<p style=\"text-align: justify;\">T\u0131pk\u0131 Van, Erci\u015f gibi Bitlis&#8217;in il\u00e7elerine de gereken her t\u00fcrl\u00fc yard\u0131m\u0131 ula\u015ft\u0131rd\u0131k ula\u015ft\u0131rmaya devam ediyoruz. \u0130n\u015fallah yaralar\u0131n\u0131 en k\u0131sa zamanda saracak \u015fehirlerimizi daha g\u00fcvenli hale getirece\u011fiz. Bug\u00fcn buray\u0131 ziyaret etmemin esas nedenlerinden biri depremle ilgili \u00e7al\u0131\u015fmalar\u0131 yerinde g\u00f6rmek, eksiklikleri tespit ederek en k\u0131sa zamanda bunlar\u0131 giderece\u011fiz. Bitlisli karde\u015fim l\u00fctfen m\u00fcsterih olsun. Bitlis&#8217;i ma\u011fdur etmeyiz asla da mahrum b\u0131rakmay\u0131z.&#8221;<\/p>\n<p style=\"text-align: justify;\">Ba\u015fbakan Erdo\u011fan, bug\u00fcn Bitlis&#8217;e 14 ayr\u0131 yat\u0131r\u0131m kazand\u0131rd\u0131klar\u0131n\u0131 ve 30 trilyonluk bir yat\u0131r\u0131m\u0131 bug\u00fcn resmi olarak hizmete ald\u0131klar\u0131n\u0131 s\u00f6yledi. Bitlis Eren \u00dcniversitesi&#8217;nin Fen Edebiyat Fak\u00fcltesi'(nen 12 milyon liral\u0131k yat\u0131r\u0131m bedeliyle tamamland\u0131\u011f\u0131n\u0131 ve \u00f6\u011frencilerin hizmetine girdi\u011fini belirten Erdo\u011fan, Bitlis Eren \u00dcniversitesi&#8217;nin kurulu\u015funu 2007 y\u0131l\u0131nda ger\u00e7ekle\u015ftirdiklerini s\u00f6yledi.<\/p>\n<p style=\"text-align: justify;\">\u00dcniversitenin bug\u00fcn 4 fak\u00fcltesi, 7 meslek y\u00fcksekokulu, 3 enstit\u00fcs\u00fc, toplamda 4141 \u00f6\u011frencisi, 213 akademik personeliyle \u00fclkenin ve b\u00f6lgenin se\u00e7kin e\u011fitim kurumlar\u0131ndan biri olma \u00f6zelli\u011fini ta\u015f\u0131d\u0131\u011f\u0131n\u0131 belirten Erdo\u011fan, &#8220;\u00dclkemizin di\u011fer vilayetlerindeki i\u015f adamlar\u0131m\u0131z\u0131nda kendi vilayetlerine sahip \u00e7\u0131kmas\u0131 bak\u0131m\u0131ndan \u00f6rnektir. Eren ailesini kalbi duygularla alk\u0131\u015fl\u0131yor tebrik ediyorum. Uzun ince bir yolda y\u00fcr\u00fcyoruz.<\/p>\n<p style=\"text-align: justify;\">Y\u00fck\u00fcm\u00fcz a\u011f\u0131r i\u015fimiz \u00e7ok. Burada ataca\u011f\u0131m\u0131z bu ad\u0131mlarla gelece\u011fi \u00e7ok daha farkl\u0131 bir \u015fekilde imar edece\u011fiz. \u015eu anda yap\u0131lmakta olan yurt binam\u0131za ilaveten k\u0131z ve erkek olarak bin ki\u015filik yeni yurt binalar\u0131yla takviye edece\u011fiz. \u00d6n\u00fcm\u00fczdeki d\u00f6nemde Bitlis&#8217;te birde E\u011fitim ve Ara\u015ft\u0131rma Hastanemizin bununda s\u00fcratle ad\u0131m\u0131n\u0131 ataca\u011f\u0131z. Bu yat\u0131r\u0131mlar\u0131 Bitlisimize kazand\u0131ran Bitlis Eren \u00dcniversitemizin ve bakanl\u0131klar\u0131m\u0131z\u0131n mensuplar\u0131n\u0131 bu yat\u0131r\u0131mlar\u0131n ger\u00e7ekle\u015ftirilmesinde eme\u011fi ge\u00e7enlere te\u015fekk\u00fcr ediyorum&#8221; dedi.<\/p>\n<p style=\"text-align: justify;\"><strong>\u015eEH\u0130RLER\u0130 YEN\u0130DEN \u0130N\u015eA EDECE\u011e\u0130Z<\/strong><\/p>\n<p style=\"text-align: justify;\">Ba\u015fbakan Erdo\u011fan, 1 y\u0131l \u00f6nce 19 Aral\u0131k&#8217;ta Bitlis&#8217;e geldi\u011fini ve 73 farkl\u0131 eserin a\u00e7\u0131l\u0131\u015f\u0131n\u0131 ger\u00e7ekle\u015ftirdi\u011fini belirterek, \u015f\u00f6yle dedi:<\/p>\n<p style=\"text-align: justify;\">&#8220;O ziyaretimde de ifade etmi\u015ftim. Y\u0131llar\u0131n ihmalini telafi ediyoruz demi\u015ftim. Bitlis&#8217;e geicikmi\u015f yakt\u0131r\u0131mlar\u0131 kazand\u0131rmak i\u00e7in varg\u00fcc\u00fcm\u00fczle \u00e7al\u0131\u015ft\u0131k \u00e7al\u0131\u015f\u0131yoruz. Maziye bir bak\u0131n Bitlis&#8217;in yollar\u0131n bir d\u00fc\u015f\u00fcn\u00fcn ben Bitlis&#8217;e \u015f\u00f6yle 15-20 y\u0131l \u00f6nce geldi\u011fimde o zamanki Bitlis&#8217;in halini \u015f\u00f6yle bir hayal ediyorum neydi? \u0130ktidar oldu\u011fumuzda neydi \u015fimdi ne oldu. Art\u0131k Bitlis modern bir \u015fehir haline geliyor. \u0130n\u015fallah \u015fu ortada ge\u00e7en derenin \u0131slah\u0131n\u0131 da halletti\u011fimizde g\u00f6receksiniz Bitlis tan\u0131nm\u0131yacak hale gelecek. \u015eimdiye kadar baz\u0131 vatanda\u015flar\u0131m\u0131z bize direndi ama art\u0131k direnemezler.<\/p>\n<p style=\"text-align: justify;\">Son Van depremiyle birlikte yeni bir \u00e7al\u0131\u015fma ba\u015flat\u0131yoruz. Bu i\u015fin sorumlulu\u011funu y\u00fcklenerek kentsel d\u00f6n\u00fc\u015f\u00fcm ve de\u011fi\u015fim projeleriyle birlikte art\u0131k \u015fehirlerin \u00fczerine gidece\u011fiz. Valilerle, belediye ba\u015fkanlar\u0131yla birlikte uygun olmayan t\u00fcm binalar\u0131 kamula\u015ft\u0131rarak y\u0131kmak s\u00fcretiyle \u015fehirlerimizi yeniden in\u015faa edece\u011fiz. Bitlis&#8217;te bunlardan biridir. Bir heyelanda herkes ba\u015flar devlet nerede? Bitlis y\u00fczyerce y\u0131l boyunca bu b\u00f6lgenin k\u00fclt\u00fcr ticaret merkezi olmu\u015f kadim bir merkezidir. Tarih boyunca ilim adamlar\u0131 sanat\u00e7\u0131lar Bitlis&#8217;e ak\u0131n ettiler.<\/p>\n<p style=\"text-align: justify;\">Bitlis&#8217;in e\u011fitim merkezlerinde d\u00f6nemin en ileri e\u011fitimlerini ald\u0131lar. Peygamberleri, sahabeleri nice b\u00fcy\u00fck erenleri a\u011f\u0131rlam\u0131\u015f Bitlisimiz in\u015fallah yeniden \u00fclkemizin ve b\u00f6lgemizin g\u00f6zbebe\u011fi olacak, bir bilim, k\u00fclt\u00fcr irfan \u015fehri haline geliyor. \u00d6zel sekt\u00f6r\u00fcm\u00fcz sivil toplum kurulu\u015flar\u0131m\u0131z ve en \u00f6nemlisi Bitlisli karde\u015flerimizle elele verdi\u011fimizde bu hedefe en k\u0131sa s\u00fcrede ula\u015faca\u011f\u0131m\u0131za y\u00fcrekten inan\u0131yorum. Bitlis&#8217;i ma\u011frur tarihin m\u00fctevazi \u015fehri olmaktan \u00e7\u0131kar\u0131p in\u015fallah yeniden ma\u011frur bir \u015fehir haline d\u00f6n\u00fc\u015ft\u00fcrmek i\u00e7in \u00e7al\u0131\u015faca\u011f\u0131z.<\/p>\n<p style=\"text-align: justify;\">Bir y\u0131l i\u00e7inde hatta 11ayda Bitlis&#8217;te toplam 87 farkl\u0131 eserin a\u00e7\u0131l\u0131\u015f\u0131n\u0131 ger\u00e7ekle\u015ftirdik. Yollardan hastanelere okullardan k\u00fclt\u00fcr eserlerine pansiyonlara kadar 87 farkl\u0131 yat\u0131r\u0131m\u0131 Bitlis&#8217;e kazand\u0131rd\u0131k. Sadece Bitlis de\u011fil b\u00f6lgedeki bug\u00fcne kadar ihmal edilmi\u015f mahrum b\u0131rak\u0131lm\u0131\u015f t\u00fcm illerimize elimizi uzatt\u0131k. Y\u0131llar\u0131n ihmalini telafi etmek i\u00e7in yo\u011fun \u00e7aba sarf ettik. 9 y\u0131lda 35 milyar liral\u0131k yat\u0131r\u0131m yapt\u0131k b\u00f6lgede. Yani eski rakamla 35 katrilyona ula\u015ft\u0131. Biz insan\u0131 sadece bir t\u00fcketici ekonomik unsur olarak asla g\u00f6rmedik ve g\u00f6rm\u00fcyoruz. Sosyal anlamda, k\u00fclt\u00fcrel, demokrasi temel hak ve \u00f6zg\u00fcrl\u00fckler anlam\u0131nda hem b\u00f6lgenin hemde t\u00fcm T\u00fcrkiyenin gecikmi\u015f reformlar\u0131n\u0131 yapt\u0131k yapmaya deva ediyoruz.&#8221;<\/p>\n<p style=\"text-align: justify;\"><strong>74 M\u0130LYONU KARDE\u015e OLARAK G\u00d6R\u00dcYORUZ<\/strong><\/p>\n<p style=\"text-align: justify;\">Ba\u015fbakan Erdo\u011fan,9 y\u0131ld\u0131r b\u00f6lgede ger\u00e7ekle\u015ftirdikleri reformlad\u0131, yat\u0131r\u0131mlar\u0131 anlat\u0131rken, &#8220;Bizim insana verdi\u011fimiz de\u011ferin sonucudur. 74 milyonu biz karde\u015f olarak g\u00f6r\u00fcyoruz. Her bir ferdini birinci s\u0131n\u0131f vatanda\u015f olarak g\u00f6r\u00fcyoruz. \u0130zmir&#8217;de ne varsa Van&#8217;da da o olsun, \u0130stanbul&#8217;da ne kadar yat\u0131r\u0131m yap\u0131l\u0131yorsa n\u00fcfusu oran\u0131nda Hakkari&#8217;ye de yap\u0131ls\u0131n istiyoruz. Bing\u00f6l ile Kocaeli, Bitlis&#8217;in ile Ankara aras\u0131nda hizmetler yat\u0131r\u0131mlar noktas\u0131nda hi\u00e7 bir fark olmamas\u0131 i\u00e7in hassasiyele \u00e7al\u0131\u015f\u0131yoruz&#8221; dedi.<\/p>\n<p style=\"text-align: justify;\"><strong>PKK VE BDP&#8217;Y\u0130 SERT B\u0130R D\u0130LLE ELE\u015eT\u0130RD\u0130<\/strong><\/p>\n<p style=\"text-align: justify;\">Ba\u015fbakan Erdo\u011fan, &#8220;9 y\u0131ld\u0131r yapt\u0131\u011f\u0131m\u0131z yat\u0131r\u0131mlar\u0131 reformlar\u0131 bir dayatman\u0131n veya tehdidin sonucu olarak lanse etmeye \u00e7al\u0131\u015fanlar a\u00e7\u0131k s\u00f6yl\u00fcyorum&#8221; diyerek, \u015f\u00f6yle dedi:<\/p>\n<p style=\"text-align: justify;\">&#8220;Yalan s\u00f6yl\u00fcyorlar, kendi kirli emellerini \u00f6rtmeye \u00e7al\u0131\u015f\u0131yorlar. Neymi\u015f ter\u00f6r \u00f6rg\u00fct\u00fcn\u00fcn sald\u0131r\u0131lar\u0131 h\u00fck\u00fcmeti bu b\u00f6lgeyle ilgilenmeye zorlam\u0131\u015f bu yaland\u0131r, al\u00e7ak\u00e7a bir iftirad\u0131r, bir kara kampanyad\u0131r. Ter\u00f6r bu b\u00f6lgeye kandan g\u00f6zya\u015f\u0131ndan ac\u0131dan bizzat ter\u00f6ristlerin zul\u00fcm ve bask\u0131s\u0131ndan ba\u015fka bir \u015fey kazand\u0131rmam\u0131\u015ft\u0131r. Madem bu kadar korkutuyordunuz ve sizin bu korkutman\u0131z\u0131n sebebiyle hizmet geliyordu da bizden \u00f6nce niye hizmet gelmedi. Karde\u015flerim bu bir a\u015fk meselesidir. Bu bir inan\u00e7 meselesidir.<\/p>\n<p style=\"text-align: justify;\">Bizim bu millete sevdam\u0131z var. A\u015fk\u0131m\u0131z var. Bizim Allah&#8217;a muhabbetimiz ve korkumuzdan ba\u015fka kimseden bir korkumuz yoktur. Ter\u00f6r sadece gen\u00e7lerin kan\u0131n\u0131 i\u00e7mekle analar\u0131 evlats\u0131z b\u0131rakmakla kalmam\u0131\u015f b\u00f6lgenin refan\u0131n\u0131n \u00f6n\u00fcndeki en b\u00fcy\u00fck engel olmu\u015ftur. \u015eurada yolun \u00fczerinde menfeze may\u0131n d\u00f6\u015femek suriteyle vatanda\u015f\u0131m\u0131z\u0131 katledenlerin bu \u00fclkeye verebilece\u011fi bir \u015fey olabilirmi? Polis okulumuzu tarayanlar\u0131n bu \u00fclkeye verece\u011fi bir \u015fey olabilirmi? Bunlar\u0131n bu \u00fclkeye verece\u011fi hi\u00e7 bir \u015fey yoktur, vah\u015fetten ba\u015fka.&#8221;<\/p>\n<p style=\"text-align: justify;\">Ba\u015fbakan Erdo\u011fan, TRT 6&#8217;y\u0131 24 saat K\u00fcrt\u00e7e yay\u0131n yapacak kanal yapmak istediklerinde ter\u00f6r \u00f6rg\u00fct\u00fc ve onun vesayetinde siyaset yapanlar\u0131n kar\u015f\u0131 \u00e7\u0131kt\u0131\u011f\u0131n\u0131 belirterek, \u015f\u00f6yle dedi:<\/p>\n<p style=\"text-align: justify;\">&#8220;Biz \u00fcniversitelerimizde K\u00fcrt\u00e7eyi sa\u011flad\u0131\u011f\u0131m\u0131zda rahats\u0131z oldular, yasaklar\u0131 kald\u0131rd\u0131k\u00e7a tedirgin oldular. B\u00f6lgeye hizmetler getirdik\u00e7e bunlar\u0131 engellemeye \u00e7al\u0131\u015ft\u0131lar. Engellemek i\u00e7in her t\u00fcrl\u00fc sald\u0131r\u0131 ve tahrike ba\u015fvurdular. Bu b\u00f6lgede \u00f6zg\u00fcrl\u00fckler yay\u0131ld\u0131k\u00e7a, demokratik \u00e7\u0131ta y\u00fckseldik\u00e7e, asilimilasyon ve ret politikalar\u0131 ortadan kalkt\u0131k\u00e7a, ter\u00f6r \u00f6rg\u00fct\u00fc ise fa\u015fizm sistemini tesise getidiler.<\/p>\n<p style=\"text-align: justify;\">9 y\u0131l \u00f6ncesine kadar faili me\u00e7hulleri dillerinden d\u00fc\u015f\u00fcrmeyenler bug\u00fcn ter\u00f6r \u00f6rg\u00fct\u00fcn\u00fcn infazlar\u0131n\u0131 g\u00f6rmezden geliyor. \u0130ktidar\u0131m\u0131za kadar ifade \u00f6zg\u00fcrl\u00fc\u011f\u00fcn\u00fcn olmamas\u0131ndan dert yananlar bug\u00fcn kendilerini ifade \u00f6zg\u00fcrl\u00fc\u011f\u00fcne kar\u015f\u0131 bask\u0131 giri\u015fimlerini artt\u0131rd\u0131lar. Yol kontrollerinden yayla yasaklar\u0131ndan yak\u0131nanlar ayn\u0131 engelleri uygulamak i\u00e7in can \u00e7eki\u015fiyorlar. Benim vatanda\u015f\u0131m bu ter\u00f6r \u00f6rg\u00fct\u00fcn\u00fcn fa\u015fizan bask\u0131s\u0131n\u0131 art\u0131k g\u00f6rs\u00fcnler. Evlad\u0131n\u0131n \u00f6ld\u00fc\u011f\u00fcn\u00fc g\u00f6ren anne balar esnaflar sivil toplum \u00f6rg\u00fctleri cesaretle \u00e7\u0131k\u0131p yeter art\u0131k diyorlar.<\/p>\n<p style=\"text-align: justify;\">Ben her f\u0131rsatta ifade ediyorum, demokrasi ter\u00f6r\u00fcn ilac\u0131d\u0131r, panzehiridir. Demokratik standartlar y\u00fckseldik\u00e7e, yat\u0131r\u0131mlar arktt\u0131k\u00e7a, ge\u00e7mi\u015fin hatalar\u0131 telafi edildik\u00e7e benim bu b\u00f6lgedeki karde\u015fimde ger\u00e7e\u011fi g\u00f6r\u00fcyor ve ter\u00f6re s\u0131rt\u0131n\u0131 d\u00f6n\u00fcyor, lanet okuyor. \u0130n\u015fallah bu s\u00fcre bu \u015fekilde devam edecek. \u0130n\u015fallah ter\u00f6r \u00f6rg\u00fct\u00fcn\u00fcn elinde bir tek dahi istismar arac\u0131 kalmayacak. G\u00f6receksiniz ter\u00f6r \u00f6rg\u00fct\u00fcn\u00fcn uzant\u0131lar\u0131n\u0131n maskesi \u00e7ok daha h\u0131zl\u0131 d\u00fc\u015fecek ve b\u00f6lge insan\u0131 ter\u00f6r\u00fcn musallat\u0131ndan art\u0131k s\u0131yr\u0131lacak. Biz va\u00e7ge\u00e7meyece\u011fiz, yat\u0131r\u0131mlardan da reformlardan da asla vazge\u00e7meyece\u011fiz.&#8221;<\/p>\n<p style=\"text-align: justify;\"><strong>O ENERJ\u0130 HERKESE G\u0130DECEK<\/strong><\/p>\n<p style=\"text-align: justify;\">Ba\u015fbakan Erdo\u011fan, Hakkari&#8217;de, \u015e\u0131rnak&#8217;ta havaalan\u0131 yapt\u0131klar\u0131n\u0131 ve bunlar\u0131n istenmedi\u011fini belirterek, &#8220;Ayn\u0131 \u015fey I\u011fd\u0131r&#8217;da. Ama biz dinlemedik hepsinin in\u015faat\u0131 devam ediliyor. Burada bir b\u00fcy\u00fck baraj in\u015faat\u0131nda gittiler i\u015f makinalar\u0131n\u0131 yakt\u0131lar. Bunlar\u0131n neresinde bu \u00fclkenin evlad\u0131 olmak, bu \u00fclkenin insanlar\u0131n\u0131 sevmek var. O su nereye gidecek K\u00fcrt&#8217;e, T\u00fcrk&#8217;e, Laz&#8217;a, G\u00fcrc\u00fc&#8217;ye gidecek. Oradan \u00e7\u0131kacak enerji nereye gidecek yine K\u00fcrt&#8217;e, T\u00fcrk&#8217;e, Laz&#8217;a gidecek.<\/p>\n<p style=\"text-align: justify;\">B\u00f6yle bir ak\u0131l tutulmas\u0131 olmaz, bunlar\u0131nki tamamen seviye kayb\u0131. Ter\u00f6ristle kararl\u0131 \u015fekilde m\u00fccadele edecek sivil vatanda\u015f\u0131n hukukunada \u00e7ok b\u00fcy\u00fck \u015fekilde muhafaza edece\u011fiz. \u00d6n\u00fcm\u00fczdeki y\u0131llarda T\u00fcrkiye bu meseleyi tamamen geride b\u0131rakm\u0131\u015f ve imkanlar\u0131n\u0131 2023 y\u0131l hedeflerine y\u00f6neltmi\u015f olacak. D\u00fcnyan\u0131n demokraside ekonomide \u00f6zg\u00fcrl\u00fcklerde fiziki alt yap\u0131larda en geli\u015fmi\u015f \u00fclkeler aras\u0131nda olma yolunda ad\u0131m ad\u0131m mesafede kat ediyoruz. Bu m\u00fccalememizde bize desek veren b\u00fct\u00fcn Bitlislilere \u015f\u00fckranlar\u0131m\u0131 sunuyoruz.&#8221;<\/p>\n<p style=\"text-align: justify;\"><strong>GEN\u00c7LERE DA\u011eI G\u00d6STERENLER VAR, FARKI \u0130Y\u0130 ANLAYIN<\/strong><\/p>\n<p style=\"text-align: justify;\">Erdo\u011fan konu\u015fmas\u0131n\u0131 \u015f\u00f6yle s\u00fcrd\u00fcrd\u00fc: Bir tarafta gen\u00e7lere da\u011f\u0131 g\u00f6sterenle, e\u015fk\u0131ya olmaya te\u015fvik edenler var. Bir tarafta gen\u00e7leri \u00f6l\u00fcme sevk edenler var. Bir tarafta gen\u00e7leri ya\u015fatmaya \u00e7al\u0131\u015fan, e\u011fitmeye \u00e7al\u0131\u015fan, karde\u015flik i\u00e7in \u00e7al\u0131\u015fan bir AK Parti var. Ter\u00f6r\u00fcn g\u00f6lgesinde siyaset yapmaya \u00e7al\u0131\u015fan korkaklar var. \u00d6ld\u00fcrmek de\u011fil ya\u015fatmak bir marifetti. Ocaklar\u0131 s\u00f6nd\u00fcrmek al\u00e7aklar\u0131n, kalpler g\u00f6n\u00fcller kazanmak ise cesurlar\u0131n i\u015fidir. Korkaklar tarih boyunca tarih boyunca hi\u00e7bir zaman zafer an\u0131t\u0131 dikememi\u015ftir.<\/p>\n<p style=\"text-align: justify;\"><strong>\u201cBEN\u0130M \u0130\u00c7\u0130N \u00d6LD\u00dcRME ARTIK \u201d DEY\u0130N<\/strong><\/p>\n<p style=\"text-align: justify;\">Sizlere sesleniyorum: Zifiri karanl\u0131kta ak s\u00fct\u00fcn i\u00e7indeki ak k\u0131l\u0131 fark edecek kadar g\u00f6z\u00fcn\u00fcz keskin olsun. Bitlis\u2019in gen\u00e7lerinden t\u00fcm gen\u00e7lerden, art\u0131k \u00f6ld\u00fcrenlerle, sahte kahramanlarla ger\u00e7ek kahramanlar\u0131 ay\u0131rt etmelerini istiyorum. Yeter art\u0131k demelerini, \u201cBenim ad\u0131ma \u00f6ld\u00fcrme art\u0131k\u201d demelerini bekliyorum. Sizden t\u00fcm gen\u00e7lere, sayg\u0131yla, sab\u0131rla, tatl\u0131 dille yakla\u015fman\u0131z\u0131 istiyorum.<\/p>\n<p style=\"text-align: justify;\"><strong>K\u00dcRTLER ZERD\u00dc\u015eT DE\u011e\u0130L \u0130SLAMDIR<\/strong><\/p>\n<p style=\"text-align: justify;\">Unutmay\u0131n, sizler Ortado\u011fu sokaklar\u0131ndaki gen\u00e7lerin imrendikleri bir \u00fclkenin evlatlar\u0131s\u0131n\u0131z. Millet \u0131rk demek, kavim demek asla demek de\u011fildir. Ge\u00e7mi\u015fi ortak, sevinci ortak, h\u00fczn\u00fc ortak ayn\u0131 \u015fekilde gelecek tasavvuru ortak bir cemiyet demektir. Biz tek milletiz, tek bayra\u011f\u0131z. Sadece bug\u00fcn de\u011fil, tarihte defalarca bu milleti par\u00e7alamak istediler. Kale gibi direnci olan K\u00fcrtler her \u015feyden \u00f6nce \u0130slam\u2019d\u0131r. Yani o birilerinin dedi\u011fi gibi K\u00fcrtler Zerd\u00fc\u015ft de\u011fildir, \u0130slamd\u0131r.<\/p>\n<p style=\"text-align: justify;\"><strong>CHP KEND\u0130 TAR\u0130H\u0130YLE Y\u00dcZLE\u015eS\u0130N<\/strong><\/p>\n<p style=\"text-align: justify;\">CHP&#8217;de ya\u015fanan Dersim krizine de de\u011finen Erdo\u011fan, &#8220;CHP kendi i\u00e7indeki tart\u0131\u015fmalardan s\u0131yr\u0131l\u0131p da iktidara sa\u011fl\u0131kl\u0131 bir \u015fekilde h\u00fck\u00fcmete muhalefet yapam\u0131yor. Dersim olay\u0131n\u0131 tart\u0131\u015f\u0131l\u0131yorlar. Ben bunlara belgelerle her \u015feyi anlatt\u0131m. K\u0131l\u0131\u00e7daro\u011flu \u201cAr\u015fivi a\u00e7s\u0131n incelesin\u201d dedi. Ben ne inceleyece\u011fim, vaktin varsa git sen incele. Ben sana belgeleri sundum. \u015eimdi Sultan Abd\u00fclmecit\u2019i tart\u0131\u015f\u0131yor. CHP kendisinden \u00f6nceki tarihi bilmiyor. CHP tarihini bilmiyor. CHP tarihi okumad\u0131\u011f\u0131 i\u00e7in bug\u00fcn de isabetli davranamam\u0131\u015ft\u0131r. CHP a\u00e7s\u0131n Osmanl\u0131y\u0131 \u00f6\u011frensinler, okusunlar. Kendi tarihiyle y\u00fczle\u015fsinler.&#8221; dedi.<\/p>\n<p style=\"text-align: justify;\">CHP Dersim\u2019le ilgili konu\u015fmayacaksa ne zaman konu\u015facak? K\u0131l\u0131\u00e7daro\u011flu, \u00f6nce arkada\u015f\u0131na \u201cgere\u011fini yaps\u0131n\u201d dedi, sonra \u00e7ark etti. K\u0131l\u0131\u00e7daro\u011flu, Dersim katliam\u0131n\u0131 sorgulayan Tunceli Milletvekilini lin\u00e7 etme giri\u015fimine tepkisiz kal\u0131yor.<\/p>\n<p style=\"text-align: justify;\"><strong>KCK<\/strong><\/p>\n<p style=\"text-align: justify;\">Bug\u00fcn KCK\u2019n\u0131n KCK g\u00f6lgesindeki PKK ve BDP\u2019nin G\u00fcneydo\u011fu illerinde yapmak istedi\u011fi 1940\u2019l\u0131 y\u0131llara d\u00f6nme \u00f6zlemleridir. Her t\u00fcrl\u00fc insanl\u0131k d\u0131\u015f\u0131 olaylara imza at\u0131yorlar. Bu tahriklere boyun e\u011fmeyece\u011fiz. Biz inad\u0131na karde\u015flik diyoruz. \u0130nad\u0131na demokrasi diyoruz. Bu \u00fclke ge\u00e7mi\u015fe asla ve asla d\u00f6nmeyecek. Ter\u00f6ristle sivil halk\u0131n ay\u0131rt edilemedi\u011fi g\u00fcnler geri gelmeyecek.<\/p>\n<p style=\"text-align: justify;\">Ter\u00f6rle aras\u0131na mesafe koymu\u015f, ter\u00f6r\u00fcn s\u0131rt\u0131n\u0131 s\u0131vazlamayan bir siyasi olu\u015fumla, her sivil toplumla da m\u00fczakere yapt\u0131k ve yapar\u0131z da. Biz kimi muhatap alaca\u011f\u0131m\u0131z\u0131 \u00e7ok iyi biliriz. Hi\u00e7 kimse bize muhatap dayatmas\u0131n.<\/p>\n<p style=\"text-align: justify;\"><strong>VAN DEPREM\u0130<\/strong><\/p>\n<p style=\"text-align: justify;\">Van\u2019da deprem oldu. BDPli belediyeler nerede. Herkes Laz,k\u00fcrt,g\u00fcrc\u00fc demeden Van\u2019a ko\u015ftu. Hani BDP. Biz bir insan \u00f6ld\u00fc\u011f\u00fcnde t\u00fcm insanl\u0131k \u00f6lm\u00fc\u015f san\u0131p ko\u015fa ko\u015fa gideriz. Onlar\u0131 yaln\u0131z b\u0131rakabilir miyiz. Biraz s\u0131k\u0131nt\u0131lar\u0131m\u0131z ama dayanaca\u011f\u0131z, daha g\u00fczel bir Van\u2019\u0131 in\u015fa edece\u011fiz.<\/p>\n<p style=\"text-align: justify;\"><strong>BO\u015eA BEKLERLER<\/strong><\/p>\n<p style=\"text-align: justify;\">AK Parti&#8217;den bir geri d\u00f6n\u00fc\u015f bekleyenler bo\u015funa beklerler. Asla taviz vermeden m\u00fccadele ettik, edece\u011fiz. Bizim i\u00e7in kapatma davas\u0131n\u0131 a\u00e7t\u0131klar\u0131nda CHP&#8217;liler ne diyordu.\u201c\u00c7ok \u015f\u00fck\u00fcr, Ankara&#8217;da da hakimler varm\u0131\u015f\u201d. \u015eimdi de s\u00f6ylesinler ayn\u0131 laf\u0131. Ben de senin gibi mi cevap vereyim. \u201cT\u00fcrkiye\u2019de savc\u0131lar varm\u0131\u015f\u201d m\u0131 diyeyim. Tutuklular\u0131 bile bile aday yapacaks\u0131n sonra deki AK parti engelliyor. Bunun faturas\u0131n\u0131 AK Parti\u2019ye kesemezsin. Yarg\u0131 veriyor karar\u0131.<\/p>\n<p style=\"text-align: justify;\"><a href=\"http:\/\/www.gazeteport.com.tr\/haber\/63638\/quotchp_kendi_tarihini_bilmiyorquot\" target=\"_blank\">Kaynak : GAZETEPORT<\/a><\/p>\n","protected":false},"excerpt":{"rendered":"<p style=\"text-align: center;\">\n<p style=\"text-align: justify;\">Ba\u015fbakan Erdo\u011fan, Bitlis&#8217;ten CHP&#8217;ye y\u00fcklendi ve K\u0131l\u0131\u00e7daro\u011flu&#8217;nu H\u00fcseyin Ayg\u00fcn&#8217;e sahip \u00e7\u0131kmamakla su\u00e7lad\u0131.<\/p>\n<p style=\"text-align: justify;\">B\u0130TL\u0130S &#8211; Ba\u015fbakan Recep Tayyip Erdo\u011fan, a\u00e7\u0131l\u0131\u015flara kat\u0131lmak \u00fczere geldi\u011fi Bitlis&#8217;te olumsuz hava ko\u015fullar\u0131 ve yo\u011fun kar ya\u011f\u0131\u015f\u0131 ile kar\u015f\u0131la\u015ft\u0131. Bitlis&#8217;te isim vermeden BDP ve PKK&#8217;y\u0131 hedef alan Erdo\u011fan, &#8220;9 y\u0131ld\u0131r yapt\u0131\u011f\u0131m\u0131z yat\u0131r\u0131mlar\u0131 reformlar\u0131 bir dayatman\u0131n <\/p>\n","protected":false},"author":1,"featured_media":0,"comment_status":"open","ping_status":"open","sticky":false,"template":"","format":"standard","meta":{"footnotes":""},"categories":[105],"tags":[],"class_list":["post-42779","post","type-post","status-publish","format-standard","hentry","category-gundem","odd"],"_links":{"self":[{"href":"http:\/\/www.korhanyilmaz.com\/index.php?rest_route=\/wp\/v2\/posts\/42779","targetHints":{"allow":["GET"]}}],"collection":[{"href":"http:\/\/www.korhanyilmaz.com\/index.php?rest_route=\/wp\/v2\/posts"}],"about":[{"href":"http:\/\/www.korhanyilmaz.com\/index.php?rest_route=\/wp\/v2\/types\/post"}],"author":[{"embeddable":true,"href":"http:\/\/www.korhanyilmaz.com\/index.php?rest_route=\/wp\/v2\/users\/1"}],"replies":[{"embeddable":true,"href":"http:\/\/www.korhanyilmaz.com\/index.php?rest_route=%2Fwp%2Fv2%2Fcomments&post=42779"}],"version-history":[{"count":0,"href":"http:\/\/www.korhanyilmaz.com\/index.php?rest_route=\/wp\/v2\/posts\/42779\/revisions"}],"wp:attachment":[{"href":"http:\/\/www.korhanyilmaz.com\/index.php?rest_route=%2Fwp%2Fv2%2Fmedia&parent=42779"}],"wp:term":[{"taxonomy":"category","embeddable":true,"href":"http:\/\/www.korhanyilmaz.com\/index.php?rest_route=%2Fwp%2Fv2%2Fcategories&post=42779"},{"taxonomy":"post_tag","embeddable":true,"href":"http:\/\/www.korhanyilmaz.com\/index.php?rest_route=%2Fwp%2Fv2%2Ftags&post=42779"}],"curies":[{"name":"wp","href":"https:\/\/api.w.org\/{rel}","templated":true}]}}