{"id":42775,"date":"2011-11-18T17:08:46","date_gmt":"2011-11-18T15:08:46","guid":{"rendered":"http:\/\/www.korhanyilmaz.com\/?p=42775"},"modified":"2011-11-18T22:00:53","modified_gmt":"2011-11-18T20:00:53","slug":"garipogluna-24-yil-hapis","status":"publish","type":"post","link":"http:\/\/www.korhanyilmaz.com\/?p=42775","title":{"rendered":"Garipo\u011flu&#8217;na 24 y\u0131l hapis"},"content":{"rendered":"<p style=\"text-align: center;\"><a href=\"http:\/\/www.korhanyilmaz.com\/wp-content\/uploads\/2011\/11\/7154.jpg\"  class=\"lightview\"><img loading=\"lazy\" decoding=\"async\" class=\" wp-image-42776 aligncenter\" src=\"http:\/\/www.korhanyilmaz.com\/wp-content\/uploads\/2011\/11\/7154.jpg\" alt=\"\" width=\"396\" height=\"180\" \/><\/a><\/p>\n<p style=\"text-align: justify;\">Bak\u0131rk\u00f6y 4. A\u011f\u0131r Ceza Mahkemesi, M\u00fcnevver Karabulut&#8217;un \u00f6ld\u00fcr\u00fclmesine ili\u015fkin, san\u0131k Cem Garipo\u011flu&#8217;nu, 24 y\u0131l hapis cezas\u0131na mahkum etti.<\/p>\n<p style=\"text-align: justify;\">\u0130STANBUL- Ayn\u0131 davada yarg\u0131lanan baba Nida Garipo\u011flu beraat ederken Annesi T\u00fclay Makbule Garipo\u011flu ve Cem&#8217;in amcas\u0131 Hayyam Garipo\u011flu 3 y\u0131l hapse mahkum oldu. Cem Garipo\u011flu&#8217;nun cezas\u0131nda indirim yap\u0131lmad\u0131 ve \u00fcst s\u0131n\u0131rdan ceza ald\u0131.\u00a0<!--more--><\/p>\n<p style=\"text-align: justify;\"><strong>&#8220;\u00c7OK \u00dcZG\u00dcN\u00dcM&#8221;<\/strong><\/p>\n<p style=\"text-align: justify;\">Garipo\u011flu&#8217;nun duru\u015fmada, &#8220;\u00c7ok \u00fczg\u00fcn\u00fcm, hem kendi ailem, hem m\u00fcnevver&#8217;in ailesinden \u00f6z\u00fcr diliyorum. \u00c7ok pi\u015fman\u0131m, cezama raz\u0131y\u0131m&#8221; dedi\u011fi \u00f6\u011frenildi.<\/p>\n<p style=\"text-align: justify;\">Cem Garipo\u011flu, 3 Mart 2009&#8217;da i\u015fledi\u011fi cinayetin ard\u0131ndan 197 g\u00fcn boyunca firari olarak sakland\u0131. 17 Eyl\u00fcl 2009&#8217;da teslim olan Garipo\u011flu 18 Eyl\u00fcl 2009&#8217;da tutukland\u0131. Garipo\u011flu, savc\u0131n\u0131n talep etti\u011fi \u00fcst s\u0131n\u0131rdan, 24 y\u0131l ceza ald\u0131. Bu durumda Ceza \u0130nfaz Kanunu gere\u011fi bu cezan\u0131n \u00fc\u00e7te ikisini yani 16 y\u0131l\u0131 cezaevinde ge\u00e7irecek. Ayr\u0131ca, Garipo\u011flu&#8217;nun g\u00f6zalt\u0131na al\u0131nd\u0131\u011f\u0131 g\u00fcnden, cezan\u0131n Yarg\u0131tay&#8217;da onand\u0131\u011f\u0131 g\u00fcne kadar tutuklu kald\u0131\u011f\u0131 s\u00fcre de cezadan d\u00fc\u015f\u00fclecek.<\/p>\n<p style=\"text-align: justify;\">B\u00f6ylece Garipo\u011flu 14 y\u0131l daha cezaevinde kalacak.<\/p>\n<p style=\"text-align: justify;\"><a href=\"http:\/\/www.gazeteport.com.tr\/haber\/63683\/garipogluna_24_yil_hapis\" target=\"_blank\">Kaynak : Gazeteport<\/a><\/p>\n","protected":false},"excerpt":{"rendered":"<p style=\"text-align: center;\">\n<p style=\"text-align: justify;\">Bak\u0131rk\u00f6y 4. A\u011f\u0131r Ceza Mahkemesi, M\u00fcnevver Karabulut&#8217;un \u00f6ld\u00fcr\u00fclmesine ili\u015fkin, san\u0131k Cem Garipo\u011flu&#8217;nu, 24 y\u0131l hapis cezas\u0131na mahkum etti.<\/p>\n<p style=\"text-align: justify;\">\u0130STANBUL- Ayn\u0131 davada yarg\u0131lanan baba Nida Garipo\u011flu beraat ederken Annesi T\u00fclay Makbule Garipo\u011flu ve Cem&#8217;in amcas\u0131 Hayyam Garipo\u011flu 3 y\u0131l hapse mahkum oldu. Cem Garipo\u011flu&#8217;nun cezas\u0131nda indirim yap\u0131lmad\u0131 ve \u00fcst <\/p>\n","protected":false},"author":1,"featured_media":0,"comment_status":"open","ping_status":"open","sticky":false,"template":"","format":"standard","meta":{"footnotes":""},"categories":[105],"tags":[],"class_list":["post-42775","post","type-post","status-publish","format-standard","hentry","category-gundem","odd"],"_links":{"self":[{"href":"http:\/\/www.korhanyilmaz.com\/index.php?rest_route=\/wp\/v2\/posts\/42775","targetHints":{"allow":["GET"]}}],"collection":[{"href":"http:\/\/www.korhanyilmaz.com\/index.php?rest_route=\/wp\/v2\/posts"}],"about":[{"href":"http:\/\/www.korhanyilmaz.com\/index.php?rest_route=\/wp\/v2\/types\/post"}],"author":[{"embeddable":true,"href":"http:\/\/www.korhanyilmaz.com\/index.php?rest_route=\/wp\/v2\/users\/1"}],"replies":[{"embeddable":true,"href":"http:\/\/www.korhanyilmaz.com\/index.php?rest_route=%2Fwp%2Fv2%2Fcomments&post=42775"}],"version-history":[{"count":0,"href":"http:\/\/www.korhanyilmaz.com\/index.php?rest_route=\/wp\/v2\/posts\/42775\/revisions"}],"wp:attachment":[{"href":"http:\/\/www.korhanyilmaz.com\/index.php?rest_route=%2Fwp%2Fv2%2Fmedia&parent=42775"}],"wp:term":[{"taxonomy":"category","embeddable":true,"href":"http:\/\/www.korhanyilmaz.com\/index.php?rest_route=%2Fwp%2Fv2%2Fcategories&post=42775"},{"taxonomy":"post_tag","embeddable":true,"href":"http:\/\/www.korhanyilmaz.com\/index.php?rest_route=%2Fwp%2Fv2%2Ftags&post=42775"}],"curies":[{"name":"wp","href":"https:\/\/api.w.org\/{rel}","templated":true}]}}