{"id":42754,"date":"2011-11-16T10:07:50","date_gmt":"2011-11-16T08:07:50","guid":{"rendered":"http:\/\/www.korhanyilmaz.com\/?p=42754"},"modified":"2012-01-16T21:23:34","modified_gmt":"2012-01-16T19:23:34","slug":"kozinogluyla-birlikte-gomulmeyen-sirlar","status":"publish","type":"post","link":"http:\/\/www.korhanyilmaz.com\/?p=42754","title":{"rendered":"Kozino\u011flu\u2019yla Birlikte G\u00f6m\u00fclmeyen S\u0131rlar"},"content":{"rendered":"<p style=\"text-align: center;\"><a href=\"http:\/\/www.korhanyilmaz.com\/wp-content\/uploads\/2011\/11\/71501.jpg\"  class=\"lightview\"><img loading=\"lazy\" decoding=\"async\" class=\"aligncenter  wp-image-42758\" src=\"http:\/\/www.korhanyilmaz.com\/wp-content\/uploads\/2011\/11\/71501.jpg\" alt=\"\" width=\"314\" height=\"200\" \/><\/a><\/p>\n<p style=\"text-align: justify;\"><span style=\"color: #993300; font-size: medium;\"><strong>Kozino\u011flu\u2019yla Birlikte G\u00f6m\u00fclmeyen S\u0131rlar &#8211; 1\u00a0<\/strong><\/span><\/p>\n<p style=\"text-align: justify;\">T\u00fcrkiye\u2019nin y\u0131llard\u0131r en \u00e7ok merak etti\u011fi ve kamuoyunun \u201cHayalet\u201d lakab\u0131yla tan\u0131d\u0131\u011f\u0131 M\u0130T\u2019\u00e7i Ka\u015fif Kozino\u011flu, ge\u00e7ti\u011fimiz Cumartesi ak\u015fam\u0131 tutuklu oldu\u011fu Silivri Cezaevi\u2019nde hayat\u0131n\u0131 kaybetti.<\/p>\n<p style=\"text-align: justify;\">Kozino\u011flu, yarg\u0131lanaca\u011f\u0131 Odatv davas\u0131nda 22 Kas\u0131m Sal\u0131 g\u00fcn\u00fc ilk duru\u015fmas\u0131na \u00e7\u0131kacakt\u0131. Duru\u015fmas\u0131na 10 g\u00fcn kala, hen\u00fcz kesinle\u015fmeyen bir nedenle hayat\u0131n\u0131 kaybetti. M\u0130T\u2019\u00e7inin s\u0131r \u00f6l\u00fcm\u00fcyle ilgili, b\u00fct\u00fcn kamuoyunda oldu\u011fu gibi, Kozino\u011flu\u2019nun hem yak\u0131n \u00e7evresi hem de devre arkada\u015flar\u0131n\u0131n kafas\u0131nda soru i\u015faretleri gittik\u00e7e b\u00fcy\u00fcyor. En b\u00fcy\u00fck soru i\u015fareti ise Adalet Bakanl\u0131\u011f\u0131\u2019n\u0131n \u00f6l\u00fcm sebebi olarak \u201ca\u011f\u0131r ve yo\u011fun spor yapmas\u0131\u201d \u015feklindeki a\u00e7\u0131klamas\u0131n\u0131n, Kozino\u011flu\u2019nun ko\u011fu\u015f arkada\u015flar\u0131 taraf\u0131ndan do\u011frulanmamas\u0131.<!--more--><\/p>\n<p style=\"text-align: justify;\"><strong>Kendi kaleminden<\/strong><\/p>\n<p style=\"text-align: justify;\">Ka\u015fif Kozino\u011flu\u2019nun \u00f6l\u00fcm haberi duyulur duyulmaz, herkesin ilk tepkisi \u201cS\u0131rlar\u0131yla \u00f6ld\u00fc\u201d oldu. Gazeteler \u201cM\u0130T\u2019in kara kutusuydu\u201d man\u015fetleri att\u0131. Ancak Kozino\u011flu, s\u0131rlar\u0131n\u0131n bir b\u00f6l\u00fcm\u00fcn\u00fc \u00f6lmeden \u00f6nce kendi el yaz\u0131s\u0131yla kaleme ald\u0131 ve bu notlar\u0131 Ayd\u0131nl\u0131k\u2019la payla\u015ft\u0131. Ayd\u0131nl\u0131k, \u201cKendi el yaz\u0131s\u0131yla Kozino\u011flu\u2019nun s\u0131rlar\u0131\u201d yaz\u0131 dizisini bug\u00fcn ba\u015flat\u0131yor.<\/p>\n<p style=\"text-align: justify;\"><strong>G\u00fcndem de\u011fi\u015ftirecek mektup&#8230;\u00a0<\/strong><\/p>\n<p style=\"text-align: justify;\">Fethullah G\u00fclen cemaatinin T\u00fcrk Cumhuriyetlerindeki \u00f6rg\u00fctlenmesi&#8230; Cemaat hiyerar\u015fisi ve i\u015fleyi\u015fi&#8230; M\u0130TCIAcemaat ba\u011flant\u0131lar\u0131&#8230; Hakan Fidan ve M\u0130T\u2019te yeni d\u00f6nem&#8230; Abdullah G\u00fcl-Tayyip Erdo\u011fan-Fethullah G\u00fclen ili\u015fkileri ve kar\u015f\u0131tl\u0131klar\u0131&#8230; Anayasa Mahkemesi ve AKP\u2019ye kapatma davas\u0131&#8230; Mehmet Eym\u00fcr ve Ergenekon tertibi&#8230; Eym\u00fcr ve cemaat ili\u015fkileri&#8230; Ka\u015fif Kozino\u011flu\u2019ndan T\u00fcrkiye g\u00fcndemini sarsacak a\u00e7\u0131klama ve bilgileri el yaz\u0131s\u0131ndan aynen kamuoyuyla payla\u015f\u0131yoruz&#8230;<\/p>\n<p style=\"text-align: justify;\"><span style=\"text-decoration: underline;\">M\u0130T&#8217;\u00e7i Kozino\u011flu, ABD&#8217;nin G\u00fclen okullar\u0131n\u0131 nas\u0131l kulland\u0131\u011f\u0131n\u0131 anlat\u0131yor:<\/span><\/p>\n<p style=\"text-align: justify;\"><strong>G\u00fclen okullar\u0131n\u0131n m\u00fcd\u00fcrleri CIA&#8217;ya rapor veriyor\u00a0<\/strong><\/p>\n<p style=\"text-align: justify;\"><strong>1.<\/strong> \u00d6zbekistan, Rusya Federasyonu ve en son T\u00fcrkmenistan Fethullah G\u00fclen okullar\u0131n\u0131 hangi gerek\u00e7e ile kapat\u0131yorlar? \u201c\u0130rticai faaliyetler\u201d G\u00f6revlilerden bir k\u0131sm\u0131 da an\u0131lan \u00fclkelerdeki ba\u011f\u0131ms\u0131z mahkemelerde yarg\u0131lan\u0131p hapis cezas\u0131 al\u0131yor. Di\u011fer k\u0131sm\u0131 s\u00f6z konusu \u00fclkeden kovuluyor.<\/p>\n<p style=\"text-align: justify;\"><strong>2.<\/strong> Rusya Federasyonu an\u0131lan okullar\u0131 kapat\u0131rken bir tespit yap\u0131yor. Bas\u0131na yans\u0131m\u0131\u015ft\u0131r an\u0131lan tespit: s\u00f6z konusu okullar\u0131n, \u201cABD ad\u0131na istihbari faaliyet ger\u00e7ekle\u015ftirdikleri ve an\u0131lan okullar\u0131n ABD\u2019li istihbarat\u00e7\u0131lar\u0131n bar\u0131nma yuvalar\u0131 oldu\u011fu&#8230;\u201d<\/p>\n<p style=\"text-align: justify;\"><strong>3.<\/strong> An\u0131lan okullar\u0131n faaliyet g\u00f6stermesi i\u00e7in \u00e7ok b\u00fcy\u00fck mebla\u011flarda para gerekmektedir. An\u0131lan para T\u00fcrkiye\u2019deki baz\u0131 i\u015fverenlerin ba\u011f\u0131\u015flar\u0131ndan elde edilen paran\u0131n \u00e7ok \u00fczerindedir. Bu paralar\u0131 ABD vermektedir. (N. Veren* de benzeri \u015fekilde ifade ediyor.)<\/p>\n<p style=\"text-align: justify;\"><strong>4.<\/strong> ABD, bu okullar\u0131 sadece istihbarat ve bar\u0131nma ba\u011flam\u0131nda de\u011ferlendirmiyor. ABD&#8217;nin esas amac\u0131, \u201cS\u00f6z konusu okullar sayesinde, \u0130RAN\u2019\u0131n Asya\u2019daki Fundamentalist ak\u0131m\u0131n\u0131 engellemek ve dengelemek.\u201d<\/p>\n<p style=\"text-align: justify;\"><strong>5.<\/strong> S\u00f6z konusu okullar\u0131n 1. d\u00fc\u015fman\u0131 \u0130RAN\u2019d\u0131r. F. G\u00fclen hareketi, ABD \u0130RAN\u2019\u0131 sevmedi\u011fi i\u00e7in \u0130ran\u2019\u0131 d\u00fc\u015fman bellemi\u015ftir.<\/p>\n<p style=\"text-align: justify;\">An\u0131lan \u00fclkelerde belirtti\u011fim \u015fah\u0131slar, \u00f6zellikle okul m\u00fcd\u00fcrleri o \u00fclkelere ili\u015fkin raporlar\u0131n\u0131 da, belli periyotlarda an\u0131lan \u00fclkelerdeki CIA temsilcileri ile payla\u015fmaktad\u0131rlar. Ayr\u0131ca o \u015fah\u0131slar o \u00fclkelerden bayanlarla evlenip, o \u00fclkenin pasaportlar\u0131n\u0131 da almaktad\u0131rlar&#8230;<\/p>\n<p style=\"text-align: justify;\">*Nurettin Veren, Fethullah G\u00fclen&#8217;in eski Ba\u015fmuavini ve 35 y\u0131ll\u0131k yol arkada\u015f\u0131<\/p>\n<p style=\"text-align: justify;\"><strong>Devre arkada\u015flar\u0131ndan Ka\u015fif Kozino\u011flu\u2019yla ilgili \u00f6nemli iddia: <\/strong><\/p>\n<p style=\"text-align: justify;\"><strong>Jandarmadan bilgi s\u0131zd\u0131ran ekibi tespit etmi\u015fti.<\/strong><\/p>\n<p style=\"text-align: justify;\">Odatv soru\u015fturmas\u0131yla tutuklanan M\u0130T Orta Asya \u00dclkeleri Daire Ba\u015fkanvekili Ka\u015fif Kozino\u011flu, son yolculu\u011funa u\u011furland\u0131. Cenazeye kat\u0131lan Kozino\u011flu\u2019nun devre arkada\u015flar\u0131, Ayd\u0131nl\u0131k\u2019a yapt\u0131klar\u0131 a\u00e7\u0131klamada, \u201cArkada\u015f\u0131m\u0131z CIA\u2019n\u0131n hedefindeydi\u201d dedi.<\/p>\n<p style=\"text-align: justify;\">Odatv soru\u015fturmas\u0131yla tutuklanan M\u0130T Orta Asya \u00dclkeleri Daire Ba\u015fkanvekili Ka\u015fif Kozino\u011flu\u2019nun cenazesi i\u00e7in \u00f6\u011fle vakti \u0130stanbul \u00dcsk\u00fcdar\u2019daki Selimiye Camisi\u2019nde askeri t\u00f6ren d\u00fczenlendi. T\u00f6rene kat\u0131l\u0131m\u0131n yo\u011fun oldu\u011fu g\u00f6zlenirken, devre arkada\u015flar\u0131 Kozino\u011flu\u2019nun ani \u00f6l\u00fcm\u00fcne ili\u015fkin Ayd\u0131nl\u0131k\u2019a konu\u015ftu.<\/p>\n<p style=\"text-align: justify;\"><strong>\u20193-4 y\u0131l \u00f6nce rapor haz\u0131rlad\u0131\u2019<\/strong><\/p>\n<p style=\"text-align: justify;\">Kozino\u011flu ile ayn\u0131 d\u00f6nemde \u00e7al\u0131\u015fan devre arkada\u015f\u0131, Orta Asya\u2019da yapt\u0131\u011f\u0131 \u00f6zel \u00e7al\u0131\u015fmalar nedeniyle Kozino\u011flu\u2019nun ABD istihbarat te\u015fkilat\u0131 CIA\u2019n\u0131n hedefinde oldu\u011funu \u00f6ne s\u00fcrd\u00fc. Kozino\u011flu\u2019nun gizli belge s\u0131zd\u0131rd\u0131\u011f\u0131 gerek\u00e7esiyle tutukland\u0131\u011f\u0131n\u0131n alt\u0131n\u0131 \u00e7izen devre arkada\u015flar\u0131, \u015f\u00f6yle konu\u015ftu: \u201cArkada\u015f\u0131m\u0131z asl\u0131nda 3-4 y\u0131l \u00f6nce jandarmadan bilgi s\u0131zd\u0131ran ekibi tespit etmi\u015fti. \u00dclkemizde ya\u015fananlar\u0131 iyice g\u00f6zden ge\u00e7irmeliyiz. Ya\u015fanm\u0131\u015f ve ya\u015fanacak olaylar\u0131 anlatan televizyon dizileri ve baz\u0131 haberler nas\u0131l yap\u0131l\u0131yor? \u0130\u015fte arkada\u015f\u0131m\u0131z bunun \u00fczerine \u00e7al\u0131\u015f\u0131yordu. Bir rapor haz\u0131rlad\u0131 ve bu raporu da \u00fcst d\u00fczey devlet yetkililerine verdi. Konumu ve yapt\u0131klar\u0131 ortadad\u0131r. Arkada\u015f\u0131m\u0131z CIA\u2019n\u0131n bile hedefindeydi.\u201d<\/p>\n<p style=\"text-align: justify;\"><strong>\u2018Kalp krizi ge\u00e7irmedi\u2019<\/strong><\/p>\n<p style=\"text-align: justify;\">Fiziki olarak \u00e7ok g\u00fc\u00e7l\u00fc oldu\u011funa dikkat \u00e7eken silah arkada\u015flar\u0131, \u201cKa\u015fif\u2019in yan\u0131na hi\u00e7 kimse yakla\u015famaz. Onu darp edebilecek biri yoktur. Yurt d\u0131\u015f\u0131ndaki spor m\u00fcsabakalar\u0131nda say\u0131s\u0131z \u00f6d\u00fcller ald\u0131\u201d dedi. Mesle\u011fi gere\u011fi kalp krizi ge\u00e7irdi\u011fini v\u00fccudundaki belirtilerden anlayabilece\u011fini ifade eden bir devre arkada\u015f\u0131 ise \u201cKalp krizinin kolda uyu\u015fma, g\u00f6\u011f\u00fcs kafesinde s\u0131k\u0131\u015fma gibi tipik belirtileri vard\u0131r. Arkada\u015f\u0131m\u0131z bunlar\u0131 \u00e7ok iyi bilirdi. Normalde kalp krizi \u00f6ncesi yak\u0131n\u0131ndakilere haber verebilirdi. Biz kalp krizi ge\u00e7irdi\u011fini d\u00fc\u015f\u00fcnm\u00fcyoruz\u201d diye konu\u015ftu.<\/p>\n<p style=\"text-align: justify;\">Silah arkada\u015flar\u0131, Silivri Cezaevi\u2019ndeki tutuklular\u0131n yava\u015f yava\u015f \u00f6ld\u00fcr\u00fcld\u00fc\u011f\u00fcn\u00fc d\u00fc\u015f\u00fcnd\u00fcklerini belirtti: \u201c70 ya\u015f\u0131na yak\u0131n insanlar\u0131 Silivri\u2019de tutuyorlar. Oradaki tutuklular\u0131n yava\u015f yava\u015f zehirlendi\u011fini d\u00fc\u015f\u00fcn\u00fcyoruz. Cezaevinde doktor bile yok. Hi\u00e7bir ak\u0131l ve mant\u0131k Kozino\u011flu\u2019nun kalp krizi nedeniyle \u00f6ld\u00fc\u011f\u00fcne inanmaz.\u201d<\/p>\n<p style=\"text-align: justify;\"><strong>Cenazeye geni\u015f kat\u0131l\u0131m<\/strong><\/p>\n<p style=\"text-align: justify;\">T\u00f6ren \u00f6ncesi Kozino\u011flu\u2019nun e\u015fi Ye\u015fim, o\u011flu \u00d6zel, annesi Belgin Kozino\u011flu ile k\u0131z karde\u015fi Figen B\u0131\u00e7ak\u00e7\u0131o\u011flu, cami avlusunda taziyeleri kabul etti. Cenaze t\u00f6renine, Kozino\u011flu\u2019nun aile yak\u0131nlar\u0131n\u0131n yan\u0131 s\u0131ra eski M\u0130T M\u00fcste\u015far\u0131 \u015eenkal Atasagun, M\u0130T \u0130stanbul B\u00f6lge Ba\u015fkan\u0131 \u0130smail Ni\u015fanc\u0131, M\u0130T \u0130zmir B\u00f6lge Ba\u015fkan\u0131 \u00d6zel Y\u0131lmaz, eski \u0130stanbul Organize Su\u00e7larla M\u00fccadele ve Ka\u00e7ak\u00e7\u0131l\u0131k \u015eube M\u00fcd\u00fcr\u00fc Adil Serdar Sa\u00e7an, Balyoz davas\u0131 tutuklusu eski 1. Ordu Komutan\u0131 emekli Orgeneral \u00c7etin Do\u011fan\u2019\u0131n e\u015fi Nilg\u00fcn Do\u011fan, oyuncu Perran Kutman ve \u00e7ok say\u0131da vatanda\u015f kat\u0131ld\u0131.<\/p>\n<p style=\"text-align: justify;\">Cenaze t\u00f6renine Genelkurmay Ba\u015fkanl\u0131\u011f\u0131, M\u0130T M\u00fcste\u015farl\u0131\u011f\u0131, \u0130kinci Ergenekon davas\u0131n\u0131n tutuklusu Yeni Parti Genel Ba\u015fkan\u0131 Tuncay \u00d6zkan ve \u00e7ok say\u0131da \u00fcst d\u00fczey komutan da \u00e7elenk g\u00f6nderdi. Kozino\u011flu\u2019nun T\u00fcrk bayra\u011f\u0131na sar\u0131l\u0131 tabutu, t\u00f6renden sonra Kozino\u011flu\u2019nun cenazesi g\u00f6t\u00fcr\u00fcld\u00fc\u011f\u00fc \u00dcmraniye Hekimba\u015f\u0131\u2019ndaki Kocatepe Mezarl\u0131\u011f\u0131\u2019nda topra\u011fa verildi.<\/p>\n<p style=\"text-align: justify;\"><strong>Kozino\u011flu\u2019nun 40 sayfal\u0131k savunmas\u0131na savc\u0131 el koydu!<\/strong><\/p>\n<p style=\"text-align: justify;\">Odatv soru\u015fturmas\u0131yla tutuklanan Milli \u0130stihbarat Te\u015fkilat\u0131 (M\u0130T) Orta Asya \u00dclkeleri Daire Ba\u015fkanvekili Ka\u015fif Kozino\u011flu\u2019nun Silivri Cezaevi\u2019nde el yaz\u0131s\u0131yla haz\u0131rlad\u0131\u011f\u0131 40 sayfal\u0131k savunmas\u0131na savc\u0131n\u0131n el koydu\u011fu \u00f6\u011frenildi. Cezaevi kaynaklar\u0131ndan edinilen bilgiye g\u00f6re, Kozino\u011flu, mahkemeye sunmak \u00fczere \u00e7ok etkili bir savunma haz\u0131rlad\u0131. Savc\u0131, \u00f6nemli bilgilerin yer ald\u0131\u011f\u0131 bu 40 sayfal\u0131k el yaz\u0131s\u0131 savunmaya Kozino\u011flu\u2019nun ko\u011fu\u015funa giderek el koydu. \u015e\u00fcpheli bir \u015fekilde ya\u015fam\u0131n\u0131 yitiren Ka\u015fif Kozino\u011flu\u2019nun 40 sayfal\u0131k el yaz\u0131s\u0131 savunmas\u0131na, savc\u0131n\u0131n bizzat ko\u011fu\u015fa giderek el koymas\u0131 ise dikkat \u00e7ekti.<\/p>\n<p style=\"text-align: justify;\">Kozino\u011flu\u2019nun 40 sayfal\u0131k el yaz\u0131s\u0131 savunmas\u0131n\u0131n i\u00e7eri\u011fi ve dava dosyas\u0131na girip girmeyece\u011fi merak konusu\u2026<\/p>\n<p style=\"text-align: justify;\"><strong>Ka\u015fif Kozino\u011flu\u2019nun avukatlar\u0131: Cezaevinde ve ambulansta doktor yoktu!<\/strong><\/p>\n<p style=\"text-align: justify;\">Odatv soru\u015fturmas\u0131yla tutuklanan Milli \u0130stihbarat Te\u015fkilat\u0131 (M\u0130T) Orta Asya \u00dclkeleri Daire Ba\u015fkanvekili Ka\u015fif Kozino\u011flu\u2019nun avukatlar\u0131 Taner Serim ve Tu\u011f\u00e7e Duygu K\u00f6ksal, Kozino\u011flu\u2019nun \u015f\u00fcpheli \u00f6l\u00fcm\u00fcne ili\u015fkin cezaevinde ve hastanede yap\u0131lan m\u00fcdahalelerle ilgili yaz\u0131l\u0131 bas\u0131n a\u00e7\u0131klamas\u0131nda bulundu. Kozino\u011flu\u2019nun avukatlar\u0131n\u0131n yapt\u0131\u011f\u0131 a\u00e7\u0131klamada, Kozino\u011flu\u2019na cezaevinde ve hastaneye g\u00f6t\u00fcr\u00fclmek \u00fczere konuldu\u011fu ambulansta doktor m\u00fcdahalesi yap\u0131lmad\u0131\u011f\u0131n\u0131n alt\u0131 \u00e7izildi. Kozino\u011flu\u2019nun avukatlar\u0131, \u201cTaraf\u0131m\u0131zca bilinen; Kozino\u011flu\u2019nun rahats\u0131zland\u0131\u011f\u0131 cezaevinde doktor bulunmad\u0131\u011f\u0131ndan kendisine burada herhangi t\u0131bbi m\u00fcdahalenin yap\u0131lmad\u0131\u011f\u0131; Silivri Devlet Hastanesi\u2019ne sevk i\u00e7in \u00e7a\u011fr\u0131lan ambulansta da doktor bulunmad\u0131\u011f\u0131; ancak yolda ula\u015fan ikinci bir ambulanstaki doktor taraf\u0131ndan kalp masaj\u0131yla m\u00fcdahale edilmek istenildi\u011fi fakat ba\u015far\u0131l\u0131 sonu\u00e7 al\u0131namad\u0131\u011f\u0131ndan Silivri Devlet Hastanesi\u2019ne \u00f6l\u00fc duhul etti\u011finden ibarettir\u201d ifadesini kulland\u0131.<\/p>\n<p style=\"text-align: justify;\"><span style=\"font-size: medium;\"><strong><span style=\"color: #993300;\">Kozino\u011flu\u2019yla Birlikte G\u00f6m\u00fclmeyen S\u0131rlar-2<\/span><\/strong><\/span><\/p>\n<p style=\"text-align: center;\"><a href=\"http:\/\/www.korhanyilmaz.com\/wp-content\/uploads\/2011\/11\/7148.jpg\"  class=\"lightview\"><img loading=\"lazy\" decoding=\"async\" class=\"aligncenter  wp-image-42756\" src=\"http:\/\/www.korhanyilmaz.com\/wp-content\/uploads\/2011\/11\/7148.jpg\" alt=\"\" width=\"400\" height=\"402\" \/><\/a><\/p>\n<p style=\"text-align: justify;\">\u00a0Tutuklu bulundu\u011fu Silivri Cezaevi\u2019nde Cumartesi g\u00fcn\u00fc hen\u00fcz bilinmeyen bir nedenle hayat\u0131n\u0131 kaybeden M\u0130T\u2019\u00e7i Ka\u015fif Kozino\u011flu\u2019nun \u00f6lmeden k\u0131sa s\u00fcre \u00f6nce Ayd\u0131nl\u0131k\u2019a ula\u015ft\u0131rd\u0131\u011f\u0131 mektubunun d\u00fcn yay\u0131mlad\u0131\u011f\u0131m\u0131z ilk b\u00f6l\u00fcm\u00fc geni\u015f yank\u0131 uyand\u0131rd\u0131. Ayd\u0131nl\u0131k, Kozino\u011flu\u2019nun kendisiyle birlikte mezara g\u00f6m\u00fclmeyen s\u0131rlar\u0131n\u0131 kamuoyunun \u00f6n\u00fcne sermeye ba\u015flam\u0131\u015fken, di\u011fer g\u00f6m\u00fclmeyen s\u0131rlar\u0131 ise \u00f6rt\u00fclmeye \u00e7al\u0131\u015f\u0131ld\u0131. Kozino\u011flu\u2019nun Silivri Cezaevi\u2019nde el yaz\u0131s\u0131yla haz\u0131rlad\u0131\u011f\u0131 40 sayfal\u0131k savunmas\u0131na savc\u0131n\u0131n el koydu\u011fu \u00f6\u011frenildi. Cezaevi kaynaklar\u0131ndan edinilen bilgiye g\u00f6re, Kozino\u011flu, mahkemeye sunmak \u00fczere \u00e7ok etkili bir savunma haz\u0131rlad\u0131. Savc\u0131, Kozino\u011flu\u2019nun 40 sayfal\u0131k savunmas\u0131na ko\u011fu\u015funa giderek el koydu. \u015eimdi yaz\u0131 dizisine ba\u015flad\u0131\u011f\u0131m\u0131z bu mektup daha da \u00f6nem kazand\u0131.<\/p>\n<p style=\"text-align: justify;\"><strong>\u00a0\u2018Para kayna\u011f\u0131 ABD\u2019\u00a0<\/strong><\/p>\n<p style=\"text-align: justify;\">D\u00fcn yay\u0131mlad\u0131\u011f\u0131m\u0131z b\u00f6l\u00fcmde Kozino\u011flu, yurt d\u0131\u015f\u0131nda \u00f6zellikle de T\u00fcrk Cumhuriyetlerindeki Fethullah G\u00fclen\u2019e ba\u011fl\u0131 okullar\u0131n ABD ve CIA ile ba\u011flant\u0131lar\u0131n\u0131 anlat\u0131yordu. \u201cG\u00fclen okullar\u0131n\u0131n m\u00fcd\u00fcrleri CIA\u2019ya bulunduklar\u0131 \u00fclkelere ili\u015fkin rapor veriyor\u201d diyen Kozino\u011flu, s\u00f6z konusu okullar\u0131n para kayna\u011f\u0131n\u0131 da s\u00f6yle ifade etmi\u015fti: \u201cAn\u0131lan okullar\u0131n faaliyet g\u00f6stermesi i\u00e7in \u00e7ok b\u00fcy\u00fck mebla\u011flarda para gerekmektedir. Gereken para T\u00fcrkiye\u2019deki baz\u0131 i\u015fverenlerin ba\u011f\u0131\u015flar\u0131ndan elde edilen paran\u0131n \u00e7ok \u00fczerindedir. Bu paralar\u0131 ABD vermektedir.\u201d<\/p>\n<p style=\"text-align: justify;\">Uzun y\u0131llar M\u0130T Asya \u00dclkeleri Daire Ba\u015fkanvekilli\u011fi g\u00f6revini yapan Kozino\u011flu, mektubunun bug\u00fcn yay\u0131mlayaca\u011f\u0131m\u0131z b\u00f6l\u00fcm\u00fcnde ise Fethullah G\u00fclen cemaatinin T\u00fcrk Cumhuriyetlerinde b\u00fcrokrasi ve b\u00fcy\u00fckel\u00e7iliklerde nas\u0131l \u00f6rg\u00fctlendi\u011fini, s\u00f6z konusu \u00fclkelerin G\u00fclen cemaatine kar\u015f\u0131 nas\u0131l m\u00fccadelede verdi\u011fini anlat\u0131yor. \u0130\u015fte Kozino\u011flu\u2019nun anlat\u0131m\u0131yla Orta Asya T\u00fcrk Cumhuriyetlerindeki cemaat \u00f6rg\u00fctlenmesinin \u015fifreleri&#8230;<\/p>\n<p style=\"text-align: justify;\"><strong>\u2018B\u00fcy\u00fckel\u00e7ilikler, THY ve T\u0130KA cemaat ofisi gibi\u2019\u00a0<\/strong><\/p>\n<p style=\"text-align: justify;\">Ka\u015fif Kozino\u011flu, T\u00fcrk Cumhuriyetlerinde b\u00fcy\u00fckel\u00e7ilikler, THY ve T\u00fcrk \u0130\u015fbirli\u011fi ve Kalk\u0131nma Ajans\u0131\u2019n\u0131n (T\u0130KA) G\u00fclen cemaatinin ofisleri gibi kullan\u0131ld\u0131\u011f\u0131n\u0131 anlat\u0131yor<\/p>\n<p style=\"text-align: justify;\">\u201cK\u0131rg\u0131zistan\u2019da uzun y\u0131llard\u0131r ve halen t\u00fcm okullar\u0131n ba\u015f\u0131nda olan \u015fah\u0131s Orhan \u0130nand\u0131, asl\u0131nda Fethullah G\u00fclen\u2019in \u2018Asya \u0130mam\u0131\u2019d\u0131r. K\u0131rg\u0131z Devleti ile irtibatl\u0131 olan esasen odur. B\u00fcy\u00fckel\u00e7iden hi\u00e7bir fark\u0131 yoktur. TC Devleti de bu \u015fah\u0131s \u00fczerinden K\u0131rg\u0131z y\u00f6netimi ile irtibat kurmaktad\u0131r. An\u0131lan \u015fah\u0131s K\u0131rg\u0131zistan\u2019da, F. G\u00fclen cemaatinin bilgisi d\u0131\u015f\u0131nda gizli bir \u015fahsi servet de edinmi\u015ftir. Haremi vard\u0131r. L\u00fcks i\u00e7inde ya\u015famaktad\u0131r. K\u0131rg\u0131zistan servisi taraf\u0131ndan angaje edilmi\u015ftir. K\u0131rg\u0131z gizli servisi her ad\u0131m\u0131n\u0131 bilmektedir. An\u0131lan K\u0131rg\u0131z servisine de F. G\u00fclen cemaatini anlatmaktad\u0131r. K\u0131rg\u0131zlar, F. G\u00fclen\u2019in okullar\u0131na muhta\u00e7 olduklar\u0131 i\u00e7in \u015fu an itibar\u0131yla kapatamamaktad\u0131rlar. Orhan \u0130nand\u0131\u2019dan elde ettikleri t\u00fcm bilgileri, Rus ve \u00c7in servisine aktarmaktad\u0131rlar. Asl\u0131nda Rusya ve T\u00fcrkmenistan\u2019daki okullar, Orhan \u0130nand\u0131\u2019n\u0131n verdi\u011fi bilgiler sonras\u0131 kapat\u0131lm\u0131\u015ft\u0131r.<\/p>\n<p style=\"text-align: justify;\"><strong>\u2018T\u00fcrkiye parsel parsel sat\u0131l\u0131yor\u2019\u00a0<\/strong><\/p>\n<p style=\"text-align: justify;\">Ayr\u0131ca K\u0131rg\u0131zistan, Kazakistan, T\u00fcrkmenistan, Azerbaycan, Afganistan, Tacikistan\u2019daki T\u00fcrk \u0130\u015fbirli\u011fi ve Kalk\u0131nma Ajans\u0131 (T\u0130KA), T\u00fcrk Hava Yollar\u0131 (THY), b\u00fcy\u00fckel\u00e7iliklerdeki e\u011fitim, ticari, ekonomik, din ve k\u00fclt\u00fcr m\u00fc\u015favirliklerinin tamam\u0131 F. G\u00fclen\u2019ciler taraf\u0131ndan kapat\u0131lm\u0131\u015ft\u0131r. S\u00f6z konusu \u00fclkelerde F. G\u00fclen\u2019ci olmadan i\u015f yapmak, ticaret vb. hi\u00e7bir faaliyet yapt\u0131r\u0131lmamaktad\u0131r. T\u0130KA-b\u00fcy\u00fckel\u00e7ilik-THY\u2019nin a\u00e7\u0131k oldu\u011fu (faaliyet y\u00fcr\u00fctt\u00fc\u011f\u00fc) yerlerde okullar ve i\u015fadamlar\u0131 bir ekip \u015feklinde \u00e7al\u0131\u015fmaktad\u0131r. T\u00fcm bu s\u00f6yledi\u011fim gruplar, bu \u00fclkelerde bar\u0131nabilmek, \u00fclkeden at\u0131lmamak i\u00e7in an\u0131lan \u00fclkelerin gizli servislerine ayn\u0131 zamanda verdikleri bilgilerle, T\u00fcrkiye\u2019yi de parsel parsel satmaktad\u0131rlar.<\/p>\n<p style=\"text-align: justify;\"><strong>\u2018ABD okullar kapanmas\u0131n diye u\u011fra\u015f\u0131yor\u2019\u00a0<\/strong><\/p>\n<p style=\"text-align: justify;\">T\u00fcrkmen Ba\u015f\u0131\u2019n\u0131n \u00f6l\u00fcm\u00fc sonras\u0131 T\u00fcrkmenistan Cumhurba\u015fkan\u0131 olan Berdimuhammedov, \u00f6ncelikle bakan yard\u0131mc\u0131l\u0131\u011f\u0131na kadar y\u00fckselen, T\u00fcrkmenistan sayesinde \u00e7ok b\u00fcy\u00fck paralar kazanan Ahmet \u00c7al\u0131k\u2019\u0131 bitirmi\u015f, g\u00fcc\u00fcn\u00fc elinden alm\u0131\u015f ve son olarak da F. G\u00fclen\u2019in okullar\u0131n\u0131 kapatarak asl\u0131nda \u00e7ok b\u00fcy\u00fck bir maddi damar\u0131 da kesmi\u015ftir. \u0130\u015fte Rusya Federasyonu\u2019ndan sonra T\u00fcrkmenistan\u2019da da okullar\u0131n kapat\u0131lmas\u0131 F. G\u00fclen grubunu \u00e7\u0131ld\u0131rtm\u0131\u015ft\u0131r. \u015eimdi kesinlikle s\u0131ra Azerbaycan ile Kazakistan\u2019a gelecektir. Bu kapatma olay\u0131 fakir olmalar\u0131 nedeniyle en son Afganistan vb. b\u00f6lge \u00fclkelerinde olur. \u00d6zbekistan\u2019dan sonra T\u00fcrkmenistan\u2019da da bu okullar kapanmas\u0131n diye, ABD\u2019nin \u00e7ok u\u011fra\u015f\u0131s\u0131 olmu\u015ftur. Ancak RF (Rusya Federasyonu), \u00d6zbekistan ve T\u00fcrkmenistan, an\u0131lan okullar\u0131 \u00fclke g\u00fcvenlikleri ve Nurculuk faaliyeti yapmalar\u0131 dolay\u0131s\u0131yla kapatmaktad\u0131r.<\/p>\n<p style=\"text-align: justify;\"><strong>\u2018Nurculukla m\u00fccadele departman\u0131\u2019\u00a0<\/strong><\/p>\n<p style=\"text-align: justify;\">Asya\u2019da en yo\u011fun K\u0131rg\u0131zistan\u2019da yerle\u015fik durumdad\u0131rlar. \u00d6zbekistan, F. G\u00fclen faaliyetlerine hi\u00e7bir \u015fekilde m\u00fcsade etmemekte. Yakalad\u0131\u011f\u0131nda \u00fclkeye iade etmiyor, yarg\u0131lay\u0131p hapse att\u0131r\u0131yor. Ancak \u00d6zbekistan, her y\u00f6n\u00fcyle b\u00f6lgenin en \u00f6nemli stratejik \u00fclkesi olmas\u0131 ba\u011flam\u0131nda her yolu deneyerek bu \u00fclkeye girmeye \u00e7al\u0131\u015fmaktad\u0131r. \u00d6zbekler de bunlar\u0131 k\u0131sa s\u00fcrede yakalamaktad\u0131r. \u00d6zbek \u0130\u00e7i\u015fleri Bakanl\u0131\u011f\u0131\u2019nda Nurculukla m\u00fccadele departman\u0131 kurulmu\u015ftur (1994). Ayn\u0131 y\u0131l \u00d6zbekler T\u00fcrkiye\u2019de \u00e7e\u015fitli okullarda okuyan t\u00fcm talebelerini geri \u00e7ekmi\u015f ve \u00d6zbekistan\u2019daki okullar\u0131n\u0131 kapatm\u0131\u015ft\u0131r. \u00d6zbekistan\u2019daki b\u00fcy\u00fckel\u00e7ilikte din m\u00fc\u015faviri yoktur.<\/p>\n<p style=\"text-align: justify;\"><strong>\u2018Salih, Ba\u015fbakanl\u0131k taraf\u0131ndan korunuyor\u2019\u00a0<\/strong><\/p>\n<p style=\"text-align: justify;\">D\u0131\u015fi\u015fleri Bakanl\u0131\u011f\u0131 mensuplar\u0131, her \u015feyi t\u00fcm \u00e7\u0131plakl\u0131\u011f\u0131yla bilmelerine ra\u011fmen korkudan bu konuda merkezlerine kripto \u00e7ekememektedir. \u00d6zbekistan lideri \u0130slam Kerimov\u2019un muhalifi Muhammed Salih, ABD ve F. G\u00fclen organizesi ile T\u00fcrk topraklar\u0131nda bar\u0131nd\u0131r\u0131lmakta, ba\u015fbakanl\u0131k taraf\u0131ndan korunmaktad\u0131r. Muhammed Salih\u2019in k\u0131z\u0131 ile Emine Erdo\u011fan\u2019\u0131n \u00e7ok yak\u0131n bir arkada\u015f\u0131 evlenmi\u015ftir. M. Salih, ABD\u2019nin ter\u00f6r \u00f6rg\u00fctleri listesinde yer alan \u00d6zbekistan\u2019a muhalif \u0130slami Hareket adl\u0131 ter\u00f6r \u00f6rg\u00fct\u00fc ile direkt olarak irtibatl\u0131d\u0131r ve \u00f6rg\u00fcte para yard\u0131m\u0131 yapmaktad\u0131r.\u201d<\/p>\n<p style=\"text-align: justify;\"><span style=\"color: #993300; font-size: medium;\"><strong>Kozino\u011flu\u2019yla Birlikte G\u00f6m\u00fclmeyen S\u0131rlar-3<\/strong><\/span><\/p>\n<p style=\"text-align: center;\"><a href=\"http:\/\/www.korhanyilmaz.com\/wp-content\/uploads\/2011\/11\/7149.jpg\"  class=\"lightview\"><img loading=\"lazy\" decoding=\"async\" class=\"aligncenter  wp-image-42755\" src=\"http:\/\/www.korhanyilmaz.com\/wp-content\/uploads\/2011\/11\/7149.jpg\" alt=\"\" width=\"400\" height=\"361\" \/><\/a><\/p>\n<p style=\"text-align: justify;\">M\u0130T\u2019\u00e7i Ka\u015fif Kozino\u011flu\u2019nun Silivri Cezaevi\u2019nde s\u0131r \u00f6l\u00fcm\u00fc nas\u0131l ayd\u0131nlan\u0131r bilemeyiz. Ancak Kozino\u011flu\u2019nun Ayd\u0131nl\u0131k\u2019a mektubu \u00e7ok \u00f6nemli konular\u0131 ayd\u0131nlatacak. 3 g\u00fcnd\u00fcr yay\u0131mlad\u0131\u011f\u0131m\u0131z Kozino\u011flu\u2019nun mektubundan b\u00f6l\u00fcmleri, bu konuda iz s\u00fcrmek isteyenlerin dikkatine sunuyoruz. Son y\u0131llarda M\u0130T\u2019te ya\u015fanan tasfiye ve d\u00f6n\u00fc\u015f\u00fcm, Ayd\u0131nl\u0131k okurlar\u0131n\u0131n yabanc\u0131 oldu\u011fu bir konu de\u011fil. Ancak y\u0131llard\u0131r M\u0130T\u2019in ci\u011ferinde yer alm\u0131\u015f, M\u0130T Orta Asya \u00dclkeleri Daire Ba\u015fkanvekili Kozino\u011flu\u2019nun anlat\u0131mlar\u0131, M\u0130T\u2019in foto\u011fraf\u0131n\u0131 daha da berrakla\u015ft\u0131r\u0131yor. \u0130\u015fte Kozino\u011flu\u2019nun el yaz\u0131s\u0131yla M\u0130T\u2019te son durum ve Hakan Fidan&#8230;<\/p>\n<p style=\"text-align: justify;\"><strong>M\u0130T\u2019\u00e7i Kozino\u011flu anlat\u0131yor: Tayin ve terfileri G\u00fclen cemaati yap\u0131yor\u00a0<\/strong><\/p>\n<p style=\"text-align: justify;\"><strong>\u2018Emniyet\u2019ten sonra s\u0131ra M\u0130T\u2019te\u2019\u00a0<\/strong><\/p>\n<p style=\"text-align: justify;\">\u201cHakan Fidan\u2019\u0131n M\u0130T\u2019e geli\u015fi ile s\u00f6z konusu okullarda (Fethullah G\u00fclen okullar\u0131nda) \u00e7al\u0131\u015fan \u00f6\u011fretmenlerden bir\u00e7ok isim M\u0130T\u2019e davet edilmi\u015f ve M\u0130T\u2019te g\u00f6reve ba\u015flam\u0131\u015ft\u0131r. Emniyet Genel M\u00fcd\u00fcrl\u00fc\u011f\u00fc gibi M\u0130T de F. G\u00fclen cemaatine mensup ki\u015filerce ele ge\u00e7irilmek \u00fczeredir.<\/p>\n<p style=\"text-align: justify;\"><strong>\u2018Gerekti\u011finde i\u00e7ki de i\u00e7erler\u2019\u00a0<\/strong><\/p>\n<p style=\"text-align: justify;\">F. G\u00fclen okullar\u0131nda g\u00f6rev yapan personel, gerekirse e\u015finin ba\u015f\u0131n\u0131 a\u00e7ar. \u00c7ok az maa\u015f ald\u0131klar\u0131n\u0131 ifade ederler. L\u00fcks i\u00e7inde ya\u015farlar. Gerekti\u011finde i\u00e7ki de i\u00e7erler. F. G\u00fclen\u2019in okullar\u0131n\u0131 kapatan \u00fclkelerin \u201ckapatma\u201d nedenlerinin metinleri yay\u0131nlan\u0131rsa bu F. G\u00fclen i\u00e7in a\u011f\u0131r bir darbe olur.<\/p>\n<p style=\"text-align: justify;\"><strong>\u2018G\u00fclen tek ba\u015f\u0131na Apo gibi\u2019\u00a0<\/strong><\/p>\n<p style=\"text-align: justify;\">D\u00fcnya genelinde 800\u2019e yak\u0131n F. G\u00fclen okulu vard\u0131r. F. G\u00fclen tek ba\u015f\u0131na Apo gibi! Yani kendisinden sonra bir ikinci \u015fahs\u0131n olmas\u0131na izin vermeyen bir ki\u015filik. F. G\u00fclen neden ABD\u2019ye gitti? Cemil \u00c7i\u00e7ek Adalet Bakan\u0131 iken \u2018T\u00fcrkiye\u2019ye d\u00f6nebilir\u2019 demesine ra\u011fmen neden h\u00e2l\u00e2 T\u00fcrkiye\u2019ye d\u00f6nm\u00fcyor? D\u00f6necek mi? D\u00f6necekse ne zaman d\u00f6necek?<\/p>\n<p style=\"text-align: justify;\"><strong>\u2018ABD, d\u00f6nmesine izin vermiyor\u2019\u00a0<\/strong><\/p>\n<p style=\"text-align: justify;\">F. G\u00fclen, T\u00fcrkiye\u2019ye d\u00f6nmeye korkuyor. Ayr\u0131ca ABD d\u00f6nmesine izin vermiyor. ABD ne zaman verirse izni, o zaman d\u00f6ner. Nurettin Veren bulunup konu\u015fturulmal\u0131. Bu konu \u00e7ok \u00f6nemlidir! O adam \u00e7ok \u015feyi belgeli anlatacakt\u0131r.<\/p>\n<p style=\"text-align: justify;\"><strong>\u2018Atat\u00fcrk d\u00fc\u015fman\u0131 yeti\u015ftirilir\u2019\u00a0<\/strong><\/p>\n<p style=\"text-align: justify;\">T\u00fcm F. G\u00fclen okullar\u0131nda g\u00f6rev yapan \u00f6\u011fretmenler \u0131\u015f\u0131k evlerinde yeti\u015ftirilmi\u015f gen\u00e7lerdir. Soruldu\u011funda \u2018askerlik g\u00f6revlerini yapt\u0131klar\u0131n\u0131\u2019 s\u00f6ylerler. F. G\u00fclen okullar\u0131n\u0131n talebeleri \u00f6zenle se\u00e7ilir. O \u00fclkedeki b\u00fcrokrat, siyaset\u00e7i ve di\u011fer ileri gelenlerin \u00e7ocuklar\u0131d\u0131r. Ama\u00e7 o nesille, o \u00fclkeyi ileride ele ge\u00e7irmektir. N. Veren\u2019in a\u00e7\u0131klad\u0131\u011f\u0131 milyarlarca dolarl\u0131k mal varl\u0131\u011f\u0131n\u0131n kayna\u011f\u0131 nedir? Bu para bir\u00e7ok \u00fclkenin hazinesinde mevcut de\u011fildir. Okullarda g\u00f6revli \u00f6\u011fretmenler, bulunduklar\u0131 \u00fclkenin \u015fartlar\u0131na ayak uydurur. Her okulda Atat\u00fcrk k\u00f6\u015fesi vard\u0131r. Bu, asl\u0131nda takiyedir. Okullarda talebelere risaleler ezberlettirilir. Atat\u00fcrk d\u00fc\u015fman\u0131 olarak yeti\u015ftirilirler (d\u00fcnyadaki b\u00fct\u00fcn okullarda).<\/p>\n<p style=\"text-align: justify;\"><strong>Fehmi Koru\u2019nun karde\u015fi&#8230;\u00a0<\/strong><\/p>\n<p style=\"text-align: justify;\">D\u0131\u015fi\u015fleri Bakanl\u0131\u011f\u0131 da F. G\u00fclen cemaati taraf\u0131ndan tamamen ele ge\u00e7irilmi\u015ftir. Kurumlar\u0131 ele ge\u00e7irirken \u00f6nce personel departman\u0131\u2019n\u0131 ele ge\u00e7irirler. \u00d6rne\u011fin F. Koru\u2019nun (Fehmi Koru) karde\u015fi Naci Koru, D\u0131\u015fi\u015fleri Bakanl\u0131\u011f\u0131\u2019n\u0131n personel i\u015flerinden sorumlu m\u00fcste\u015far yard\u0131mc\u0131s\u0131d\u0131r. Daha birka\u00e7 y\u0131l \u00f6ncesinde \u015eikago Ba\u015fkonsolosu idi. Bunlar atlaya z\u0131playa ve hi\u00e7bir hiyerar\u015fi dinlemeden gitmektedir. D\u0131\u015fi\u015fleri Bakanl\u0131\u011f\u0131, cemaat\u00e7i olmasa bile F. G\u00fclen\u2019in personelinden korkmaktad\u0131r. Yurt d\u0131\u015f\u0131n\u0131 ziyaret eden t\u00fcm siyaset\u00e7iler F. G\u00fclen okullar\u0131na mutlaka u\u011frarlar. Onlardan hediye ve para zarflar\u0131 al\u0131rlar.<\/p>\n<p style=\"text-align: justify;\">T\u00fcrk \u0130\u015fbirli\u011fi ve Kalk\u0131nma Ajans\u0131 (T\u0130KA), tamamen F. G\u00fclen\u2019in kontrol\u00fcndedir. D\u0131\u015fi\u015fleri Bakanl\u0131\u011f\u0131 baz\u0131 konularda, b\u00fcy\u00fckel\u00e7ilikleri de\u011fil, an\u0131lan okullar\u0131n (G\u00fclen okullar\u0131) m\u00fcd\u00fcrlerini ve o \u00fclkenin T\u0130KA sorumlular\u0131n\u0131 muhatap almaktad\u0131r. Korkmalar\u0131 nedeniyle D\u0131\u015fi\u015fleri mensuplar\u0131 bu duruma seslerini \u00e7\u0131karamamaktad\u0131r. Emniyet Genel M\u00fcd\u00fcrl\u00fc\u011f\u00fc\u2019nde (EGM) oldu\u011fu gibi, D\u0131\u015fi\u015fleri\u2019nde de tayin ve terfileri F. G\u00fclen cemaati yapmaktad\u0131r. Birka\u00e7 ay i\u00e7erisinde M\u0130T\u2019te de yapmaya ba\u015flayacakt\u0131r.\u201d<\/p>\n<p style=\"text-align: justify;\"><a href=\"http:\/\/www.aydinlikgazete.com\/index.php?option=com_content&amp;view=article&amp;id=5461:guelen-okullarinin-mueduerler-ciaya-rapor-veryor&amp;catid=35:joomla&amp;Itemid=95\" target=\"_blank\">Kaynak : Ayd\u0131nl\u0131k Gazetesi<\/a><\/p>\n","protected":false},"excerpt":{"rendered":"<p style=\"text-align: center;\">\n<p style=\"text-align: justify;\">Kozino\u011flu\u2019yla Birlikte G\u00f6m\u00fclmeyen S\u0131rlar &#8211; 1 <\/p>\n<p style=\"text-align: justify;\">T\u00fcrkiye\u2019nin y\u0131llard\u0131r en \u00e7ok merak etti\u011fi ve kamuoyunun \u201cHayalet\u201d lakab\u0131yla tan\u0131d\u0131\u011f\u0131 M\u0130T\u2019\u00e7i Ka\u015fif Kozino\u011flu, ge\u00e7ti\u011fimiz Cumartesi ak\u015fam\u0131 tutuklu oldu\u011fu Silivri Cezaevi\u2019nde hayat\u0131n\u0131 kaybetti.<\/p>\n<p style=\"text-align: justify;\">Kozino\u011flu, yarg\u0131lanaca\u011f\u0131 Odatv davas\u0131nda 22 Kas\u0131m Sal\u0131 g\u00fcn\u00fc ilk duru\u015fmas\u0131na \u00e7\u0131kacakt\u0131. Duru\u015fmas\u0131na 10 g\u00fcn kala, hen\u00fcz <\/p>\n","protected":false},"author":1,"featured_media":0,"comment_status":"open","ping_status":"open","sticky":false,"template":"","format":"standard","meta":{"footnotes":""},"categories":[105],"tags":[473],"class_list":["post-42754","post","type-post","status-publish","format-standard","hentry","category-gundem","tag-kasif-kozinoglu","odd"],"_links":{"self":[{"href":"http:\/\/www.korhanyilmaz.com\/index.php?rest_route=\/wp\/v2\/posts\/42754","targetHints":{"allow":["GET"]}}],"collection":[{"href":"http:\/\/www.korhanyilmaz.com\/index.php?rest_route=\/wp\/v2\/posts"}],"about":[{"href":"http:\/\/www.korhanyilmaz.com\/index.php?rest_route=\/wp\/v2\/types\/post"}],"author":[{"embeddable":true,"href":"http:\/\/www.korhanyilmaz.com\/index.php?rest_route=\/wp\/v2\/users\/1"}],"replies":[{"embeddable":true,"href":"http:\/\/www.korhanyilmaz.com\/index.php?rest_route=%2Fwp%2Fv2%2Fcomments&post=42754"}],"version-history":[{"count":0,"href":"http:\/\/www.korhanyilmaz.com\/index.php?rest_route=\/wp\/v2\/posts\/42754\/revisions"}],"wp:attachment":[{"href":"http:\/\/www.korhanyilmaz.com\/index.php?rest_route=%2Fwp%2Fv2%2Fmedia&parent=42754"}],"wp:term":[{"taxonomy":"category","embeddable":true,"href":"http:\/\/www.korhanyilmaz.com\/index.php?rest_route=%2Fwp%2Fv2%2Fcategories&post=42754"},{"taxonomy":"post_tag","embeddable":true,"href":"http:\/\/www.korhanyilmaz.com\/index.php?rest_route=%2Fwp%2Fv2%2Ftags&post=42754"}],"curies":[{"name":"wp","href":"https:\/\/api.w.org\/{rel}","templated":true}]}}