{"id":4275,"date":"2009-03-01T09:59:22","date_gmt":"2009-03-01T07:59:22","guid":{"rendered":"http:\/\/www.korhanyilmaz.com\/?p=4275"},"modified":"2011-12-24T12:32:48","modified_gmt":"2011-12-24T10:32:48","slug":"menderesle-yattim-kocami-kurtardim","status":"publish","type":"post","link":"http:\/\/www.korhanyilmaz.com\/?p=4275","title":{"rendered":"Menderes&#8217;in a\u015fklar\u0131"},"content":{"rendered":"<p style=\"text-align: justify;\"><strong><strong><img loading=\"lazy\" decoding=\"async\" class=\"alignright size-full wp-image-45137\" style=\"margin-left: 10px; margin-right: 10px;\" src=\"http:\/\/www.korhanyilmaz.com\/wp-content\/uploads\/2009\/03\/8736.jpg\" alt=\"\" width=\"198\" height=\"102\" \/><\/strong><\/strong><\/p>\n<p style=\"text-align: justify;\"><strong>Menderes sevgililerine kocalar\u0131 evdeyken giderdi<\/strong><\/p>\n<p style=\"text-align: justify;\">Gen\u00e7 bir kad\u0131n. Hen\u00fcz 25 ya\u015f\u0131nda. Bir gece, bir davette ba\u015fbakanla tan\u0131\u015f\u0131yor. Daha do\u011frusu ba\u015fbakan onu uzaktan g\u00f6r\u00fcyor, elinden tutuyor ve bah\u00e7eye \u00e7\u0131kar\u0131yor. Sonra saatlerce dola\u015f\u0131yorlar. Film gibi de\u011fil mi? Opera sanat\u00e7\u0131s\u0131 Ayhan Aydan ve Adnan Menderes\u2019in tan\u0131\u015fmalar\u0131 aynen b\u00f6yle cereyan ediyor&#8230; Ancak Ayhan Aydan, bu ili\u015fkiyle ilgili adeta sessizlik yemini etmi\u015fti. Birka\u00e7 istisna d\u0131\u015f\u0131nda kimseyle konu\u015fmam\u0131\u015ft\u0131. Bunlardan biri eski bakan, yazar Y\u0131lmaz Karakoyunlu\u2019ydu. \u201cHat\u0131rla Sevgili\u201d dizisinin dan\u0131\u015fmanl\u0131\u011f\u0131n\u0131 da yapan Karakoyunlu, uzun u\u011fra\u015flar\u0131 sonucunda Ayhan Aydan\u2019la bir dizi g\u00f6r\u00fc\u015fmede bulunmu\u015f ve edindi\u011fi bilgilerle \u201cYorgun May\u0131s K\u0131sraklar\u0131\u201d roman\u0131n\u0131 yazm\u0131\u015ft\u0131. B\u00f6ylece biz de kendisiyle ge\u00e7en hafta sonsuz bir suskunlu\u011fa g\u00f6m\u00fclen Ayhan Aydan\u2019\u0131 yani Cumhuriyet tarihinin en gizemli kad\u0131nlar\u0131ndan birini konu\u015fabilme f\u0131rsat\u0131 bulduk.\u00a0<!--more--><\/p>\n<p style=\"text-align: justify;\"><strong>\u00c7ok zeki, asil ve aran\u0131lan bir kad\u0131nd\u0131<\/strong><\/p>\n<p style=\"text-align: justify;\">Cumhuriyet tarihinin en gizemli kad\u0131nlar\u0131ndan biriydi Ayhan Han\u0131m. Siz onunla tan\u0131\u015ft\u0131n\u0131z. Nas\u0131l biriydi?<\/p>\n<p style=\"text-align: justify;\">\u00c7ok zekiydi. Sordu\u011fum bir sorunun yan\u0131t\u0131n\u0131n ba\u015fka hangi soruya varaca\u011f\u0131n\u0131 tahmin eder, onu da kapsayarak konu\u015furdu. M\u00fcthi\u015f bir g\u00f6zlem yetene\u011fi vard\u0131. Hi\u00e7bir zaman g\u00f6z\u00fc ya\u015fl\u0131 olmad\u0131. Ya\u015fad\u0131klar\u0131n\u0131 anlat\u0131rken kendinden ge\u00e7medi. Vakur ve gururluydu. Ama en \u00f6nemlisi olaylar\u0131 anlat\u0131rken, olaylar\u0131n i\u00e7inde oturup \u00e7eperindekileri kendi etraf\u0131nda d\u00f6nd\u00fcrecek bir kabiliyete sahipti. B\u00f6yle bir kad\u0131ndan bir erkek \u00e7ok ho\u015flan\u0131r. \u00c7ok da g\u00fczel bir kad\u0131nd\u0131. Tav\u0131rlar\u0131ndan da anl\u0131yorsunuz ki her \u015feyiyle g\u00fczel bir kad\u0131nd\u0131. Ayr\u0131ca kar\u015f\u0131 taraf\u0131 k\u00f6t\u00fcye kullanmayan&#8230; Ama darbe yemi\u015f bir kad\u0131nd\u0131 da. Bu darbe Adnan Bey\u2019in di\u011fer kad\u0131nla (Suzan S\u00f6zen) s\u00fcrd\u00fcrd\u00fc\u011f\u00fc ili\u015fkiydi&#8230;<\/p>\n<p style=\"text-align: justify;\">Neden?<\/p>\n<p style=\"text-align: justify;\">Adnan Bey, onunla tan\u0131\u015fmadan \u00f6nce de \u00e7apk\u0131nd\u0131. Hatta 1946\u2019da d\u00f6nemin derin devleti, Adnan Bey hen\u00fcz ba\u015fvekil de\u011filken, \u00e7ok iyi bir hatip, \u00e7ok iyi muhalefet yap\u0131yor diye \u201cNedir bu adam\u0131n hayat\u0131, ara\u015ft\u0131r\u0131n\u201d demi\u015f ve sevgilisi Mukaddes Han\u0131m\u2019la hangi saatte ne yap\u0131yor \u00f6\u011frenilmi\u015fti. Bunlar devlet zab\u0131tlar\u0131nda vard\u0131r.<\/p>\n<p style=\"text-align: justify;\">Ayhan Han\u0131m, Menderes\u2019in di\u011fer ili\u015fkilerini nas\u0131l kar\u015f\u0131l\u0131yor?<\/p>\n<p style=\"text-align: justify;\">\u00c7evresindekiler Adnan Bey\u2019in ili\u015fkilerinden onu haberdar ediyor. Ama Ayhan Han\u0131m, Adnan Bey\u2019i onu o kadar seviyor ki, \u201cYeter ki senden bir \u00e7ocu\u011fum olsun\u201d diyor. Yani \u201cE\u015fini bo\u015fa, beni al\u201d gibi bir talebi yok. \u015eunu da unutmamak gerek; T\u00fcrkiye\u2019de ba\u015fbakan sevmeye haz\u0131r, on binlerce de\u011fil y\u00fcz binlerce kad\u0131n bulursunuz. T\u00fcrk kad\u0131n\u0131 otoriteyi sever. 1950 ko\u015fullar\u0131nda bir ba\u015fbakan\u0131 sevmek ise fevkalade \u00f6nemli bir hususiyet. Ayhan Han\u0131m bunun da fark\u0131ndayd\u0131. Ama bu hi\u00e7bir zaman Adnan Bey\u2019den bir \u015fey talep etmek tarz\u0131nda olmad\u0131. Yani \u201cAhmet\u2019i oradan al, buraya koy gibi.\u201d<\/p>\n<p style=\"text-align: justify;\">Her ne kadar Ayhan Han\u0131m a\u015f\u0131k olsa da bu \u00e7ok zor bir ili\u015fki. Onu bu ili\u015fkide tutan ne?<\/p>\n<p style=\"text-align: justify;\">Ayhan Han\u0131m, o s\u0131rada 25-26 ya\u015f\u0131nda. Adnan Bey ellilerinde&#8230; Onun yan\u0131nda ya\u015fad\u0131\u011f\u0131 mutlulu\u011fu \u00e7ok iyi tarif edip Ayhan Han\u0131m\u2019a hissettiriyor. Mesela Ayhan Han\u0131m \u201cK\u00fcpem kayboldu\u201d diye anlatm\u0131\u015ft\u0131; oturup saatlerce ar\u0131yorlar. Dikmen\u2019deki gazino kapat\u0131l\u0131yor, korumalar falan hep birlikte arabalar\u0131n farlar\u0131n\u0131 yak\u0131p, k\u00fcpenin ta\u015f\u0131n\u0131 ar\u0131yorlar. Ayhan Han\u0131m \u201cBenimle beraber g\u00f6zlerime baka baka arad\u0131\u201d\u00a0demi\u015fti.<\/p>\n<p style=\"text-align: justify;\"><strong>A\u015f\u0131r\u0131 k\u0131skan\u00e7t\u0131, \u015fof\u00f6rs\u00fcz soka\u011fa \u00e7\u0131karmazd\u0131\u00a0<\/strong><\/p>\n<p style=\"text-align: justify;\">Tan\u0131\u015fmalar\u0131 da film gibi&#8230;<\/p>\n<p style=\"text-align: justify;\">\u00d6yle. Ziraat Bankas\u0131 Umum M\u00fcd\u00fcr\u00fc Mithat D\u00fclge\u2019nin d\u00fczenledi\u011fi davette tan\u0131\u015f\u0131yorlar. Kendisinin ifadesiyle, 1950 senesinin Ekim ya da Kas\u0131m\u2019\u0131. Adnan Bey, kalabal\u0131\u011f\u0131n i\u00e7inden Ayhan Han\u0131m\u2019\u0131 g\u00f6r\u00fcyor.<\/p>\n<p style=\"text-align: justify;\">Yan\u0131nda da Sakarya milletvekili R\u0131fat Kad\u0131zade var. \u201cKim bu?\u201d diyor. O da \u201cMithat Bey\u2019in ye\u011feni\u201d deyince hi\u00e7bir \u015fey demeden Ayhan Han\u0131m\u2019a do\u011fru y\u00fcr\u00fcyor. Tan\u0131\u015f\u0131yor, sonra da \u201cAaa, burada duman \u00e7ok oldu\u201d deyip elinden tutup bah\u00e7eye \u00e7\u0131kar\u0131yor. Gece boyunca dola\u015f\u0131yorlar. Adnan Bey hi\u00e7 elini b\u0131rakm\u0131yor.<\/p>\n<p style=\"text-align: justify;\">Hollywood \u00e7ekse \u201cAmma abartm\u0131\u015flar\u201d deriz. Ba\u015fbakan gelecek, gen\u00e7 kad\u0131n\u0131 kalabal\u0131kta g\u00f6recek, elinden tutacak, herkesin ortas\u0131nda bah\u00e7eye \u00e7\u0131k\u0131p, liseliler gibi dola\u015facaklar&#8230;<\/p>\n<p style=\"text-align: justify;\">Ger\u00e7ekten \u00f6yle yazsan\u0131z kimseyi inand\u0131ramazs\u0131n\u0131z. Ama ger\u00e7ek bu! O gece seni arayaca\u011f\u0131m diyor ve aramaya ba\u015fl\u0131yor. K\u0131sa bir s\u00fcre sonra da ona gri renk bir otomobil hediye ediyor. \u015eof\u00f6r\u00fcyle&#8230; \u201cBundan sonra her yere bununla gideceksin\u201d diyor. \u00c7\u00fcnk\u00fc Ayhan Han\u0131m\u2019\u0131n sokak ortas\u0131nda y\u00fcr\u00fcmesine m\u00fcsaade edecek biri de\u011fil, a\u015fikar bir k\u0131skan\u00e7l\u0131k de\u011fil bu, ama potansiyel olarak m\u00fcthi\u015f bir k\u0131skan\u00e7l\u0131k. Ben bu arabay\u0131 bir latife yaparak y\u00fcz g\u00f6r\u00fcml\u00fc\u011f\u00fcne benzetirim.<\/p>\n<p style=\"text-align: justify;\"><strong>E\u015fi Ferit \u00f6nemli bir m\u00fczisyendi!\u00a0<\/strong><\/p>\n<p style=\"text-align: justify;\">Ama bu arada sadece Adnan Menderes de\u011fil Ayhan Han\u0131m da evli. \u00dcnl\u00fc bir m\u00fczisyen olan (T\u00fcrk Be\u015flileri\u2019nden) Hasan Ferit Alnar\u2019la&#8230;<\/p>\n<p style=\"text-align: justify;\">Evet. Ayhan Han\u0131m\u2019\u0131n annesinin evinde g\u00f6r\u00fc\u015f\u00fcyorlar, ili\u015fkilerini orada ya\u015f\u0131yorlar. Yani annesi evde oluyor. Bir-iki \u00fc\u00e7 birliktelikten sonra Ayhan Han\u0131m bunun bir ba\u015fkas\u0131yla evliyken cereyan etmesini hazmedemiyor. Durumu Adnan Bey\u2019e a\u00e7\u0131yor \u201cBo\u015fanma talep edece\u011fim\u201d diyor. Adnan Bey de \u201cSen beceremezsin, ben konu\u015furum\u201d diyor ve onu kocas\u0131ndan istiyor. \u201cBo\u015fa ben alaca\u011f\u0131m\u201d diyor.<\/p>\n<p style=\"text-align: justify;\">Ferit Bey de \u00e7ok \u00f6nemli, de\u011ferli biri. \u00c7ok zor bir durumda kalm\u0131\u015f&#8230;<\/p>\n<p style=\"text-align: justify;\">Ferit Bey b\u00fcy\u00fck adamd\u0131r. Ama d\u00fcnyan\u0131n da en talihsiz adam\u0131d\u0131r. T\u00fcrk Be\u015flileri dediklerimizin hepsi devlet sanat\u00e7\u0131s\u0131 ilan edilmi\u015ftir; Ahmed Adnan Saygun, Cemal Re\u015fit Rey, Ulvi Cemal Erkin, Necil Kaz\u0131m Akses&#8230; Hepsi! Hasan Ferit Anlar hari\u00e7! Halbuki onun mesleki tecr\u00fcbesi di\u011ferlerinden \u00e7ok daha y\u00fcksekti. \u00dcstelik alaturka e\u011fitim g\u00f6rm\u00fc\u015f bir adamd\u0131, Viyana\u2019ya g\u00f6nderilmi\u015fti. Kanun virt\u00fc\u00f6z\u00fcyd\u00fc.<\/p>\n<p style=\"text-align: justify;\"><strong>Ferit Bey\u2019den olan \u00e7ocu\u011fu da \u00f6ld\u00fc\u00a0<\/strong><\/p>\n<p style=\"text-align: justify;\">Ama Ayhan Han\u0131m\u2019la evli olmak gibi bir kadersizli\u011fi vard\u0131&#8230;<\/p>\n<p style=\"text-align: justify;\">Evet ve Ayhan Han\u0131m\u2019\u0131n ondan \u00e7ocu\u011fu vard\u0131. 15-16 ya\u015f\u0131ndayken Londra\u2019da bir trafik kazas\u0131nda \u00f6ld\u00fc. Adnan Bey\u2019in son y\u0131llar\u0131na denk gelir \u00f6l\u00fcm\u00fc. \u0130li\u015fkiye ba\u015flad\u0131klar\u0131nda \u00e7ocuk da 6 ya\u015f\u0131ndad\u0131r.<\/p>\n<p style=\"text-align: justify;\">Ayhan Han\u0131m\u2019\u0131n \u00e7ocu\u011funun olmas\u0131 ili\u015fkilerini nas\u0131l etkiliyor?<\/p>\n<p style=\"text-align: justify;\">Adnan Bey\u2019in bulundu\u011fu yerde \u00e7ocuk g\u00f6r\u00fcnm\u00fcyor. Ayhan Han\u0131m\u2019\u0131n annesi \u00e7ok dirayetli bir kad\u0131n&#8230; Do\u011fmas\u0131 muhtemel b\u00fct\u00fcn s\u0131k\u0131nt\u0131lar\u0131 \u00f6nceden fark ederek \u00f6nlem al\u0131yor. Ayhan Han\u0131m Adnan Bey\u2019i \u00e7ok sevdi\u011fi i\u00e7in ondan da \u00e7ocuk istiyor. Adnan Bey bunu uzun s\u00fcre reddediyor. Ama Ayhan Han\u0131m hamile kal\u0131nca, biraz da ge\u00e7 s\u00f6yler, \u201cDo\u011fur\u201d diyor.<\/p>\n<p style=\"text-align: justify;\"><strong>Bebekleri erken do\u011fdu&#8230;<\/strong><\/p>\n<p style=\"text-align: justify;\">Do\u011fan bu \u00e7ocuk Bebek davas\u0131na konu oluyor?<\/p>\n<p style=\"text-align: justify;\">Ayhan Han\u0131m\u2019\u0131n kendisinden dinledim. \u201c\u00c7ocu\u011fun kolunu k\u0131rd\u0131lar\u201d iddias\u0131n\u0131 sordum. \u201cDoktorlar\u0131n yapabilece\u011fi bir \u015fey yoktu. Hastanede olmas\u0131 gereken bir do\u011fumdu, ben evde do\u011furmu\u015ftum\u201d dedi. Erken do\u011fum \u00e7\u00fcnk\u00fc.<\/p>\n<p style=\"text-align: justify;\">Hastaneye niye gitmiyor?<\/p>\n<p style=\"text-align: justify;\">Hadisenin duyulaca\u011f\u0131n\u0131, Adnan Bey\u2019in zedelenece\u011fini d\u00fc\u015f\u00fcnd\u00fc\u011f\u00fc i\u00e7in. Olay Adnan Bey\u2019e intikal edince o da Dr. Alaattin Bey\u2019in yan\u0131 s\u0131ra en yak\u0131n arkada\u015flar\u0131ndan M\u00fckerrem Sarol\u2019u da (o da jinekolog) haberdar ediyor. Zeynep Kamil Hastanesi\u2019nin Ba\u015fhekimi Fahri Atabey\u2019i de. Gittiklerinde \u00e7ocu\u011fun ya\u015fama \u015fans\u0131 olmad\u0131\u011f\u0131n\u0131 g\u00f6r\u00fcyorlar. Kuv\u00f6z olsayd\u0131 bile. \u00c7ocuk yedi-sekiz saat ya\u015f\u0131yor. \u00d6l\u00fcnce kayda ge\u00e7irmeden Cebeci Mezarl\u0131\u011f\u0131\u2019na g\u00f6m\u00fcyorlar, mezar\u0131n kayd\u0131n\u0131 da san\u0131r\u0131m Ayhan Han\u0131m\u2019\u0131n ismiyle yaz\u0131yorlar.<\/p>\n<p style=\"text-align: justify;\">Ayhan Aydan\u2019\u0131 bu kadar \u00f6zel k\u0131lan ne? Yani hakk\u0131nda roman yazman\u0131z\u0131n, bizim bu r\u00f6portaj\u0131 yapmam\u0131z\u0131n nedeni?<\/p>\n<p style=\"text-align: justify;\">\u0130li\u015fki i\u00e7indeki duru\u015fu ama en \u00f6nemlisi Yass\u0131ada duru\u015fmalar\u0131ndaki tavr\u0131. O davaya Ayhan Han\u0131m\u2019\u0131 Adnan Bey\u2019i a\u015fa\u011f\u0131lamak i\u00e7in \u00e7a\u011f\u0131rd\u0131lar; \u201cBu adam seni zorluyor muydu?\u201d diye soruyorlard\u0131. Ama o, \u201cBen bu adam\u0131 sevdim\u201d demi\u015fti. Bu yi\u011fit bir ifadedir. \u0130htilal mahkemelerini karanl\u0131\u011fa g\u00f6mecek bir nur idrakinin cesur ve fedak\u00e2r iradesi. Deseydi ki \u201cGen\u00e7tim, g\u00fczeldim, ba\u015fbakand\u0131, beni kand\u0131rd\u0131\u201d deseydi, orada biterdi Ayhan Han\u0131m. Bir daha laf\u0131 bile olmazd\u0131. Ne siz burada olurdunuz, ne de ben bunlar\u0131 anlat\u0131rd\u0131m.<\/p>\n<p style=\"text-align: justify;\"><strong>Ayaklar\u0131n\u0131 y\u0131kard\u0131&#8230;\u00a0<\/strong><\/p>\n<p style=\"text-align: justify;\">Adnan Bey, \u00e7ok da k\u0131skan\u00e7m\u0131\u015f&#8230;<\/p>\n<p style=\"text-align: justify;\">Hem de nas\u0131l. Han\u0131mefendinin anlatt\u0131klar\u0131n\u0131 kendimde mahfuz tutarak, romanda hafif\u00e7e hissettirdim. Ama neredeyse \u015fiddet g\u00f6sterecek kadar.<\/p>\n<p style=\"text-align: justify;\">Ailesini kaybetmi\u015f bir hukuk fak\u00fcltesi \u00f6\u011frencisinin Ayhan Han\u0131m\u2019dan yard\u0131m istemesi \u00fczerine Adnan Bey\u2019in \u201cKimdi o\u201d diye ba\u015flayan \u015fiddetini mi kastediyorsunuz?<\/p>\n<p style=\"text-align: justify;\">Evet. Kad\u0131n\u0131 \u201cSen nereye gidiyorsun\u201d deyip \u00e7ekti\u011finde elbisesi elinde kal\u0131yor, y\u0131rt\u0131l\u0131yor, neredeyse \u00e7\u0131r\u0131l\u00e7\u0131plak kal\u0131yor. Operadan istifa etmesini istiyor. \u00d6n\u00fcne istifas\u0131n\u0131 haz\u0131rlay\u0131p koyuyor.<\/p>\n<p style=\"text-align: justify;\">Yani evinin kad\u0131n\u0131 olmas\u0131n\u0131, onun i\u00e7in s\u00fcslemesini, kimseyle g\u00f6r\u00fc\u015fmemesini, eve geldi\u011finde de ayaklar\u0131n\u0131 y\u0131kamas\u0131n\u0131 istiyor.<\/p>\n<p style=\"text-align: justify;\">Adnan Bey Ayhan Han\u0131m\u2019\u0131 evinin kad\u0131n\u0131 gibi de\u011ferlendiriyor. B\u00fcy\u00fck sevdalar\u0131n i\u00e7inde ba\u015fka ko\u015fullarda yad\u0131rganacak \u015feyler do\u011fal bir g\u00f6r\u00fcn\u00fcm kazan\u0131r. Adnan Bey\u2019in ayaklar\u0131n\u0131 y\u0131k\u0131yor olmas\u0131 gibi. Bunlar ay\u0131planacak \u015feyler de\u011fil.<\/p>\n<p style=\"text-align: justify;\"><strong>Celal Bayar galalar\u0131na giderdi\u00a0<\/strong><\/p>\n<p style=\"text-align: justify;\">Ayhan Han\u0131m bu ili\u015fkiden \u00f6t\u00fcr\u00fc hi\u00e7 mi gururlanm\u0131yor?<\/p>\n<p style=\"text-align: justify;\">Gururland\u0131\u011f\u0131 yerler var. Mesela \u201cBenim primadonnas\u0131 oldu\u011fum her operan\u0131n galas\u0131na cumhurba\u015fkan\u0131 geldi\u201d derdi. Adnan Bey gelmiyor! Onun operada tek foto\u011fraf\u0131 yoktur. Ama Celal Bayar gidiyor. \u201cKulise gelir, yan\u0131ma oturur, elimi tutar, foto\u011fraf \u00e7ektirdi\u201d diye anlatm\u0131\u015ft\u0131. Yani cumhurba\u015fkan\u0131 bu ili\u015fkiden haberdar; \u201cGideyim \u015fu k\u0131z\u0131 bir de ben g\u00f6reyim\u201d diyor. Yan\u0131na al\u0131p, oturtup, elini tutup gazetecilere \u201c\u00c7ekin bakal\u0131m foto\u011fraf\u0131m\u0131z\u0131\u201d demesinin anlam\u0131 ise \u015fu; \u201cBu k\u0131z benim ba\u015fbakan\u0131ma lay\u0131k bir de\u011ferdir!\u201d<\/p>\n<p style=\"text-align: justify;\"><strong>Biri han\u0131m, di\u011feri o kad\u0131n!\u00a0<\/strong><\/p>\n<p style=\"text-align: justify;\">Olanlar kar\u015f\u0131s\u0131nda Berrin Han\u0131m ne hissediyor sizce?<\/p>\n<p style=\"text-align: justify;\">Bir rahats\u0131zl\u0131k hissetti\u011fi \u015f\u00fcphesiz. Ama bana bunu aileden biri s\u00f6ylemi\u015fti; Ayhan Han\u0131m\u2019\u0131n bahsi ge\u00e7ti\u011finde \u201cAyhan Han\u0131m\u201d, Menderes\u2019in di\u011fer sevgilisi Suzan S\u00f6zen\u2019in ad\u0131 ge\u00e7ti\u011finde ise \u201cO kad\u0131n\u201d deniyor. Bu iki tan\u0131m aras\u0131nda Lut g\u00f6l\u00fc ile Everest tepesi kadar fark vard\u0131r. O\u011fluyla da konu\u015ftum, Ayd\u0131n Bey\u2019le parlamento arkada\u015fl\u0131\u011f\u0131m vard\u0131, bu ili\u015fki hakk\u0131nda en ufak imada dahi bulunmazd\u0131. \u201cYa\u015fanm\u0131\u015f bir olayd\u0131r, taraflar\u0131 ilgilendirir, her ikisi i\u00e7in de sayg\u0131de\u011ferdir\u201d derdi. Bu da Ayd\u0131n Bey\u2019in olgun ki\u015fili\u011fini yans\u0131t\u0131r.<\/p>\n<p style=\"text-align: justify;\"><strong>Suzan S\u00f6zen bir \u015fehvet f\u0131rt\u0131nas\u0131yd\u0131<\/strong><\/p>\n<p style=\"text-align: justify;\">Suzan S\u00f6zen nas\u0131l biriydi?<\/p>\n<p style=\"text-align: justify;\">Lacivert g\u00f6zl\u00fc bir kad\u0131nd\u0131. Bir kere Ma\u00e7ka\u2019da g\u00f6rd\u00fcm. Bir haziran g\u00fcn\u00fc g\u00fcne\u015fin en yo\u011fun oldu\u011fu saatte g\u00f6ky\u00fcz\u00fc ne kadar maviyse g\u00f6zleri o kadar mavile\u015fiyor, gece bast\u0131\u011f\u0131 zaman ne kadar lacivert olursa o kadar lacivert oluyordu. \u00c7ok g\u00fczeldi. Hafif g\u00f6\u011f\u00fcs \u00e7atal\u0131 g\u00f6stermeye merakl\u0131yd\u0131. Seksi g\u00f6r\u00fcnen bir kad\u0131n havas\u0131ndan \u00e7ok, sakin g\u00f6r\u00fcnen bir \u015fehvet f\u0131rt\u0131nas\u0131yd\u0131. \u00c7ok g\u00fczel omuzlar\u0131 vard\u0131. Dorothy Lamour\u2019a benzerdi&#8230;<\/p>\n<p style=\"text-align: justify;\">Suzan Han\u0131m da evli de\u011fil mi? Onun da e\u015finin ad\u0131 Ferit&#8230;<\/p>\n<p style=\"text-align: justify;\">Adnan Bey\u2019in \u00e7ok enteresan bir yan\u0131 var. Bence bunu psikologlar\u0131n tahlil etmesinde fayda var. Beraber oldu\u011fu kad\u0131nlar\u0131n kocalar\u0131 evdeyken bile onlar\u0131 ziyarete gidiyor. D\u00fc\u015f\u00fcnsenize Ayhan Han\u0131m\u2019a \u201cSeni kocandan ben bo\u015fayaca\u011f\u0131m\u201d diyor. Suzan Han\u0131m\u2019\u0131n oturdu\u011fu Belveder Apartman\u0131\u2019n\u0131na gidip zili \u00e7al\u0131yor. Suzan Han\u0131m, sokakta Adnan Bey\u2019in arabas\u0131n\u0131 g\u00f6rd\u00fc\u011f\u00fcnde de kocas\u0131na \u201cHadi Ferit sen arka odaya ge\u00e7\u201d diyor, o da ge\u00e7iyor. Ferit dedi\u011fimiz \u0130stanbul Emniyet M\u00fcd\u00fcr\u00fc! Sizce bunun tahlil edilmesi gerekmez mi! Adam geliyor, evden i\u00e7eri giriyor, e\u015fi arka odaya gidiyor.<\/p>\n<p style=\"text-align: justify;\">Sizce bunun nedeni ne?<\/p>\n<p style=\"text-align: justify;\">Benim Adnan Bey\u2019in ili\u015fkilerine y\u00f6nelik bir rahats\u0131zl\u0131\u011f\u0131m yok. Bir tabiat kendini b\u00f6yle ortaya koymu\u015f. Ama kad\u0131n\u0131n kocas\u0131 oradayken gitmesi&#8230; Kad\u0131n\u0131n kocas\u0131na \u201cSen arka odaya ge\u00e7\u201d demesi. Bu nas\u0131l bir kad\u0131n? Mahkeme zab\u0131tlar\u0131nda vard\u0131r; savc\u0131 sorar; \u201cNas\u0131l tan\u0131\u015ft\u0131n\u0131z\u201d diye. O da ba\u015flar anlatmaya; \u201cKocam\u0131 Bitlis\u2019e tayin etmi\u015flerdi. Bir arkada\u015f\u0131m da Adnan Bey\u2019le temas\u0131m\u0131 temin etti. Adnan Bey beni arad\u0131, geldi, bende kald\u0131, ertesi g\u00fcn kocam\u0131n \u0130stanbul\u2019da kalmas\u0131 sa\u011fland\u0131&#8230;\u201d<\/p>\n<p style=\"text-align: justify;\"><strong>Bug\u00fcnk\u00fc siyaset\u00e7iler ili\u015fkileri ucuzlatt\u0131!\u00a0<\/strong><\/p>\n<p style=\"text-align: justify;\">Eski siyaset\u00e7ilerin ili\u015fkileri ile bug\u00fcn kasetleri \u00e7\u0131kanlar\u0131nki aras\u0131nda fark var m\u0131?<\/p>\n<p style=\"text-align: justify;\">Fatin R\u00fc\u015ft\u00fc Zorlu\u2019nun da birlikte oldu\u011fu bir Vuslat Han\u0131m vard\u0131r. Bir b\u00fcy\u00fckel\u00e7inin e\u015fiydi. K\u00fcr\u015fat Ba\u015far\u2019\u0131n \u201cBa\u015fucumda M\u00fczik\u201d roman\u0131nda bahsi ge\u00e7en kad\u0131n&#8230; Tarihimizde b\u00f6yle \u00e7ok \u00f6rnek vard\u0131r. Bug\u00fcnk\u00fclere gelince&#8230;<\/p>\n<p style=\"text-align: justify;\">\u015eimdikiler ucuza d\u00fc\u015ft\u00fcler. Eskiden bir siyaset\u00e7i, \u00fcst d\u00fczey bir b\u00fcrokrat vasf\u0131 olmayan bir kad\u0131nla birlikte olmazd\u0131. Hepsi vas\u0131fl\u0131yd\u0131 kad\u0131nlar\u0131n. Ayhan Han\u0131m opera sanat\u00e7\u0131s\u0131yd\u0131!<\/p>\n<p style=\"text-align: justify;\"><span style=\"color: #888888;\">Kaynak :\u00a0<a href=\"http:\/\/pazarvatan.gazetevatan.com\/haberdetay.asp?hkat=1&amp;hid=13577\" target=\"_blank\"><span style=\"color: #888888;\">http:\/\/pazarvatan.gazetevatan.com\/haberdetay.asp?hkat=1&amp;hid=13577<\/span><\/a><\/span><\/p>\n","protected":false},"excerpt":{"rendered":"<p style=\"text-align: justify;\">\n<p style=\"text-align: justify;\">Menderes sevgililerine kocalar\u0131 evdeyken giderdi<\/p>\n<p style=\"text-align: justify;\">Gen\u00e7 bir kad\u0131n. Hen\u00fcz 25 ya\u015f\u0131nda. Bir gece, bir davette ba\u015fbakanla tan\u0131\u015f\u0131yor. Daha do\u011frusu ba\u015fbakan onu uzaktan g\u00f6r\u00fcyor, elinden tutuyor ve bah\u00e7eye \u00e7\u0131kar\u0131yor. Sonra saatlerce dola\u015f\u0131yorlar. Film gibi de\u011fil mi? Opera sanat\u00e7\u0131s\u0131 Ayhan Aydan ve Adnan Menderes\u2019in tan\u0131\u015fmalar\u0131 aynen b\u00f6yle cereyan ediyor&#8230; Ancak <\/p>\n","protected":false},"author":1,"featured_media":0,"comment_status":"open","ping_status":"closed","sticky":false,"template":"","format":"standard","meta":{"footnotes":""},"categories":[105],"tags":[],"class_list":["post-4275","post","type-post","status-publish","format-standard","hentry","category-gundem","odd"],"_links":{"self":[{"href":"http:\/\/www.korhanyilmaz.com\/index.php?rest_route=\/wp\/v2\/posts\/4275","targetHints":{"allow":["GET"]}}],"collection":[{"href":"http:\/\/www.korhanyilmaz.com\/index.php?rest_route=\/wp\/v2\/posts"}],"about":[{"href":"http:\/\/www.korhanyilmaz.com\/index.php?rest_route=\/wp\/v2\/types\/post"}],"author":[{"embeddable":true,"href":"http:\/\/www.korhanyilmaz.com\/index.php?rest_route=\/wp\/v2\/users\/1"}],"replies":[{"embeddable":true,"href":"http:\/\/www.korhanyilmaz.com\/index.php?rest_route=%2Fwp%2Fv2%2Fcomments&post=4275"}],"version-history":[{"count":0,"href":"http:\/\/www.korhanyilmaz.com\/index.php?rest_route=\/wp\/v2\/posts\/4275\/revisions"}],"wp:attachment":[{"href":"http:\/\/www.korhanyilmaz.com\/index.php?rest_route=%2Fwp%2Fv2%2Fmedia&parent=4275"}],"wp:term":[{"taxonomy":"category","embeddable":true,"href":"http:\/\/www.korhanyilmaz.com\/index.php?rest_route=%2Fwp%2Fv2%2Fcategories&post=4275"},{"taxonomy":"post_tag","embeddable":true,"href":"http:\/\/www.korhanyilmaz.com\/index.php?rest_route=%2Fwp%2Fv2%2Ftags&post=4275"}],"curies":[{"name":"wp","href":"https:\/\/api.w.org\/{rel}","templated":true}]}}