{"id":42749,"date":"2011-11-18T08:58:16","date_gmt":"2011-11-18T06:58:16","guid":{"rendered":"http:\/\/www.korhanyilmaz.com\/?p=42749"},"modified":"2011-11-18T12:27:28","modified_gmt":"2011-11-18T10:27:28","slug":"deprem-cadirinda-yangin-2-cocuk-oldu","status":"publish","type":"post","link":"http:\/\/www.korhanyilmaz.com\/?p=42749","title":{"rendered":"Deprem \u00e7ad\u0131r\u0131nda yang\u0131n: 2 \u00e7ocuk \u00f6ld\u00fc"},"content":{"rendered":"<p style=\"text-align: center;\"><a href=\"http:\/\/www.korhanyilmaz.com\/wp-content\/uploads\/2011\/11\/7147.jpg\"  class=\"lightview\"><img loading=\"lazy\" decoding=\"async\" class=\"aligncenter  wp-image-42750\" src=\"http:\/\/www.korhanyilmaz.com\/wp-content\/uploads\/2011\/11\/7147.jpg\" alt=\"\" width=\"320\" height=\"214\" \/><\/a><\/p>\n<p style=\"text-align: justify;\">Bir ailenin kald\u0131\u011f\u0131 deprem \u00e7ad\u0131r\u0131nda sobadan \u00e7\u0131kan yang\u0131nda 2 karde\u015f \u00f6ld\u00fc, 2 karde\u015f ile onlar\u0131 alevler aras\u0131nda kurtarmaya \u00e7al\u0131\u015fan anne- baba yaraland\u0131.<\/p>\n<p style=\"text-align: justify;\">VAN &#8211; Van merkeze ba\u011fl\u0131 Karpuzalan K\u00f6y\u00fc\u2019nde Behice ve \u015eemsettin Tolukan \u00e7ifti, depremlerde 2 katl\u0131 m\u00fcstakil evleri hafif hasar g\u00f6r\u00fcnce, bah\u00e7elerine yard\u0131m kurulu\u015flar\u0131 taraf\u0131ndan da\u011f\u0131t\u0131lan \u00e7ad\u0131r\u0131 kurdu. Tolukan \u00e7ifti \u00e7ocuklar\u0131 13 ya\u015f\u0131ndaki Mikail, 8 ya\u015f\u0131ndaki Bahar, 7 ya\u015f\u0131ndaki Elif, 4 ya\u015f\u0131ndaki \u0130smail ve 1.5 ya\u015f\u0131ndaki Kerem ile bah\u00e7elerine kurduklar\u0131 \u00e7ad\u0131ra ge\u00e7ti. B\u00f6lgede havalar\u0131n so\u011fumas\u0131 \u00fczerine Tolukan \u00e7ifti, \u00e7ad\u0131rda k\u00f6m\u00fcr sobas\u0131 kurdu.<!--more--><\/p>\n<p style=\"text-align: justify;\"><strong>BEBE\u011e\u0130 EMZ\u0130RMEYE G\u0130TT\u0130LER FAC\u0130A OLDU\u00a0<\/strong><\/p>\n<p style=\"text-align: justify;\">D\u00fcn gece saat 24.00 s\u0131ralar\u0131nda anne Behice ve baba \u015eemsettin Tolukan, 1.5 ya\u015f\u0131ndaki \u00e7ocuklar\u0131 Kerem rahats\u0131zlan\u0131p a\u011flamaya ba\u015flay\u0131nca, az hasarl\u0131 olan evlerine gitti. Tolukan \u00e7ifti evlerinde rahats\u0131z olan minik Kerem\u2019e mama ve ila\u00e7 verdikleri s\u0131rada, \u00e7ad\u0131rda kalan \u00e7ocuklardan Elif, yanan sobaya yeniden yakacak koydu. Bu s\u0131rada sobadan s\u0131\u00e7rayan k\u0131v\u0131lc\u0131mlar \u00e7ad\u0131r\u0131 tutu\u015fturdu. \u00c7ad\u0131r bir anda alevler aras\u0131nda kal\u0131rken Elif, alevleri s\u00f6nd\u00fcrmek istedi. Ancak ellerinden yaralanan Elif alevleri s\u00f6nd\u00fcremeyince, ko\u015farak anne babas\u0131na haber vermeye gitti.<\/p>\n<p style=\"text-align: justify;\"><strong>ALEVLER ARASINDA KURTARAMADILAR\u00a0<\/strong><\/p>\n<p style=\"text-align: justify;\">Behice ve \u015eemsettin Tolukan \u00e7ifti, evde \u00e7\u0131kt\u0131\u011f\u0131nda 3 \u00e7ocu\u011funun bulundu\u011fu \u00e7ad\u0131r\u0131n alevler aras\u0131nda kald\u0131\u011f\u0131n\u0131 g\u00f6rd\u00fc. Anne baba alevler aras\u0131na dalarak \u00e7ocuklar\u0131n\u0131 kurtarmaya \u00e7al\u0131\u015ft\u0131. Ancak yang\u0131nda Bahar ve \u0130smail hayat\u0131n\u0131 kaybederken, \u00e7ad\u0131r\u0131n a\u011fz\u0131na kadar gelibilen Mikail yaral\u0131 kurtar\u0131ld\u0131. 4 yaral\u0131 Van B\u00f6lge E\u011fitim ve Ara\u015ft\u0131rma Hastanesi\u2019ne kald\u0131r\u0131l\u0131rken, burada durumu a\u011f\u0131r olan Mikail, ambulans helikopterle \u0130stanbul\u2019a g\u00f6nderildi.<\/p>\n<p style=\"text-align: justify;\"><strong>ANNE-BABA DA YARALANDI\u00a0<\/strong><\/p>\n<p style=\"text-align: justify;\">\u00c7ocuklar\u0131n\u0131 alevler aras\u0131nda kurtarmaya \u00e7al\u0131\u015fan Behice ve \u015eemsettin Tolukan \u00e7ifti de ellerinden yand\u0131. Van B\u00f6lge E\u011fitim ve Ara\u015ft\u0131rma Hastanesi\u2019ne kald\u0131r\u0131lan anne ve baba da tedavi tedavi alt\u0131na al\u0131nd\u0131. Ancak anne-baba \u00e7ocuklar\u0131n\u0131n cenazesine kat\u0131lmak i\u00e7in tedavilerini yar\u0131m b\u0131rakarak k\u00f6ye d\u00f6nd\u00fc.<\/p>\n<p style=\"text-align: justify;\"><strong>K\u00d6YL\u00dcLER \u00c7ARES\u0130Z YANGINI \u0130ZLED\u0130\u00a0<\/strong><\/p>\n<p style=\"text-align: justify;\">Yang\u0131n s\u0131ras\u0131nda olay yerine gelen k\u00f6yl\u00fcler \u00e7aresizce yang\u0131n\u0131 izlediler. Tolukan ailesinin kom\u015fusu Celal \u00c7elik, yang\u0131n\u0131 g\u00f6r\u00fcr g\u00f6rmez olay yerine geldiklerini belirterek, &#8220;Geldi\u011fimizde \u00e7ad\u0131r alevler i\u00e7indeydi. Feryatlar vard\u0131, herkes \u00e7aresizdi. \u00c7ocuklar\u0131 kurtarmak i\u00e7in alevlerin i\u00e7ine dald\u0131k. \u00c7o\u011fu ki\u015fi yaraland\u0131. Maalesef sadece birini kurtarabildik&#8221; dedi.<\/p>\n<p style=\"text-align: justify;\">Tolukan ailesinin yak\u0131n\u0131 olan Bilal \u00d6ner de \u00e7ad\u0131r\u0131n k\u0131sa s\u00fcre i\u00e7inde alevler aras\u0131nda kald\u0131\u011f\u0131n\u0131 belirterek, &#8220;Bir anda alev alm\u0131\u015f, bir ka\u00e7 dakika i\u00e7inde ise k\u00fcl olmu\u015f. Hepimiz \u00e7aresiz kald\u0131k. Yang\u0131na dayan\u0131ks\u0131z ve kalitesiz \u00e7ad\u0131rlard\u0131. Bu \u00e7ad\u0131rlar\u0131n da\u011f\u0131t\u0131lmas\u0131na izin verenlere hesap sorulsun&#8221; diye konu\u015ftu.<\/p>\n<p style=\"text-align: justify;\"><strong>CENAZELER TESL\u0130M ALINDI\u00a0<\/strong><\/p>\n<p style=\"text-align: justify;\">\u00d6te yandan otopsi i\u00e7in Van B\u00f6lge E\u011fitim ve Ara\u015ft\u0131rma Hastanesi morguna getirilen Bahar ve \u0130smail Tolukan kade\u015flerin cenazeleri, i\u015flemlerin ard\u0131ndan bu sabah aileleri taraf\u0131ndan hastaneden al\u0131nd\u0131. Tolukan karde\u015flerin cenazeleri defnedilmek \u00fczere Karpuzalan K\u00f6y\u00fc\u2019ne g\u00f6t\u00fcr\u00fcld\u00fc.<\/p>\n<p style=\"text-align: justify;\"><a href=\"http:\/\/www.radikal.com.tr\/Radikal.aspx?aType=RadikalDetayV3&amp;ArticleID=1069920&amp;Date=18.11.2011&amp;CategoryID=77\" target=\"_blank\">Kaynak : Radikal.com.tr<\/a><\/p>\n","protected":false},"excerpt":{"rendered":"<p style=\"text-align: center;\">\n<p style=\"text-align: justify;\">Bir ailenin kald\u0131\u011f\u0131 deprem \u00e7ad\u0131r\u0131nda sobadan \u00e7\u0131kan yang\u0131nda 2 karde\u015f \u00f6ld\u00fc, 2 karde\u015f ile onlar\u0131 alevler aras\u0131nda kurtarmaya \u00e7al\u0131\u015fan anne- baba yaraland\u0131.<\/p>\n<p style=\"text-align: justify;\">VAN &#8211; Van merkeze ba\u011fl\u0131 Karpuzalan K\u00f6y\u00fc\u2019nde Behice ve \u015eemsettin Tolukan \u00e7ifti, depremlerde 2 katl\u0131 m\u00fcstakil evleri hafif hasar g\u00f6r\u00fcnce, bah\u00e7elerine yard\u0131m kurulu\u015flar\u0131 taraf\u0131ndan da\u011f\u0131t\u0131lan \u00e7ad\u0131r\u0131 <\/p>\n","protected":false},"author":1,"featured_media":0,"comment_status":"open","ping_status":"open","sticky":false,"template":"","format":"standard","meta":{"footnotes":""},"categories":[105],"tags":[],"class_list":["post-42749","post","type-post","status-publish","format-standard","hentry","category-gundem","odd"],"_links":{"self":[{"href":"http:\/\/www.korhanyilmaz.com\/index.php?rest_route=\/wp\/v2\/posts\/42749","targetHints":{"allow":["GET"]}}],"collection":[{"href":"http:\/\/www.korhanyilmaz.com\/index.php?rest_route=\/wp\/v2\/posts"}],"about":[{"href":"http:\/\/www.korhanyilmaz.com\/index.php?rest_route=\/wp\/v2\/types\/post"}],"author":[{"embeddable":true,"href":"http:\/\/www.korhanyilmaz.com\/index.php?rest_route=\/wp\/v2\/users\/1"}],"replies":[{"embeddable":true,"href":"http:\/\/www.korhanyilmaz.com\/index.php?rest_route=%2Fwp%2Fv2%2Fcomments&post=42749"}],"version-history":[{"count":0,"href":"http:\/\/www.korhanyilmaz.com\/index.php?rest_route=\/wp\/v2\/posts\/42749\/revisions"}],"wp:attachment":[{"href":"http:\/\/www.korhanyilmaz.com\/index.php?rest_route=%2Fwp%2Fv2%2Fmedia&parent=42749"}],"wp:term":[{"taxonomy":"category","embeddable":true,"href":"http:\/\/www.korhanyilmaz.com\/index.php?rest_route=%2Fwp%2Fv2%2Fcategories&post=42749"},{"taxonomy":"post_tag","embeddable":true,"href":"http:\/\/www.korhanyilmaz.com\/index.php?rest_route=%2Fwp%2Fv2%2Ftags&post=42749"}],"curies":[{"name":"wp","href":"https:\/\/api.w.org\/{rel}","templated":true}]}}