{"id":42744,"date":"2011-11-18T10:30:55","date_gmt":"2011-11-18T08:30:55","guid":{"rendered":"http:\/\/www.korhanyilmaz.com\/?p=42744"},"modified":"2011-11-18T12:18:49","modified_gmt":"2011-11-18T10:18:49","slug":"bedelli-4-taksit","status":"publish","type":"post","link":"http:\/\/www.korhanyilmaz.com\/?p=42744","title":{"rendered":"&#8216;Bedelli&#8217; 4 taksit"},"content":{"rendered":"<p style=\"text-align: center;\"><a href=\"http:\/\/www.korhanyilmaz.com\/wp-content\/uploads\/2011\/11\/7146.jpg\"  class=\"lightview\"><img loading=\"lazy\" decoding=\"async\" class=\"aligncenter  wp-image-42745\" src=\"http:\/\/www.korhanyilmaz.com\/wp-content\/uploads\/2011\/11\/7146.jpg\" alt=\"\" width=\"336\" height=\"223\" \/><\/a><\/p>\n<p style=\"text-align: justify;\">Bedelli askerlik tasar\u0131s\u0131 bakanlar\u0131n imzas\u0131na a\u00e7\u0131ld\u0131. D\u00fczenlemeden 30 ya\u015f ve \u00fcst\u00fc yararlanacak. 25 bin lira 4 taksite b\u00f6l\u00fcnecek.<\/p>\n<p style=\"text-align: justify;\">ANKARA- Ba\u015fbakan Tayyip Erdo\u011fan\u2019\u0131n gelecek hafta Meclis\u2019e gelece\u011fini s\u00f6yledi\u011fi bedelli askerlik yasa tasar\u0131s\u0131 Bakanlar Kurulu\u2019nun imzas\u0131na a\u00e7\u0131ld\u0131. Bedellide merak konusu olan ya\u015f ve para miktar\u0131 Radikal\u2019in d\u00fcn man\u015fetten duyurdu\u011fu gibi oldu.<!--more--><\/p>\n<p style=\"text-align: justify;\">Bedelli askerlikten 30 ya\u015f ve \u00fcst\u00fc yararlanabilecek. Askerli\u011fini bedelli yapmak isteyenlerden de 25 bin TL al\u0131nacak. \u00d6deme kolayl\u0131\u011f\u0131 i\u00e7in bu miktar 4 taksitte \u00f6denebilecek. Bedelli askerli\u011fin s\u00fcresi 21 g\u00fcn olarak belirlendi. Tasar\u0131da, imkan\u0131 olmayanlar\u0131n para yerine bir s\u00fcre kamu hizmeti yapmas\u0131 se\u00e7ene\u011finin yer alabilece\u011fi de konu\u015fuluyor.<\/p>\n<p style=\"text-align: justify;\"><strong>Erdo\u011fan a\u00e7\u0131klayacak<\/strong><\/p>\n<p style=\"text-align: justify;\">Bedelli askerlik d\u00fczenlemesi Ba\u015fbakan Recep Tayyip Erdo\u011fan taraf\u0131ndan gerek\u00e7eleriyle birlikte a\u00e7\u0131klanacak.Bunun i\u00e7in H\u00fck\u00fcmet ve AK Parti kanad\u0131ndan herhangi bir a\u00e7\u0131klama gelmiyor. Erdo\u011fan\u2019\u0131n, bakanlara tasar\u0131y\u0131 g\u00f6stermeden imzalar\u0131n\u0131 ald\u0131\u011f\u0131 \u00f6\u011frenildi. Tasar\u0131daki d\u00fczenlemeler bizzat Ba\u015fbakan Erdo\u011fan taraf\u0131ndan a\u00e7\u0131klanacak.<\/p>\n<p style=\"text-align: justify;\"><strong>Gelirler sosyal yard\u0131ma<\/strong><\/p>\n<p style=\"text-align: justify;\">Ancak, d\u00fcn bakanlar\u0131n imzas\u0131na a\u00e7\u0131lan d\u00fczenlemenin Radikal\u2019in man\u015fetten duyurdu\u011fu \u015fekilde oldu\u011fu ortaya \u00e7\u0131kt\u0131. Bedellide ya\u015f 30, para miktar\u0131 da 25 bin TL olacak. Bu kapsama 400 bine yak\u0131n insan giriyor. Bedelliden yararlanacaklar\u0131n say\u0131s\u0131n\u0131n da 150 bini bulmas\u0131 bekleniyor ve en az 2.5 milyar dolar gelir hedefleniyor. Bu para hazineye de\u011fil, sosyal yard\u0131mla\u015fma ve dayan\u0131\u015fma vakf\u0131na aktar\u0131lacak. Ba\u015fbakan Yard\u0131mc\u0131s\u0131 Be\u015fir Atalay ile Aile ve Sosyal Politikalar Bakan\u0131 Fatma \u015eahin, bu paran\u0131n kullan\u0131m\u0131na ili\u015fkin \u00e7al\u0131\u015fma yap\u0131yor. Ba\u015fbakan Erdo\u011fan, kamu vicdan\u0131n\u0131n da rahatlat\u0131lmas\u0131 a\u00e7\u0131s\u0131ndan bu paran\u0131n \u00f6nemli bir b\u00f6l\u00fcm\u00fcn\u00fcn \u015fehit yak\u0131nlar\u0131 ve gazilere b\u0131rak\u0131lmas\u0131n\u0131 istiyor.<\/p>\n<p style=\"text-align: justify;\"><strong>\u0130lk celp 2012 ba\u015f\u0131nda<\/strong><\/p>\n<p style=\"text-align: justify;\">Bakanlar Kurulu\u2019nun imzas\u0131na a\u00e7\u0131lan tasar\u0131 b\u00fcy\u00fck bir aksilik olmazsa kas\u0131m ay\u0131 i\u00e7erisinde hayata ge\u00e7ecek. Haftaya Meclis\u2019e sunulacak tasar\u0131 \u00f6nce komisyonda, sonra Genel Kurul\u2019da g\u00f6r\u00fc\u015f\u00fclecek. Muhalefet bedelli askerli\u011fe s\u0131cak bak\u0131yor. Meclis\u2019teki g\u00f6r\u00fc\u015fmelerde ya\u015f s\u0131n\u0131r\u0131 ve para miktar\u0131n\u0131n a\u015fa\u011f\u0131 \u00e7ekilmesi konusunda talepler olmas\u0131na da kesin g\u00f6z\u00fcyle bak\u0131l\u0131yor. Genelkurmay\u2019\u0131n hasassiyetlerini de g\u00f6zetecek olan h\u00fck\u00fcmetin bu konuda taviz vermesi beklenmiyor. Bedelli askerlik d\u00fczenlemesi b\u00fcy\u00fck olas\u0131l\u0131kla aral\u0131k ay\u0131 \u00f6ncesi de Cumhurba\u015fkan\u0131 Abdullah G\u00fcl taraf\u0131ndan onaylanarak y\u00fcr\u00fcrl\u00fc\u011fe girecek. \u0130lk bedelli tertibinin 2012\u2019nin \u015fubat ay\u0131nda ya da nisanda olmas\u0131 bekleniyor.<\/p>\n<p style=\"text-align: justify;\"><strong>Ya\u015f ve para s\u0131n\u0131r\u0131 Meclis\u2019te a\u015fa\u011f\u0131ya \u00e7ekilebilir mi?<\/strong><\/p>\n<p style=\"text-align: justify;\">Bedelli askerlik tasar\u0131s\u0131 haftaya Meclis\u2019e sunulacak. Uygulamay\u0131 CHP ve BDP\u2019nin destekledi\u011fi biliniyor. CHP Grup Ba\u015fkanvekili Akif Hamza\u00e7ebi d\u00fcn \u201cBa\u015fbakan kuzu kuzu CHP\u2019nin \u00e7izgisine geldi\u201d dedi. Meclis\u2019te tasar\u0131da de\u011fi\u015fkilik \u00f6nerileri de g\u00fcndeme gelebilir. Kamuoyunda ya\u015f ve bedelin a\u015fa\u011f\u0131ya \u00e7ekilmesi y\u00f6n\u00fcnde talepler tart\u0131\u015f\u0131l\u0131yor.<\/p>\n<p style=\"text-align: justify;\"><a href=\"http:\/\/www.radikal.com.tr\/Radikal.aspx?aType=RadikalHaberDetayV3&amp;ArticleID=1069903&amp;Date=18.11.2011&amp;CategoryID=77\" target=\"_blank\">Kaynak : Radikal.com.tr<\/a><\/p>\n","protected":false},"excerpt":{"rendered":"<p style=\"text-align: center;\">\n<p style=\"text-align: justify;\">Bedelli askerlik tasar\u0131s\u0131 bakanlar\u0131n imzas\u0131na a\u00e7\u0131ld\u0131. D\u00fczenlemeden 30 ya\u015f ve \u00fcst\u00fc yararlanacak. 25 bin lira 4 taksite b\u00f6l\u00fcnecek.<\/p>\n<p style=\"text-align: justify;\">ANKARA- Ba\u015fbakan Tayyip Erdo\u011fan\u2019\u0131n gelecek hafta Meclis\u2019e gelece\u011fini s\u00f6yledi\u011fi bedelli askerlik yasa tasar\u0131s\u0131 Bakanlar Kurulu\u2019nun imzas\u0131na a\u00e7\u0131ld\u0131. Bedellide merak konusu olan ya\u015f ve para miktar\u0131 Radikal\u2019in d\u00fcn man\u015fetten duyurdu\u011fu gibi <\/p>\n","protected":false},"author":1,"featured_media":0,"comment_status":"open","ping_status":"open","sticky":false,"template":"","format":"standard","meta":{"footnotes":""},"categories":[105],"tags":[],"class_list":["post-42744","post","type-post","status-publish","format-standard","hentry","category-gundem","odd"],"_links":{"self":[{"href":"http:\/\/www.korhanyilmaz.com\/index.php?rest_route=\/wp\/v2\/posts\/42744","targetHints":{"allow":["GET"]}}],"collection":[{"href":"http:\/\/www.korhanyilmaz.com\/index.php?rest_route=\/wp\/v2\/posts"}],"about":[{"href":"http:\/\/www.korhanyilmaz.com\/index.php?rest_route=\/wp\/v2\/types\/post"}],"author":[{"embeddable":true,"href":"http:\/\/www.korhanyilmaz.com\/index.php?rest_route=\/wp\/v2\/users\/1"}],"replies":[{"embeddable":true,"href":"http:\/\/www.korhanyilmaz.com\/index.php?rest_route=%2Fwp%2Fv2%2Fcomments&post=42744"}],"version-history":[{"count":0,"href":"http:\/\/www.korhanyilmaz.com\/index.php?rest_route=\/wp\/v2\/posts\/42744\/revisions"}],"wp:attachment":[{"href":"http:\/\/www.korhanyilmaz.com\/index.php?rest_route=%2Fwp%2Fv2%2Fmedia&parent=42744"}],"wp:term":[{"taxonomy":"category","embeddable":true,"href":"http:\/\/www.korhanyilmaz.com\/index.php?rest_route=%2Fwp%2Fv2%2Fcategories&post=42744"},{"taxonomy":"post_tag","embeddable":true,"href":"http:\/\/www.korhanyilmaz.com\/index.php?rest_route=%2Fwp%2Fv2%2Ftags&post=42744"}],"curies":[{"name":"wp","href":"https:\/\/api.w.org\/{rel}","templated":true}]}}