{"id":42740,"date":"2011-11-18T08:14:31","date_gmt":"2011-11-18T06:14:31","guid":{"rendered":"http:\/\/www.korhanyilmaz.com\/?p=42740"},"modified":"2011-11-18T11:49:03","modified_gmt":"2011-11-18T09:49:03","slug":"helikoptere-giden-astsubaya-gozalti","status":"publish","type":"post","link":"http:\/\/www.korhanyilmaz.com\/?p=42740","title":{"rendered":"Helikoptere giden astsubaya g\u00f6zalt\u0131"},"content":{"rendered":"<p style=\"text-align: center;\"><a href=\"http:\/\/www.korhanyilmaz.com\/wp-content\/uploads\/2011\/11\/7145.jpg\"  class=\"lightview\"><img loading=\"lazy\" decoding=\"async\" class=\"aligncenter  wp-image-42741\" src=\"http:\/\/www.korhanyilmaz.com\/wp-content\/uploads\/2011\/11\/7145.jpg\" alt=\"\" width=\"280\" height=\"187\" \/><\/a><\/p>\n<p style=\"text-align: justify;\">Yaz\u0131c\u0131o\u011flu&#8217;nun helikopterine kaza k\u0131r\u0131m ekibiyle gitti\u011fi \u00f6ne s\u00fcr\u00fclen emekli Astsubay Kenan K\u00f6ksal g\u00f6zalt\u0131na al\u0131nd\u0131. K\u00f6ksal&#8217;\u0131n ELT cihaz\u0131n\u0131 inceledi\u011fi iddia edilmi\u015fti.<\/p>\n<p style=\"text-align: justify;\">\u0130STANBUL- BBP lideri Muhsin Yaz\u0131c\u0131o\u011flu ve beraberindeki 5 ki\u015finin ya\u015fam\u0131n\u0131 yitirdi\u011fi helikopter \u2018kazas\u0131\u2019 soru\u015fturmas\u0131nda, ELT cihaz\u0131 \u00fczerinde inceleme yapt\u0131\u011f\u0131 \u00f6ne s\u00fcr\u00fclen emekli Astsubay Kenan K\u00f6ksal g\u00f6zalt\u0131na al\u0131nd\u0131 .<!--more--><\/p>\n<p style=\"text-align: justify;\">Yaz\u0131c\u0131o\u011flu\u2019nun 25 Mart 2009\u2019da hayat\u0131n\u0131 kaybetti\u011fi olayla ilgili ortaya \u00e7\u0131kan g\u00f6r\u00fcnt\u00fcler ve iddialar \u00fczerine y\u00fcr\u00fct\u00fclen soru\u015fturmada yeni bir geli\u015fme daha ya\u015fand\u0131. Kenan K\u00f6ksal, \u0130stanbul Atat\u00fcrk Havaliman\u0131\u2019nda d\u00fcn sabah saatlerinde g\u00f6zalt\u0131na al\u0131nd\u0131. K\u00f6ksal\u2019\u0131n g\u00f6revi olmad\u0131\u011f\u0131 halde enkaz noktas\u0131na Kerem Mumcuo\u011flu ve \u015e\u0131hmehmet Sevdim\u2019den olu\u015fan kaza k\u0131r\u0131m ekibi ile birlikte gitti\u011fi ve kamuoyunda \u00e7ok tart\u0131\u015f\u0131lan ELT cihaz\u0131 \u00fczerinde baz\u0131 incelemelerde bulundu\u011fu tespit edilmi\u015fti.<\/p>\n<p style=\"text-align: justify;\">ESAS Havac\u0131l\u0131k A\u015e\u2019ye ba\u011fl\u0131 Med-Air firmas\u0131 ad\u0131na g\u00f6rev yapan K\u00f6ksal\u2019\u0131n kaza sonras\u0131nda bu firmadan ayr\u0131larak Atat\u00fcrk Havaliman\u0131\u2019na ba\u011fl\u0131 TAV isimli firmada \u00e7al\u0131\u015ft\u0131\u011f\u0131 belirtildi.<\/p>\n<p style=\"text-align: justify;\">Yasal izni ve yetkisi olmadan enkaz b\u00f6lgesine g\u00f6t\u00fcr\u00fclen Kenan K\u00f6ksal\u2019\u0131n helikopter enkaz\u0131na neden g\u00f6t\u00fcr\u00fcld\u00fc\u011f\u00fc ve enkaz b\u00f6lgesinde ne gibi faaliyetlerde bulundu\u011fu \u00d6zel yetkili Malatya Cumhuriyet Savc\u0131l\u0131\u011f\u0131\u2019n\u0131n incelemesinden sonra ortaya \u00e7\u0131kacak. Malatya \u00d6zel Yetkili Savc\u0131l\u0131\u011f\u0131 Kenan K\u00f6ksal\u2019\u0131n ELT cihaz\u0131 ile ilgili tespitlerini ara\u015ft\u0131r\u0131yor. Kaza k\u0131r\u0131m ekibinin verdi\u011fi \u2018anten k\u0131r\u0131ld\u0131\u011f\u0131 i\u00e7in sinyal g\u00f6nderilemedi\u2019 bilgisi gerek TBMM Ara\u015ft\u0131rma Komisyonu, gerek uzmanlar ve gerekse kamuoyu taraf\u0131ndan inand\u0131r\u0131c\u0131 bulunmam\u0131\u015ft\u0131. \u00d6zellikle anten \u00e7evresinde herhangi bir k\u0131r\u0131k ve ezilme bulunmamas\u0131, anten ba\u011flant\u0131lar\u0131ndaki c\u0131vatalar\u0131n yeterli d\u00fczeyde e\u011filmemesi, antenin helikopter d\u00fc\u015ft\u00fc\u011f\u00fc s\u0131rada de\u011fil daha sonra kopar\u0131lm\u0131\u015f olabilece\u011fi \u015f\u00fcphesine dayanak olu\u015fturuyordu.<\/p>\n<p style=\"text-align: justify;\"><strong>\u00dc\u00e7 ki\u015fi tutuklanm\u0131\u015ft\u0131<\/strong><\/p>\n<p style=\"text-align: justify;\">Kaza k\u0131r\u0131m ekibi ile birlikte enkaz\u0131n bulundu\u011fu noktaya giden emekli Astsubay Kenan K\u00f6ksal\u2019\u0131n g\u00f6zalt\u0131na al\u0131nd\u0131\u011f\u0131 \u0130stanbul\u2019daki i\u015flemlerinin tamamlanmas\u0131n\u0131n ard\u0131ndan Malatya\u2019ya g\u00f6t\u00fcr\u00fclece\u011fi belirtildi. Kaza k\u0131r\u0131m ekibinde yer alan Feridun Seren, Kerem Mumcuo\u011flu ve \u015e\u0131hmehmet Sevdim, \u00d6zel Yetkili Malatya Cumhuriyet Savc\u0131l\u0131\u011f\u0131\u2019nda sorgulanmalar\u0131n\u0131n ard\u0131ndan \u00e7\u0131kar\u0131ld\u0131klar\u0131 Malatya 3. A\u011f\u0131r Ceza Mahkemesi taraf\u0131ndan delil karartma, evrakta sahtecilik ve silahl\u0131 ter\u00f6r \u00f6rg\u00fct\u00fc \u00fcyeli\u011fi su\u00e7lamalar\u0131yla tutuklanm\u0131\u015ft\u0131.<\/p>\n<p style=\"text-align: justify;\"><a href=\"http:\/\/www.radikal.com.tr\/Radikal.aspx?aType=RadikalHaberDetayV3&amp;ArticleID=1069900&amp;Date=18.11.2011&amp;CategoryID=77\" target=\"_blank\">Kaynak : Radikal.com.tr<\/a><\/p>\n","protected":false},"excerpt":{"rendered":"<p style=\"text-align: center;\">\n<p style=\"text-align: justify;\">Yaz\u0131c\u0131o\u011flu&#8217;nun helikopterine kaza k\u0131r\u0131m ekibiyle gitti\u011fi \u00f6ne s\u00fcr\u00fclen emekli Astsubay Kenan K\u00f6ksal g\u00f6zalt\u0131na al\u0131nd\u0131. K\u00f6ksal&#8217;\u0131n ELT cihaz\u0131n\u0131 inceledi\u011fi iddia edilmi\u015fti.<\/p>\n<p style=\"text-align: justify;\">\u0130STANBUL- BBP lideri Muhsin Yaz\u0131c\u0131o\u011flu ve beraberindeki 5 ki\u015finin ya\u015fam\u0131n\u0131 yitirdi\u011fi helikopter \u2018kazas\u0131\u2019 soru\u015fturmas\u0131nda, ELT cihaz\u0131 \u00fczerinde inceleme yapt\u0131\u011f\u0131 \u00f6ne s\u00fcr\u00fclen emekli Astsubay Kenan K\u00f6ksal g\u00f6zalt\u0131na al\u0131nd\u0131 .<\/p>\n","protected":false},"author":1,"featured_media":0,"comment_status":"open","ping_status":"open","sticky":false,"template":"","format":"standard","meta":{"footnotes":""},"categories":[105],"tags":[144,484,103,483,485,104],"class_list":["post-42740","post","type-post","status-publish","format-standard","hentry","category-gundem","tag-bbp","tag-esas-havacilik-as","tag-helikopter-kazasi","tag-kenan-koksal","tag-med-air-firmasi","tag-muhsin-yazicioglu","odd"],"_links":{"self":[{"href":"http:\/\/www.korhanyilmaz.com\/index.php?rest_route=\/wp\/v2\/posts\/42740","targetHints":{"allow":["GET"]}}],"collection":[{"href":"http:\/\/www.korhanyilmaz.com\/index.php?rest_route=\/wp\/v2\/posts"}],"about":[{"href":"http:\/\/www.korhanyilmaz.com\/index.php?rest_route=\/wp\/v2\/types\/post"}],"author":[{"embeddable":true,"href":"http:\/\/www.korhanyilmaz.com\/index.php?rest_route=\/wp\/v2\/users\/1"}],"replies":[{"embeddable":true,"href":"http:\/\/www.korhanyilmaz.com\/index.php?rest_route=%2Fwp%2Fv2%2Fcomments&post=42740"}],"version-history":[{"count":0,"href":"http:\/\/www.korhanyilmaz.com\/index.php?rest_route=\/wp\/v2\/posts\/42740\/revisions"}],"wp:attachment":[{"href":"http:\/\/www.korhanyilmaz.com\/index.php?rest_route=%2Fwp%2Fv2%2Fmedia&parent=42740"}],"wp:term":[{"taxonomy":"category","embeddable":true,"href":"http:\/\/www.korhanyilmaz.com\/index.php?rest_route=%2Fwp%2Fv2%2Fcategories&post=42740"},{"taxonomy":"post_tag","embeddable":true,"href":"http:\/\/www.korhanyilmaz.com\/index.php?rest_route=%2Fwp%2Fv2%2Ftags&post=42740"}],"curies":[{"name":"wp","href":"https:\/\/api.w.org\/{rel}","templated":true}]}}