{"id":42733,"date":"2011-11-18T10:28:16","date_gmt":"2011-11-18T08:28:16","guid":{"rendered":"http:\/\/www.korhanyilmaz.com\/?p=42733"},"modified":"2011-11-18T10:59:00","modified_gmt":"2011-11-18T08:59:00","slug":"komisyonda-o-gozlugu-gozune-sokarim-tartismasi","status":"publish","type":"post","link":"http:\/\/www.korhanyilmaz.com\/?p=42733","title":{"rendered":"Komisyonda &#8216;O G\u00f6zl\u00fc\u011f\u00fc g\u00f6z\u00fcne sokar\u0131m&#8217; tart\u0131\u015fmas\u0131"},"content":{"rendered":"<p style=\"text-align: center;\"><a href=\"http:\/\/www.korhanyilmaz.com\/wp-content\/uploads\/2011\/11\/7144.jpg\"  class=\"lightview\"><img loading=\"lazy\" decoding=\"async\" class=\"aligncenter  wp-image-42734\" src=\"http:\/\/www.korhanyilmaz.com\/wp-content\/uploads\/2011\/11\/7144.jpg\" alt=\"\" width=\"322\" height=\"241\" \/><\/a><\/p>\n<p style=\"text-align: justify;\">CHP \u0130stanbul Milletvekili Aykut Erdo\u011fdu, Adalet Bakan\u0131 Sadullah Ergin&#8217;in CHP Milletvekili Levent G\u00f6k&#8217;\u00fcn &#8220;G\u00f6z\u00fcme bak&#8221; \u00e7a\u011fr\u0131s\u0131 \u00fczerine, &#8220;G\u00f6z\u00fcne girerim&#8221; dedi\u011fini belirterek, &#8220;Haddini bil, \u00fcslubunu bil, \u00f6yle konu\u015f. O g\u00f6zl\u00fc\u011f\u00fc g\u00f6z\u00fcne sokar\u0131m&#8221; diye ba\u011f\u0131rd\u0131.<!--more--><\/p>\n<p style=\"text-align: justify;\">Ankara &#8211; Plan ve B\u00fct\u00e7e Komisyonunda Adalet Bakanl\u0131\u011f\u0131&#8217;n\u0131n 2012 y\u0131l\u0131 b\u00fct\u00e7e g\u00f6r\u00fc\u015fmelerinde CHP Grup Ba\u015fkanvekili Emine \u00dclker Tarhan iktidar partisinin yap\u0131lan yeniliklerle ilgili a\u00e7\u0131klamalar\u0131n\u0131 ele\u015ftirerek, &#8220;Adalet da\u011f\u0131t\u0131m\u0131 k\u00f6m\u00fcr da\u011f\u0131t\u0131m\u0131na benzetiliyor&#8221; dedi. Referandum sonras\u0131 T\u00fcrkiye&#8217;deki tart\u0131\u015fma konusu olan yarg\u0131lamalardan \u00f6rnekler veren Tarhan, &#8220;Yarg\u0131 adalet halloldu&#8221; dedi. &#8220;G\u00f6steri\u015fli adliye plazalarla olmuyor&#8221; diyen Tarhan, Y\u00d6K Ba\u015fkan\u0131n\u0131n, &#8220;Ba\u015fbakan\u0131 k\u0131zd\u0131rmayal\u0131m&#8221; s\u00f6zlerini hat\u0131rlatarak, &#8220;Ba\u015fbakan\u0131 k\u0131zd\u0131rmamak i\u00e7in bas\u0131lmam\u0131\u015f kitab\u0131n ihmaline tan\u0131k olundu. Habur&#8217;da ter\u00f6r \u00f6rg\u00fct\u00fcne yarg\u0131\u00e7 ayarlayan, \u00e7ocuklar\u0131n istismar\u0131na g\u00f6z yuman majestelerin adaleti&#8221; ele\u015ftirisi getirdi. Tarhan, &#8220;AKP rejiminin koruyucusu, yarg\u0131 birli\u011finin \u00f6n\u00fcndeki en b\u00fcy\u00fck engel, demokrasi utanc\u0131&#8221; olarak nitelendirdi\u011fi \u00d6zel Yetkili Mahkemelerin kald\u0131r\u0131lmas\u0131 \u00e7a\u011fr\u0131s\u0131nda bulundu. Yarg\u0131da kadrola\u015fman\u0131n hep sorun oldu\u011funu, ancak bunun rekorunun bu h\u00fck\u00fcmet d\u00f6neminde ger\u00e7ekle\u015fti\u011fini ileri s\u00fcren Tarhan, &#8220;Yaz\u0131lmam\u0131\u015f kitaplardan niye korkuyorsunuz de\u015fifre olaca\u011f\u0131n\u0131z i\u00e7in mi&#8221; diye sordu.<\/p>\n<p style=\"text-align: justify;\"><strong>Tarhan&#8217;\u0131n toplant\u0131dan ayr\u0131lmas\u0131na tepki\u00a0<\/strong><\/p>\n<p style=\"text-align: justify;\">Tarhan konu\u015fmas\u0131n\u0131 yapt\u0131ktan sonra Komisyon toplant\u0131s\u0131ndan ayr\u0131l\u0131nca AKP&#8217;li milletvekilleri, &#8220;Cevab\u0131 beklesin&#8221; diye tepki g\u00f6sterdi. Bu s\u00f6zler \u00fczerine CHP Tunceli Milletvekili Kamer Gen\u00e7, &#8220;Ne y\u00fcz\u00fc var Sadullah&#8217;\u0131n&#8221; diye kar\u015f\u0131l\u0131k verdi.<\/p>\n<p style=\"text-align: justify;\">CHP&#8217;li Aykut Erdo\u011fdu da, &#8220;Bizi tutuklay\u0131n, o zaman cevab\u0131 bekleriz&#8221; dedi.<\/p>\n<p style=\"text-align: justify;\"><strong>CHP&#8217;li G\u00f6k&#8217;ten Vahit Kaynar sorusu\u00a0<\/strong><\/p>\n<p style=\"text-align: justify;\">CHP Ankara Milletvekili Levent G\u00f6k, Polonya&#8217;da yakalanan firari Sivas olaylar\u0131 san\u0131klar\u0131ndan Vahit Kaynar&#8217;\u0131n Adalet Bakanl\u0131\u011f\u0131&#8217;n\u0131n gerekli s\u00fcre i\u00e7inde iade edilmemesi nedeniyle serbest kald\u0131\u011f\u0131n\u0131 ileri s\u00fcrerek, &#8220;\u0130leti\u015fimin bu kadar kolay oldu\u011fu b\u00f6yle bir d\u00f6nemde bu iadenin ger\u00e7ekle\u015fmemesini makul bir \u015fekilde a\u00e7\u0131klar m\u0131s\u0131n\u0131z? Topu ba\u015fka makama atmay\u0131n. Hakk\u0131nda kesinle\u015fmi\u015f mahkumiyet karar\u0131na ra\u011fmen su\u00e7luyu getiremeyen bir Bakan olarak kendinizi sorumlu g\u00f6rm\u00fcyor musunuz? Say\u0131n Bakan l\u00fctfen g\u00f6z\u00fcme bak\u0131n. Katliam san\u0131\u011f\u0131n\u0131 \u00fclkeye getiremeyen bir bakan olarak g\u00f6z\u00fcme bakam\u0131yorsunuz&#8221; dedi. Bakan Ergin bu s\u00f6zler \u00fczerine G\u00f6k&#8217;e bakarak, &#8220;Not da m\u0131 alamayaca\u011f\u0131z. Senin g\u00f6z\u00fcne girerim&#8221; diye kar\u015f\u0131l\u0131k verdi.<\/p>\n<p style=\"text-align: justify;\"><strong>&#8220;G\u00f6zl\u00fc\u011f\u00fc g\u00f6z\u00fcne sokar\u0131m&#8221;\u00a0<\/strong><\/p>\n<p style=\"text-align: justify;\">CHP \u0130stanbul Milletvekili Aykut Erdo\u011fdu konu\u015fmas\u0131na Bakanl\u0131k ad\u0131na da\u011f\u0131t\u0131lan b\u00fct\u00e7e kitap\u00e7\u0131\u011f\u0131nda, tutukluluk s\u00fcrelerinin makul bir s\u00fcreye indirilece\u011fiyle ilgili ifade bulundu\u011funu belirterek, &#8220;G\u00fclece\u011fim ama g\u00fclemiyorum. \u0130\u00e7i\u015fleri Bakan\u0131 m\u0131 daha komik. Adalet Bakan\u0131 m\u0131 daha komik&#8221; dedi. Erdo\u011fdu bu s\u00f6zlere tepki g\u00f6sterilmesi \u00fczerine Bakan Ergin&#8217;e d\u00f6nerek, &#8220;Say\u0131n Bakan \u00fcslubunuzu bilin. Biraz \u00f6nce de \u00e7ok sald\u0131rgan bir \u015fey yapt\u0131n\u0131z. Do\u011fru konu\u015f. B\u00f6yle konu\u015famazs\u0131n. Haddini bil, \u00fcslubunu bil, \u00f6yle konu\u015f. O g\u00f6zl\u00fc\u011f\u00fc g\u00f6z\u00fcne sokar\u0131m&#8221; diye ba\u011f\u0131rd\u0131.<\/p>\n<p style=\"text-align: justify;\">Komisyon Ba\u015fkan\u0131 L\u00fctf\u00fc Elvan araya girerek milletvekillerini sakin olmaya davet etti. Erdo\u011fdu, &#8220;Say\u0131n Ba\u015fkan ben b\u00fcrokrasiden geliyorum. Bir bakan\u0131n \u00fcslubunu bilmesi laz\u0131m. Demin, parma\u011f\u0131n\u0131 uzat\u0131p &#8216;senin g\u00f6z\u00fcne girerim&#8217; diyor.<\/p>\n<p style=\"text-align: justify;\">Bir bakan b\u00f6yle konu\u015fur mu?&#8221; diye s\u00f6zlerini s\u00fcrd\u00fcrd\u00fc. Bakan Ergin de, &#8220;Otur yerine. Siz istedi\u011finiz gibi ele\u015ftiriyorsunuz&#8221; diye tepki g\u00f6sterdi.<\/p>\n<p style=\"text-align: justify;\"><a href=\"http:\/\/www.cumhuriyet.com.tr\/?hn=293850\" target=\"_blank\">Kaynak : Cumhuriyet Haber Portal\u0131<\/a><\/p>\n","protected":false},"excerpt":{"rendered":"<p style=\"text-align: center;\">\n<p style=\"text-align: justify;\">CHP \u0130stanbul Milletvekili Aykut Erdo\u011fdu, Adalet Bakan\u0131 Sadullah Ergin&#8217;in CHP Milletvekili Levent G\u00f6k&#8217;\u00fcn &#8220;G\u00f6z\u00fcme bak&#8221; \u00e7a\u011fr\u0131s\u0131 \u00fczerine, &#8220;G\u00f6z\u00fcne girerim&#8221; dedi\u011fini belirterek, &#8220;Haddini bil, \u00fcslubunu bil, \u00f6yle konu\u015f. O g\u00f6zl\u00fc\u011f\u00fc g\u00f6z\u00fcne sokar\u0131m&#8221; diye ba\u011f\u0131rd\u0131.<\/p>\n","protected":false},"author":1,"featured_media":0,"comment_status":"open","ping_status":"open","sticky":false,"template":"","format":"standard","meta":{"footnotes":""},"categories":[105],"tags":[],"class_list":["post-42733","post","type-post","status-publish","format-standard","hentry","category-gundem","odd"],"_links":{"self":[{"href":"http:\/\/www.korhanyilmaz.com\/index.php?rest_route=\/wp\/v2\/posts\/42733","targetHints":{"allow":["GET"]}}],"collection":[{"href":"http:\/\/www.korhanyilmaz.com\/index.php?rest_route=\/wp\/v2\/posts"}],"about":[{"href":"http:\/\/www.korhanyilmaz.com\/index.php?rest_route=\/wp\/v2\/types\/post"}],"author":[{"embeddable":true,"href":"http:\/\/www.korhanyilmaz.com\/index.php?rest_route=\/wp\/v2\/users\/1"}],"replies":[{"embeddable":true,"href":"http:\/\/www.korhanyilmaz.com\/index.php?rest_route=%2Fwp%2Fv2%2Fcomments&post=42733"}],"version-history":[{"count":0,"href":"http:\/\/www.korhanyilmaz.com\/index.php?rest_route=\/wp\/v2\/posts\/42733\/revisions"}],"wp:attachment":[{"href":"http:\/\/www.korhanyilmaz.com\/index.php?rest_route=%2Fwp%2Fv2%2Fmedia&parent=42733"}],"wp:term":[{"taxonomy":"category","embeddable":true,"href":"http:\/\/www.korhanyilmaz.com\/index.php?rest_route=%2Fwp%2Fv2%2Fcategories&post=42733"},{"taxonomy":"post_tag","embeddable":true,"href":"http:\/\/www.korhanyilmaz.com\/index.php?rest_route=%2Fwp%2Fv2%2Ftags&post=42733"}],"curies":[{"name":"wp","href":"https:\/\/api.w.org\/{rel}","templated":true}]}}