{"id":42728,"date":"2011-11-18T07:40:06","date_gmt":"2011-11-18T05:40:06","guid":{"rendered":"http:\/\/www.korhanyilmaz.com\/?p=42728"},"modified":"2011-11-18T10:46:22","modified_gmt":"2011-11-18T08:46:22","slug":"buna-cinayet-demeyip-ne-diyecegiz","status":"publish","type":"post","link":"http:\/\/www.korhanyilmaz.com\/?p=42728","title":{"rendered":"Buna Cinayet demeyip ne diyece\u011fiz"},"content":{"rendered":"<p style=\"text-align: justify;\">\n<p style=\"text-align: justify;\"><a href=\"http:\/\/www.korhanyilmaz.com\/wp-content\/uploads\/2011\/11\/71431.jpg\"  class=\"lightview\"><img loading=\"lazy\" decoding=\"async\" class=\"aligncenter size-full wp-image-42730\" title=\"\" src=\"http:\/\/www.korhanyilmaz.com\/wp-content\/uploads\/2011\/11\/71431.jpg\" alt=\"\" width=\"313\" height=\"219\" \/><\/a><\/p>\n<p style=\"text-align: justify;\">Odatv davas\u0131n\u0131n tutuklu san\u0131\u011f\u0131 K\u00e2\u015fif Kozino\u011flu ge\u00e7en cumartesi g\u00fcn\u00fc ya\u015fam\u0131n\u0131 yitirdi. Savc\u0131lar\u0131n Kozino\u011flu\u2019na yapt\u0131klar\u0131 su\u00e7lama Odatv\u2019ye devletin gizli belgelerini s\u0131zd\u0131rmakt\u0131. Kozino\u011flu, hakk\u0131ndaki iddialara yan\u0131t veremedi.<\/p>\n<p style=\"text-align: justify;\">Gelin Kozino\u011flu\u2019na yap\u0131lan su\u00e7lamalara bir ba\u015fka a\u00e7\u0131dan bakal\u0131m.\u00a0<!--more--><\/p>\n<p style=\"text-align: justify;\"><strong>SU\u00c7LAMALAR \u0130NANDIRICI MI?\u00a0<\/strong><\/p>\n<p style=\"text-align: justify;\">Art\u0131k be\u015finci y\u0131l\u0131nda olan Ergenekon Davas\u0131\u2019n\u0131n tipik bir \u00f6zelli\u011fi var. Her dalgada mutlak kamuoyu \u00fczerinde tart\u0131\u015fma olan bir isim tutuklan\u0131yor. Bu ki\u015filer neredeyse yarg\u0131lanmadan su\u00e7lu kabul ediliyor. K\u00e2\u015fif Kozino\u011flu\u2019da b\u00f6yle bir isimdi. \u00d6zel Harp Dairesi ge\u00e7mi\u015fi, M\u0130T\u2019te ald\u0131\u011f\u0131 g\u00f6revler, Alaattin \u00c7ak\u0131c\u0131 davas\u0131nda Yarg\u0131tay Ba\u015fkan\u0131 Eraslan \u00d6zkaya ile yapt\u0131\u011f\u0131 konu\u015fma bu alg\u0131n\u0131n kabul g\u00f6rmesini sa\u011flad\u0131.<\/p>\n<p style=\"text-align: justify;\"><strong>Peki ger\u00e7ekten Kozino\u011flu hakk\u0131nda h\u00fck\u00fcm vermemize neden olacak deliller Odatv iddianamesinde ve eklerinde var m\u0131?\u00a0<\/strong><\/p>\n<p style=\"text-align: justify;\">\u00d6ncelikle \u015funu s\u00f6yleyelim, Kozino\u011flu aleyhindeki t\u00fcm yarg\u0131lara ra\u011fmen Odatv iddianamesinde soru\u015fturmayla en ilgisiz tan\u0131k&#8230; Odatv iddianamesi esas olarak gazetecilik tutumunu hedef al\u0131yor. Oysa Kozino\u011flu&#8217;nun \u00e7al\u0131\u015fmalar\u0131n\u0131n davan\u0131n esas\u0131yla ili\u015fkisi olmad\u0131\u011f\u0131 gibi, Kozino\u011flu davan\u0131n di\u011fer 13 san\u0131\u011f\u0131yla da hi\u00e7 tan\u0131\u015fm\u0131yor.<\/p>\n<p style=\"text-align: justify;\">Savc\u0131l\u0131\u011f\u0131n Kozino\u011flu\u2019na bu \u015fartlarda yapt\u0131\u011f\u0131 su\u00e7lama, devletin gizli belgelerini Odatv\u2019ye s\u0131zd\u0131rmak. Kozino\u011flu hakk\u0131nda yaz\u0131lanlar ise hukuk tekni\u011fi a\u00e7\u0131s\u0131ndan olduk\u00e7a tart\u0131\u015fmal\u0131. Savc\u0131 Kozino\u011flu\u2019nun Odatv\u2019ye belge s\u0131zd\u0131rd\u0131\u011f\u0131 iddias\u0131yla cezaland\u0131r\u0131lmas\u0131n\u0131 istiyor. Ancak buna ili\u015fkin Odatv bilgisayar\u0131nda bulundu\u011fu iddia edilen \u201cKozino\u011flu\u201dndan gelen belgeleri mutlaka g\u00fcndeme ta\u015f\u0131yal\u0131m. Kozino\u011flu\u2019ndan gelen di\u011fer belgeleride de\u011ferlendirelim\u201d notu d\u0131\u015f\u0131nda hi\u00e7bir delil sunmuyor. Bilindi\u011fi gibi bu notlar\u0131n d\u0131\u015far\u0131dan g\u00f6nderildi\u011finde ili\u015fkin Odatv bir\u00e7ok kan\u0131t sundu. Bundan ba\u015fka Kozino\u011flu hakk\u0131nda iddianameye al\u0131nan 11 kalem delil vard\u0131r. 7\u2019si 1. ve 2. Ergenekon Davas\u0131 san\u0131klar\u0131n\u0131n bilgisayar\u0131nda bulundu\u011fu iddia edilen notlar. Bu notlar\u0131n 6 tanesi Kozino\u011flu aleyhinde kanaatlerden olu\u015fuyor. Yani dava san\u0131klar\u0131n\u0131n genel olarak Kozino\u011flu\u2019yla y\u0131ld\u0131z\u0131 pek bar\u0131\u015f\u0131k de\u011fil. Bir tanesi ise Adil Serdar Sa\u00e7an\u2019\u0131n Akbabalar\u0131n \u0130ktidar\u0131 kitab\u0131n\u0131n notlar\u0131 aras\u0131nda yer alan \u201cAnla\u015f\u0131lan \u00d6zkaya ve Bozkurt laik ve ulusalc\u0131 kimlikleri nedeni ile hedef haline gelmi\u015flerdi ve teti\u011fi F tipiler \u00e7ekiyordu. Ayn\u0131 olaya dahil edilen Ka\u015fif Kozino\u011flu ise yurt d\u0131\u015f\u0131ndaki F tipi okullarla ilgili bir ara\u015ft\u0131rma yapmakla \u2013F tipicilerle- su\u00e7lan\u0131yordu\u2026\u201d ifadeleri&#8230;<\/p>\n<p style=\"text-align: justify;\">Kozino\u011flu\u2019nun ger\u00e7ekte neden san\u0131k oldu\u011funu a\u00e7\u0131klayan tek sat\u0131rlar bunlar.<\/p>\n<p style=\"text-align: justify;\">\u0130ddianame\u2019de Kozino\u011flu aleyhinde bir gizli tan\u0131k ifadesi ve 3 tane de telefon konu\u015fmas\u0131 var. Bunlar\u0131n da Kozino\u011flu&#8217;na y\u00f6neltilen su\u00e7lamayla ilgisi yok. K\u0131sacas\u0131 Kozino\u011flu\u2019na y\u00f6neltilen su\u00e7lama ile iddianamedeki deliller bamba\u015fka.<\/p>\n<p style=\"text-align: justify;\">\u015eimdi ek klas\u00f6rlerde, bir k\u0131sm\u0131 iddianamede yer alan , Kozino\u011flu hakk\u0131ndaki belgelere bakal\u0131m.<\/p>\n<p style=\"text-align: justify;\"><strong>KOZ\u0130NO\u011eLU NE ZAMAN SORU\u015eTURULMAYA BA\u015eLANDI\u00a0<\/strong><\/p>\n<p style=\"text-align: justify;\">Kozino\u011flu\u2019na y\u00f6neltilen su\u00e7lama Odatv\u2019ye belge s\u0131zd\u0131rmak. Do\u011fal olarak bu iddia 14 \u015eubat 2011\u2019de ger\u00e7ekle\u015fen Odatv bask\u0131n\u0131yla bulundu\u011fu iddia edilen dijital belgelere dayand\u0131r\u0131l\u0131yor. Ancak bu noktada \u00f6nemli bir yar\u0131nt\u0131 dikkat \u00e7ekiyor.<\/p>\n<p style=\"text-align: justify;\">\u0130stanbul Cumhuriyet Savc\u0131l\u0131\u011f\u0131\u2019na Mart 2009\u2019da Zafer Sancak imzal\u0131 8 sayfal\u0131k bir ihbar mektubu ula\u015f\u0131yor. Sancak\u2019\u0131n mektubu esas olarak 2. Ergenekon Davas\u0131 san\u0131\u011f\u0131 Levent G\u00f6kta\u015f \u00fczerine&#8230; Sancak, G\u00f6kta\u015f\u2019\u0131n Harp Okulu\u2019nda devre arkada\u015f\u0131 oldu\u011funu iddia ediyor. Mektubun i\u00e7eri\u011finde G\u00f6kta\u015f hakk\u0131nda ayr\u0131nt\u0131l\u0131 bir istihbarat \u00e7al\u0131\u015fmas\u0131 yap\u0131ld\u0131\u011f\u0131 izlenimi ediniliyor.<\/p>\n<p style=\"text-align: justify;\">\u00d6rne\u011fin \u201cAilesinin \u00c7erkez oldu\u011funu ifade etmesine ra\u011fmen b\u00fcy\u00fckannesinin Ermeni oldu\u011funu bilmekteyim\u201d gibi k\u00f6keninden ba\u015flayarak kar\u0131s\u0131 ile evlenme hik\u00e2yesine, G\u00f6kta\u015f\u2019\u0131n askerli\u011fi boyunca yapt\u0131\u011f\u0131 faaliyetlere kadar ancak istihbarat \u00e7al\u0131\u015fmas\u0131n\u0131n konusu olabilecek noktalar mektupla g\u00f6nderiliyor. Bu takma isimle g\u00f6nderilen ihbar mektubunun do\u011frulu\u011fu tart\u0131\u015fmal\u0131&#8230;<\/p>\n<p style=\"text-align: justify;\">Zafer Sancak imzal\u0131 bu mektupta Ka\u015fif Kozino\u011flu ile Levent G\u00f6kta\u015f aras\u0131nda rekabet oldu\u011fu, hatta G\u00f6kta\u015f\u2019\u0131n M\u0130T M\u00fcste\u015farl\u0131\u011f\u0131n\u0131 Kozino\u011flu\u2019nun \u00f6nledi\u011fi iddia ediliyor. K\u0131saca ihbara g\u00f6re Ergenekon san\u0131\u011f\u0131 G\u00f6kta\u015f ile 2 y\u0131l sonra san\u0131k olacak Kozino\u011flu hem \u00d6zel Kuvvetler\u2019de hem daha sonra kavga halinde. Nas\u0131lsa bu mektup ikisini de san\u0131k yap\u0131yor.<\/p>\n<p style=\"text-align: justify;\">Zekeriya \u00d6z, bu ihbar\u0131 26 Mart 2009 tarihinde \u0130stanbul Ter\u00f6rle M\u00fccadele \u015eubesine g\u00f6nderdi. 8 Nisan 2009\u2019da \u015fube, savc\u0131l\u0131ktan Kozino\u011flu\u2019nun telefonlar\u0131n\u0131n dinlenmesi karar\u0131 al\u0131nmas\u0131n\u0131 talep etti. \u0130stanbul 13. A\u011f\u0131r Ceza Mahkemesi 10 Nisan 2009\u2019da 3ay s\u00fcre ile Kozino\u011flu\u2019nun telefonlar\u0131n\u0131n dinlenmesi karar\u0131n\u0131 ald\u0131. B\u00f6ylece Kozino\u011flu hakk\u0131ndaki s\u00fcre\u00e7 ba\u015flam\u0131\u015f oldu. Ard\u0131ndan 4 kez, toplam 6 ayl\u0131\u011f\u0131na daha dinleme karar\u0131 al\u0131nd\u0131. 10 Ocak 2010 tarihine kadar dinlenen Kozino\u011flu\u2019na dair somut bir delile ula\u015f\u0131lmad\u0131. K\u0131sacas\u0131 Kozino\u011flu Odatv bask\u0131n\u0131ndan iki y\u0131l \u00f6nce \u0130stanbul Cumhuriyet Savc\u0131l\u0131\u011f\u0131 ve Emniyet taraf\u0131ndan takip alt\u0131na al\u0131nm\u0131\u015ft\u0131.<\/p>\n<p style=\"text-align: justify;\"><strong>SABANCI SU\u0130KASTI\u00a0<\/strong><\/p>\n<p style=\"text-align: justify;\">Kozino\u011flu hakk\u0131nda iddianamede yer verilen bir ba\u015fka not, 1. Ergenekon Davas\u0131 san\u0131\u011f\u0131 gazeteci Hikmet \u00c7i\u00e7ek\u2019e ait flash diskte yer al\u0131yor. \u0130ddianame\u2019de \u00c7i\u00e7ekten \u00e7\u0131kan belgede \u015funlar\u0131n yer ald\u0131\u011f\u0131 yaz\u0131yor: \u201cBinba\u015f\u0131 Ka\u015fif, \u00d6zel Harp\u00e7i CIA\u2019n\u0131n T\u00fcrkiye\u2019deki operasyon ekibinin kilit elemanlar\u0131ndan. \u00dclk\u00fcc\u00fc. Genelkurmay Ba\u015fkanl\u0131\u011f\u0131 \u00d6zel Kuvvetler Komutanl\u0131\u011f\u0131\u2019na ba\u011fl\u0131. Bir ara Genelkurmay\u2019dan kovuldu. Ama M\u0130T\u2019ten ayr\u0131lmas\u0131nda o hakl\u0131yd\u0131. Eym\u00fcr, operasyon i\u00e7in paray\u0131 sen bulacaks\u0131n diye dayatt\u0131. Binba\u015f\u0131 K\u00e2\u015fif buna kar\u015f\u0131 \u00e7\u0131kt\u0131, direndi ve kovuldu. Binba\u015f\u0131 K\u00e2\u015fif\u2019in uyu\u015fturucu ticaretinde kritik bir yeri var. ..\u201d<\/p>\n<p style=\"text-align: justify;\">Belge\u2019nin asl\u0131na 34 ek klas\u00f6rde bakt\u0131\u011f\u0131m\u0131zda, Hikmet \u00c7i\u00e7ek\u2019in bir ba\u015fka ismin a\u00e7\u0131klamalar\u0131n\u0131 not almas\u0131yla 10 Haziran 1997 tarihinde olu\u015fturuldu\u011funu g\u00f6r\u00fcyoruz. Ancak a\u00e7\u0131klamalar\u0131n esas\u0131 Sabanc\u0131 Suikast\u0131 \u00fczerine. E\u011fer savc\u0131 bu a\u00e7\u0131klamalar\u0131 ciddiye alarak iddianameye koyduysa vahim bir durum var. Zira a\u00e7\u0131klaman\u0131n esas\u0131nda \u00d6zer \u00c7iller\u2019in silah sekt\u00f6r\u00fcne girecek Sabanc\u0131 ile anla\u015famad\u0131\u011f\u0131 i\u00e7in cinayeti istedi\u011fi, cinayetin M\u0130T Kontr Ter\u00f6r Daire Ba\u015fkan\u0131 Mehmet Eym\u00fcr ve Abdullah \u00c7atl\u0131 taraf\u0131ndan \u00f6rg\u00fctlendi\u011fi anlat\u0131l\u0131yor. Cinayetin i\u00e7inde \u0130stanbul Emniyet Ter\u00f6rle M\u00fccadele \u015eubesi\u2019nin de oldu\u011fu hatta Mustafa Duyar\u2019\u0131 cinayet mahalline Ter\u00f6rle M\u00fccadele \u015eubesi Polislerinin getirip g\u00f6t\u00fcrd\u00fc\u011f\u00fc bilgisi yer al\u0131yor.<\/p>\n<p style=\"text-align: justify;\"><strong>A\u00e7\u0131klamada DHKP-C\u2019nin polis taraf\u0131ndan kuruldu\u011fu, M\u0130T\u2019in kontrol\u00fcnde oldu\u011fu iddia ediliyor. Savc\u0131l\u0131k e\u011fer bu belgeyi ciddiye ald\u0131ysa neden di\u011fer isimler hakk\u0131nda soru\u015fturma y\u00fcr\u00fctmedi?\u00a0<\/strong><\/p>\n<p style=\"text-align: justify;\">\u00d6rne\u011fin \u00d6zbek General Ra\u015fit Dostum\u2019u Turgut \u00d6zal ile Kozino\u011flu\u2019nun tan\u0131\u015ft\u0131rd\u0131\u011f\u0131 iddia edilirken, Abdullah \u00c7atl\u0131\u2019n\u0131n Korkut \u00d6zal, Mehmet Ke\u00e7eciler ve Abdulkadir Aksu ile ortak i\u015fler yapt\u0131\u011f\u0131 iddia ediliyor. A\u00e7\u0131klamalar o kadar komplocu ki Sabanc\u0131 Suikast\u0131n\u0131 ger\u00e7ekle\u015ftirenlerin \u00c7atl\u0131\u2019n\u0131n himayesinde Rahmi Ko\u00e7\u2019un evinde kald\u0131\u011f\u0131 dahi iddia ediliyor. Hatta cinayet: DHKP\u2019nin \u00fcstlenmesinin kar\u015f\u0131l\u0131\u011f\u0131 \u015f\u00f6yle komik bir \u015fekilde anlat\u0131l\u0131yor: &#8220;Karata\u015f paran\u0131n Gulden olarak (Hollanda&#8217;n\u0131n eski para birimi) istemesi \u00fczerine k\u00fc\u00e7\u00fck \u00e7apl\u0131 bir kriz \u00e7\u0131kt\u0131. T\u00fcrkiye\u2019de o kadar Gulden bulunamad\u0131.\u201d<\/p>\n<p style=\"text-align: justify;\">Dedi\u011fim gibi sa\u011fl\u0131kl\u0131 bir kafayla d\u00fc\u015f\u00fcn\u00fcnce, kayna\u011f\u0131 belirsiz a\u00e7\u0131klamalar, komplo teorileri cenneti T\u00fcrkiye\u2019ye \u00f6zg\u00fc gibi geliyor. Ancak yine de tekrar soral\u0131m Kozino\u011flu hakk\u0131nda yaz\u0131lanlar\u0131 ciddiye alan savc\u0131l\u0131k di\u011fer isimler i\u00e7in ayn\u0131 s\u00fcreci neden takip etmedi? San\u0131r\u0131z \u0130stanbul Savc\u0131l\u0131\u011f\u0131n\u0131n Susurluk dokunulmazl\u0131\u011f\u0131na tak\u0131ld\u0131.<\/p>\n<p style=\"text-align: justify;\"><strong>2.SABANCI SU\u0130KASTI\u00a0<\/strong><\/p>\n<p style=\"text-align: justify;\">Yine 34. Delil klas\u00f6r\u00fcnde Kozino\u011flu\u2019nu ilgilendiren inan\u0131lmaz ihbar var. 3 Ocak 2011 tarihli ihbar notunu \u201cSerg\u00fcnhan Topal\u201d isimli bir vatanda\u015f yazarak polise g\u00f6ndermi\u015f. \u0130hbarda Kozino\u011flu \u015f\u00f6yle hedef al\u0131n\u0131yor. \u201cK\u00e2\u015fif Kozino\u011flu J\u0130TEM sorumlusu Binba\u015f\u0131 Mehmet (Hasan) \u00c7all\u0131\u2019y\u0131 \u00f6ld\u00fcrd\u00fc. Ka\u015fif Kozino\u011flu\u2019nun amac\u0131 G\u00fcler Sabanc\u0131 \u00fczerinden Sabanc\u0131 Holdingi ele ge\u00e7irmekti.\u201d<\/p>\n<p style=\"text-align: justify;\">Savc\u0131l\u0131\u011f\u0131n ciddiye alarak delil klas\u00f6r\u00fcne koydu\u011fu bu ihbar insan akl\u0131na hakaret gibi. \u00d6rne\u011fin ihbar\u0131 yapan vatanda\u015f Ergenekon\u2019un kendisini nas\u0131l hedef g\u00f6sterdi\u011fini \u015f\u00f6yle anlat\u0131yor:<\/p>\n<p style=\"text-align: justify;\">\u201c1 Nisan 2004 Posta Gazetesi ve 5 Nisan tarihli Star Gazetesi, Ak\u015fam Gazetesi 1. Sayfadan s\u00fcrman\u015fet \u0130spanya\u2019da Tren Bombalama Eylemini Tunuslu Ter\u00f6rist Serhan organize etti lider SERHAN\u2019d\u0131r diyerek J\u0130TEM\u2019e Ergenekon&#8217;a mesaj verdiler.\u201d<\/p>\n<p style=\"text-align: justify;\">Yine savc\u0131n\u0131n ciddiye ald\u0131\u011f\u0131 vatanda\u015f\u0131n ihbar\u0131n\u0131n devam\u0131 \u015f\u00f6yle: \u201c1 Nisan 2004\u2019te Show Televizyonunda Popstar M\u00fczik yar\u0131\u015fmas\u0131 ba\u015flar. Yar\u0131\u015fmaya Sel\u00e7uk Demirelli ad\u0131nda bir g\u00fcn \u00f6nce \u00f6ld\u00fcr\u00fclen J\u0130TEM sorumlusu Jandarma Binba\u015f\u0131 Hasan \u00c7all\u0131\u2019n\u0131n benzeri kat\u0131l\u0131r ve yar\u0131\u015fmay\u0131 kazan\u0131r ve Hasan \u00c7all\u0131 onure edilir. Ayr\u0131ca \u015fark\u0131lardaki mesajlar arac\u0131l\u0131\u011f\u0131yla mesajla\u015f\u0131l\u0131r.\u201d<\/p>\n<p style=\"text-align: justify;\">\u0130hbar mektubu o kadar u\u00e7uk ki sonunda kendini de \u015f\u00f6yle ihbar ediyor.<\/p>\n<p style=\"text-align: justify;\">\u201cBarut\u00e7u Apartman\u0131nda ikamet ediyorum. Barut\u00e7u demek tetik\u00e7i demektir. Tetik\u00e7ilere emir veren ise emekli Albay Fikri Karada\u011f\u2019d\u0131r.\u201d Devam\u0131nda \u015f\u00f6yle diyor: \u201cE\u015fimin teyzesi o\u011flu ve ablas\u0131n\u0131n kocas\u0131 Mehmet Efendio\u011flu kendisi Ergenekon mafyas\u0131 \u00fcyesidir. E\u015fim onun arac\u0131l\u0131\u011f\u0131yla Ergenekon\u2019a hizmet etmektedir. Bu ama\u00e7la benim uyar\u0131lar\u0131ma ra\u011fmen evin t\u00fcl perdesini \u00e7ok ince i\u00e7eriyi g\u00f6steren model yapt\u0131rd\u0131 ve \u015fimdi evimizin tam kar\u015f\u0131s\u0131ndaki apartman\u0131n \u00f6zellikle 5. ve 4. kat\u0131ndan s\u00fcrekli g\u00f6zetleniyorum. Ama\u00e7 d\u00fcrb\u00fcnl\u00fc t\u00fcfekle beni \u00f6ld\u00fcrmek ve kaza s\u00fcs\u00fc vermek\u201d<\/p>\n<p style=\"text-align: justify;\">Sabanc\u0131 Ailesi ile M\u0130T M\u00fcste\u015far\u0131 Hakan Fidan\u2019\u0131n i\u00e7me suyuna uyu\u015fturucu koyup ailesini \u00f6ld\u00fcrece\u011fini iddia eden vatanda\u015f\u0131 savc\u0131lar\u0131n neden ciddiye ald\u0131\u011f\u0131n\u0131 mektubun sonundan anl\u0131yoruz:<\/p>\n<p style=\"text-align: justify;\">\u201c2005 y\u0131l\u0131ndan itibaren Bayrampa\u015fa \u00d6DP ve Emek Partisi bizim soka\u011f\u0131n yan\u0131na ta\u015f\u0131nd\u0131. \u0130\u015f\u00e7i Partisi ise benim tak\u0131ld\u0131\u011f\u0131m kahvehanenin biti\u015fi\u011fine ta\u015f\u0131nd\u0131. Ama\u00e7 beni yanlar\u0131na \u00e7ekip entrika \u00e7evirmek, infaz etmek. Ancak ben bu partilere gitmedim. Ak Parti\u2019ye \u00fcye oldum.&#8221;<\/p>\n<p style=\"text-align: justify;\">\u0130hbarc\u0131 vatanda\u015f\u0131n rahats\u0131zl\u0131\u011f\u0131 hakk\u0131nda te\u015fhiste bulunabiliyoruz. Ancak bunu delil diye klas\u00f6re koyan savc\u0131l\u0131\u011fa ne diyelim bilemiyoruz. Ya bu mektup hakk\u0131nda rapor haz\u0131rlayan polise\u2026<\/p>\n<p style=\"text-align: justify;\"><strong>G\u0130ZL\u0130 TANIK KISKA\u00c7\u00a0<\/strong><\/p>\n<p style=\"text-align: justify;\">Kozino\u011flu aleyhinde iddianamede de yer alan bir ifade ise K\u0131ska\u00e7\u2019a ait. K\u0131ska\u00e7\u2019\u0131n ifadesinin Kozino\u011flu b\u00f6l\u00fcm\u00fc \u015f\u00f6yle: \u201cBen Adnan \u00c7i\u00e7ek\u2019in referans\u0131yla Anakara Bah\u00e7elievler\u2019de bulunan M\u0130T binas\u0131na giderek K\u00e2\u015fif Kozino\u011flu ile g\u00f6r\u00fc\u015ft\u00fcm. Ter\u00f6r \u00f6rg\u00fctlerinden tehditler ald\u0131\u011f\u0131m i\u00e7in yurtd\u0131\u015f\u0131na \u00e7\u0131kmak istedi\u011fimi kendisine s\u00f6yledim. Alaattin \u00c7ak\u0131c\u0131\u2019dan bahsederken Reis diye konu\u015fuyordu.\u201d<\/p>\n<p style=\"text-align: justify;\">K\u0131ska\u00e7\u2019\u0131n ba\u015fta Ergenekon san\u0131\u011f\u0131 Osman G\u00fcrb\u00fcz olmak \u00fczere bir\u00e7ok san\u0131k hakk\u0131nda yapt\u0131\u011f\u0131 su\u00e7lamalar\u0131n yer ald\u0131\u011f\u0131 ifade 35. Delil klas\u00f6r\u00fcnde var. Kendisini Jandarma \u0130stihbarat eleman\u0131 olarak tan\u0131tan K\u0131sak\u00e7\u2019\u0131n Osman G\u00fcrb\u00fcz\u2019\u00fcn eski e\u015finin kocas\u0131 oldu\u011funu Mustafa Balbay ortaya \u00e7\u0131kard\u0131. G\u00fcrb\u00fcz borcu olan birine para \u00f6dememek i\u00e7in onu Ergenekon \u00fcyesi olmakla bile su\u00e7lad\u0131. Bu da \u0130stanbul Cumhuriyet Savc\u0131l\u0131\u011f\u0131na a\u00e7\u0131lan bir soru\u015fturmaya konu oldu.<\/p>\n<p style=\"text-align: justify;\"><strong>PER\u0130N\u00c7EK\u2019E SU\u0130KAST\u00a0<\/strong><\/p>\n<p style=\"text-align: justify;\">Ek klas\u00f6rde dikkat \u00e7eken bir di\u011fer belge ise \u0130\u015f\u00e7i Partisi Lideri ve Ergenekon Davas\u0131 San\u0131\u011f\u0131 Do\u011fu Perin\u00e7ek\u2019e Ka\u015fif Kozino\u011flu\u2019nun da aralar\u0131nda bulundu\u011fu M\u0130T mensuplar\u0131n\u0131n suikast d\u00fczenleyece\u011fine dair \u0130P\u2019in \u015fikayet dilek\u00e7esi. K\u0131sacas\u0131 Ergenekon Davas\u0131 tutuklusu Kozino\u011flu\u2019nun ayn\u0131 davadan tutuklu Perin\u00e7ek\u2019e suikast iddias\u0131yla yarg\u0131lanmas\u0131 istemi dahi durumu g\u00f6steriyor. \u0130lgin\u00e7 olan ise Ba\u015fbakan Erdo\u011fan\u2019\u0131n Kozino\u011flu hakk\u0131nda \u0130P\u2019in a\u00e7t\u0131\u011f\u0131 davayla ilgili olarak soru\u015fturma izni vermemesi.<\/p>\n<p style=\"text-align: justify;\">Ek klas\u00f6rde yine Do\u011fu Perin\u00e7ek\u2019in 1998 y\u0131l\u0131nda yapt\u0131\u011f\u0131 ve Kozino\u011flu\u2019nu ABD\u2019ye yak\u0131n olmakla su\u00e7lad\u0131\u011f\u0131 r\u00f6portaj da var. Yine Perin\u00e7ek\u2019in avukat\u0131 Nusret Senem\u2019in \u015fikayet\u00e7i oldu\u011fu davada sordu\u011fu sorular da&#8230;<\/p>\n<p style=\"text-align: justify;\"><strong>HANEF\u0130 AVCI\u2019NIN ELE\u015eT\u0130R\u0130S\u0130\u00a0<\/strong><\/p>\n<p style=\"text-align: justify;\">Ergenekon san\u0131klar\u0131nda ele ge\u00e7irilen &#8220;\u015eirket ve K\u00f6stebekler&#8221; ismindeki word dok\u00fcman\u0131 da savc\u0131n\u0131n iddianameye ald\u0131\u011f\u0131 belgelerden&#8230; Ancak bu belgede de Kozino\u011flu ABD\u2019ye yak\u0131n oldu\u011fu iddias\u0131yla \u00e7ok sert ele\u015ftiriliyor. Kozino\u011flu Afganistan, Uygur, \u00c7e\u00e7enistan ve Azerbaycan\u2019da ABD ad\u0131na faaliyet y\u00fcr\u00fctmekle su\u00e7lan\u0131yor.<\/p>\n<p style=\"text-align: justify;\">Yine Ergenekon san\u0131klar\u0131ndan Erkut Ersoy\u2019un bilgisayar\u0131ndaki bir notta Kozino\u011flu, AKP\u2019li bir belediye ba\u015fkan\u0131yla temas kurmakla, \u0130brahim \u015eahin\u2019de bulunan bir notta ise Uygur B\u00f6lgesindeki olaylarda G\u00fcl ve Erdo\u011fan ile i\u015fbirli\u011fi yapmakla ele\u015ftiriliyor.<\/p>\n<p style=\"text-align: justify;\">Bir ba\u015fka ilgin\u00e7 belge ise Mehmet Eym\u00fcr hakk\u0131ndaki soru\u015fturman\u0131n tutanaklar\u0131. Tarihi 4 \u015eubat 1997. Soru\u015fturmada g\u00f6r\u00fc\u015f bildiren Hanefi Avc\u0131 \u201cBu Ka\u015fif Y\u00fczba\u015f\u0131 da Duran F\u0131rat dedi\u011fimiz insan da hepsi Eym\u00fcr\u2019\u00fcn grubu\u2026 K\u00e2\u015fif Y\u00fczba\u015f\u0131? \u015eimdi r\u00fctbesi daha b\u00fcy\u00fcm\u00fc\u015f olabilir. \u00d6yle duymu\u015ftum ama \u015fuanda orada m\u0131 ayr\u0131ld\u0131 m\u0131 bilmiyorum.&#8221;<\/p>\n<p style=\"text-align: justify;\">Avc\u0131, soru\u015fturmada Kozino\u011flu\u2019nun aleyhinde konu\u015fuyor. E\u011fer Kozino\u011flu ya\u015fasayd\u0131 Avc\u0131 ile mahkemeye \u00e7\u0131kacaklard\u0131.<\/p>\n<p style=\"text-align: justify;\">Mehmet Eym\u00fcr ise \u201cKa\u015fif Kozino\u011flu benimle bir m\u00fcddet \u00e7al\u0131\u015fm\u0131\u015ft\u0131r. Makamlar\u0131nca bu personelle ilgili menfi kanaatlerim bilinmektedir.\u201d \u0130fadeleriyle Kozino\u011flu hakk\u0131ndaki olumsuz g\u00f6r\u00fc\u015flerini ortaya koyuyor.<\/p>\n<p style=\"text-align: justify;\">Yine Ergun Poyraz, Mustafa H\u00fcseyin Buzo\u011flu ve \u0130smail Y\u0131ld\u0131z\u2019da bulunan notlarda da Kozino\u011flu Eym\u00fcr ve ABD ba\u011flant\u0131s\u0131yla su\u00e7lan\u0131yor. Ek klas\u00f6rlerde bunlar\u0131n yan\u0131 s\u0131ra Kozino\u011flu hakk\u0131nda da \u00e7e\u015fitli gazetelerde yer alan haberler bulunuyor. Kozino\u011flu hakk\u0131nda ek klas\u00f6rlerde yer alan belgeler bu \u015fekilde. Ergenekon san\u0131klar\u0131 ile Kozino\u011flu\u2019nun ili\u015fkisinin pek de iyi olmad\u0131\u011f\u0131n\u0131 g\u00f6steren belgelerle Kozino\u011flu Ergenekonla ili\u015fkilendiriliyor. \u00dcstelik bu delillerin hi\u00e7 biri Kozino\u011flu\u2019na yap\u0131lan belge s\u0131zd\u0131rma iddias\u0131n\u0131 desteklemiyor. Bu belgelerle Kozino\u011flu\u2019nun 8 ay hapiste tutulmas\u0131 de\u011fil, tutuklanmas\u0131 bile m\u00fcmk\u00fcn g\u00f6r\u00fcnm\u00fcyor.<\/p>\n<p style=\"text-align: justify;\"><strong>BELGE SIZDIRMA \u0130DDASI\u00a0<\/strong><\/p>\n<p style=\"text-align: justify;\">Kozino\u011flu\u2019nun belge s\u0131zd\u0131rma iddias\u0131na kar\u015f\u0131l\u0131k avukatlar\u0131 14 Nisan 2011 ve 17 Mart 2011\u2019de birer tahliye talebini mahkemeye sundular.<\/p>\n<p style=\"text-align: justify;\">14 Nisan tarihli talepte \u015fu sat\u0131rlar dikkat \u00e7ekiyor: \u201cM\u0130T M\u00fcste\u015farl\u0131\u011f\u0131nca yap\u0131lan incelemelere dayan\u0131larak verilmi\u015f ve dosyaya intikal etmi\u015f bulunan cevaptan a\u00e7\u0131k\u00e7a g\u00f6r\u00fcld\u00fc\u011f\u00fc \u00fczere: M\u00fcvekkilimiz taraf\u0131ndan M\u0130T\u2019ten \u00e7al\u0131nd\u0131\u011f\u0131 ve ter\u00f6r \u00f6rg\u00fct\u00fcne servis edildi\u011fi iddia olunan evrak, M\u0130T\u2019in b\u00fcnyesinde muhafaza etti\u011fi \u2018m\u00fcnhas\u0131r\u2019 evrak olmay\u0131p, \u2018da\u011f\u0131t\u0131ml\u0131\u2019 evrakt\u0131r. Bu nedenle da\u011f\u0131t\u0131m\u0131n yap\u0131ld\u0131\u011f\u0131 kurulu\u015ftan sa\u011flanm\u0131\u015f olmalar\u0131 olas\u0131d\u0131r.\u201d<\/p>\n<p style=\"text-align: justify;\">71 nolu klas\u00f6rde M\u0130T\u2019in g\u00f6nderdi\u011fi yaz\u0131 avukatlar\u0131 do\u011fruluyor. S\u00f6z konusu belgelerin Ba\u015fbakanl\u0131ktan Genelkurmaya pek \u00e7ok kuruma g\u00f6nderildi\u011fi bilgisi M\u0130T\u2019in yaz\u0131s\u0131nda yer al\u0131yor.<\/p>\n<p style=\"text-align: justify;\">34 nolu klas\u00f6rde M\u0130T\u2019in g\u00f6nderdi\u011fi 15 Mart 2011 tarihli bir ba\u015fka yaz\u0131 ise gizli belgelere ula\u015fma konusunu ele al\u0131yor:<\/p>\n<p style=\"text-align: justify;\">\u201cM\u00fcste\u015farl\u0131\u011f\u0131m\u0131z bilgi sistemlerinde kullan\u0131c\u0131lar, bulundu\u011fu hiyerar\u015fi ve \u00e7al\u0131\u015ft\u0131\u011f\u0131 birim kapsam\u0131nda sadece i\u015f kurallar\u0131 d\u00e2hilinde yetkili olduklar\u0131 yaz\u0131lar ile dosyalar i\u00e7erisindeki dok\u00fcmanlara eri\u015febilmektedir. S\u00f6z konusu sistemlerdeki eri\u015fim kay\u0131t alt\u0131na al\u0131nmaktad\u0131r.<\/p>\n<p style=\"text-align: justify;\">Bu kapsamda G\u00fcvenlik \u0130stihbarat Ba\u015fkanl\u0131\u011f\u0131 emrinde g\u00f6revli olmayan K\u00e2\u015fif Kozino\u011flu\u2019nun, bu Ba\u015fkanl\u0131\u011fa ait yetkili olmad\u0131\u011f\u0131 herhangi bir dok\u00fcmana M\u00fcste\u015farl\u0131k bilgi sistemlerinden eri\u015fim imk\u00e2n\u0131 bulunmaktad\u0131r.\u201d<\/p>\n<p style=\"text-align: justify;\">K\u0131sacas\u0131 M\u0130T de Kozino\u011flu\u2019nun bu belgelere eri\u015fim imk\u00e2n\u0131 olmad\u0131\u011f\u0131n\u0131 s\u00f6yl\u00fcyor.<\/p>\n<p style=\"text-align: justify;\">Kozino\u011flu 10 Mart 2011\u2019de Savc\u0131 Zekeriya \u00d6z\u2019e verdi\u011fi ifadede bu durumu \u015f\u00f6yle anlat\u0131yor: \u201cbenim elimde Afganistan ve Pakistan B\u00f6lgesi\u2019ne ait belgeler var. O b\u00f6lgede \u00e7al\u0131\u015ft\u0131\u011f\u0131m i\u00e7in&#8230; Bizde kompart\u0131masyon sistemi vard\u0131r, ba\u015fka odalara gidip belge alamam, o belgeler nereden \u00e7\u0131kt\u0131ysa yaz\u0131c\u0131s\u0131 bellidir. Her koridorda kamera vard\u0131r, bizim koridorlara girmemiz yasakt\u0131r. Ayr\u0131 bir birimdir. Birimler aras\u0131 ge\u00e7i\u015f yasakt\u0131r.&#8221;<\/p>\n<p style=\"text-align: justify;\">Kozino\u011flu ifadesinde \u015funlar\u0131 ekliyor.<\/p>\n<p style=\"text-align: justify;\">\u201cBen Soner Yal\u00e7\u0131n\u2019\u0131 tan\u0131mam ve belge vermedim. Verilmi\u015f bir belge varsa M\u0130T bu belgeyi kimin verdi\u011fini bilir. \u00dczerinde antet vard\u0131r, \u00e7\u0131k\u0131\u015f numaras\u0131 vard\u0131r.\u201d<\/p>\n<p style=\"text-align: justify;\">K\u00e2\u015fif Kozino\u011flu kendi \u00e7al\u0131\u015fma alan\u0131n belgelerin konusu olan irtica, PKK, Irak, Rusya gibi konular olmad\u0131\u011f\u0131n\u0131 da ifadesinde belirtiyor.<\/p>\n<p style=\"text-align: justify;\"><strong>HANG\u0130 HABERLER\u00a0<\/strong><\/p>\n<p style=\"text-align: justify;\">Asl\u0131nda b\u00fct\u00fcn tart\u0131\u015fmay\u0131 bitirecek bir durum var. Odatv bilgisayarlar\u0131ndan \u00e7\u0131kan ve Kozino\u011flu\u2019nun g\u00f6nderdi\u011fi iddia edilen belgeler esas al\u0131narak hangi haberler yap\u0131lm\u0131\u015f olabilir?<\/p>\n<p style=\"text-align: justify;\">Soner Yal\u00e7\u0131n\u2019a atfedilen ifade ile bu belgeler hangi haberlerin yap\u0131m\u0131nda \u201cde\u011ferlendirilmi\u015f\u201d olabilir.<\/p>\n<p style=\"text-align: justify;\">\u0130stanbul Emniyet M\u00fcd\u00fcrl\u00fc\u011f\u00fc Polisleri Odatv haberlerini taram\u0131\u015f. Bu belgelerin kaynak olarak kullan\u0131lm\u0131\u015f olabilece\u011fini d\u00fc\u015f\u00fcnd\u00fc\u011f\u00fc ka\u00e7 haber bulabilmi\u015f derisiniz?<\/p>\n<p style=\"text-align: justify;\">Bu sorunun cevab\u0131 34. delil klas\u00f6r\u00fcn\u00fcn 166. sayfas\u0131nda var. Cevap: Bir (rakamla 1)<\/p>\n<p style=\"text-align: justify;\">O haberde \u015fu: NURCULARA HAP\u0130S YOLU G\u00d6Z\u00dcKT\u00dc (okumak i\u00e7in t\u0131klay\u0131n)<\/p>\n<p style=\"text-align: justify;\">Haber toplam d\u00f6rt c\u00fcmleden olu\u015fuyor. Haber m\u00fcd\u00fcr\u00fc olarak biliyorum ki bu haberi Rus bas\u0131n\u0131ndan ald\u0131k. Ancak polis ve savc\u0131ya g\u00f6re 37 y\u0131ll\u0131k devlet g\u00f6revlisi Kozino\u011flu, sadece bu d\u00f6rt sat\u0131rl\u0131k haber i\u00e7in hem kariyerini hem ya\u015fam\u0131n\u0131 feda etmi\u015f.<\/p>\n<p style=\"text-align: justify;\"><strong>KOZ\u0130NO\u011eLU HAKKINDA MERAK ED\u0130LENLER\u00a0<\/strong><\/p>\n<p style=\"text-align: justify;\">Kozino\u011flu y\u0131llard\u0131r merak edilen, \u00fczerinde pek \u00e7ok spek\u00fclasyon yap\u0131lan bir isim. Soru\u015fturma sayesinde belki de ilk kez kamuoyu onun hakk\u0131nda bu \u00f6l\u00e7\u00fcde bilgi sahibi oldu.<\/p>\n<p style=\"text-align: justify;\">\u00d6rne\u011fin Kozino\u011flu bilinenlerin aksine \u00c7in\u2019in Uygur B\u00f6lgesi\u2019ne hi\u00e7 gitmedi\u011fini s\u00f6yledi. Genelkurmaydan kovuldu\u011fu y\u00f6n\u00fcndeki iddialar\u0131 da yalanlayarak emekli olarak kendi iste\u011fi ile M\u0130T\u2019e ge\u00e7ti\u011fini ifade etti. Kozino\u011flu yine bilinenlerin aksine Rusya\u2019da da g\u00f6rev yapmad\u0131\u011f\u0131n\u0131 savc\u0131ya anlatt\u0131. Abdullah \u00c7atl\u0131 ve Oral \u00c7elik ile hi\u00e7 tan\u0131\u015fmad\u0131\u011f\u0131n\u0131 s\u00f6yledi. Bir\u00e7ok ki\u015fiye g\u00f6re Kozino\u011flu M\u0130T\u2019te Mehmet Eym\u00fcr ile birlikte Kontr Ter\u00f6r Dairesi\u2019nde faaliyet y\u00fcr\u00fctt\u00fc ancak Kozino\u011flu savc\u0131ya bu dairede hi\u00e7 \u00e7al\u0131\u015fmad\u0131\u011f\u0131n\u0131 s\u00f6yledi.<\/p>\n<p style=\"text-align: justify;\">Kozino\u011flu, Mehmet Eym\u00fcr Operasyon Dairesi\u2019nde iken Eym\u00fcr\u2019\u00fcn emrinde k\u0131sa s\u00fcre \u00e7al\u0131\u015ft\u0131\u011f\u0131n\u0131 belirtti. Kontr Ter\u00f6r Dairesi kapat\u0131ld\u0131ktan sonra M\u0130T\u2019e girdi\u011fini Savc\u0131 \u00d6z\u2019e aktard\u0131. Bir di\u011fer dikkat \u00e7ekici nokta Kozino\u011flu\u2019nun kendisine verilen g\u00f6revle 2010 y\u0131l\u0131nda K\u00fcrt Sorunu \u00fczerine bir rapor haz\u0131rlam\u0131\u015f olmas\u0131. Ayr\u0131ca ayn\u0131 y\u0131l ABD\u2019nin Afganistan politikas\u0131n\u0131 ele alan bir rapor daha haz\u0131rlad\u0131\u011f\u0131n\u0131 s\u00f6yledi.<\/p>\n<p style=\"text-align: justify;\"><strong>HAKAN F\u0130DAN \u0130STED\u0130\u00a0<\/strong><\/p>\n<p style=\"text-align: justify;\">Bir \u00f6nemli ayr\u0131nt\u0131 daha var. K\u00e2\u015fif Kozino\u011flu\u2019nun Ba\u015fm\u00fc\u015favir olmas\u0131 M\u0130T M\u00fcste\u015far\u0131 Hakan Fidan\u2019\u0131n iste\u011fiydi. Fidan, Kozino\u011flu ile birlikte \u00e7al\u0131\u015fma y\u00f6n\u00fcnde g\u00f6r\u00fc\u015f belirtmi\u015fti.<\/p>\n<p style=\"text-align: justify;\">Ka\u015fif Kozino\u011flu bir hukuk devletinde su\u00e7lanamayaca\u011f\u0131 delillerle tutukland\u0131. Hi\u00e7birini tan\u0131mad\u0131\u011f\u0131 13 san\u0131kla beraber hakk\u0131nda iddianame yaz\u0131ld\u0131 savc\u0131l\u0131k da di\u011fer tan\u0131klarla tek bir irtibat\u0131n\u0131 bulamad\u0131. Savc\u0131l\u0131\u011f\u0131n \u00e7a\u011f\u0131rmas\u0131yla Afganistan\u2019dan iki g\u00fcn s\u00fcren yolculukla T\u00fcrkiye\u2019ye gelen Kozino\u011flu ka\u00e7ma \u015f\u00fcphesiyle tutukland\u0131. 8 ay\u0131 a\u015fan s\u00fcre cezaevinde kald\u0131ktan sonra kendisini tutuklayanlarla hesapla\u015faca\u011f\u0131 mahkemeye \u00e7\u0131kmas\u0131na 10 g\u00fcn kala hayata veda etti.<\/p>\n<p style=\"text-align: justify;\">Buna cinayet demeyip ne diyece\u011fiz?<\/p>\n<p style=\"text-align: justify;\"><a href=\"http:\/\/www.odatv.com\/n.php?n=buna-cinayet-demeyip-ne-diyecegiz-1811111200\" target=\"_blank\">Kaynak : Bar\u0131\u015f Terko\u011flu &#8211;\u00a0Odatv.com<\/a><\/p>\n","protected":false},"excerpt":{"rendered":"<p style=\"text-align: justify;\">\n<p style=\"text-align: justify;\">\n<p style=\"text-align: justify;\">Odatv davas\u0131n\u0131n tutuklu san\u0131\u011f\u0131 K\u00e2\u015fif Kozino\u011flu ge\u00e7en cumartesi g\u00fcn\u00fc ya\u015fam\u0131n\u0131 yitirdi. Savc\u0131lar\u0131n Kozino\u011flu\u2019na yapt\u0131klar\u0131 su\u00e7lama Odatv\u2019ye devletin gizli belgelerini s\u0131zd\u0131rmakt\u0131. Kozino\u011flu, hakk\u0131ndaki iddialara yan\u0131t veremedi.<\/p>\n<p style=\"text-align: justify;\">Gelin Kozino\u011flu\u2019na yap\u0131lan su\u00e7lamalara bir ba\u015fka a\u00e7\u0131dan bakal\u0131m. <\/p>\n","protected":false},"author":1,"featured_media":0,"comment_status":"open","ping_status":"open","sticky":false,"template":"","format":"standard","meta":{"footnotes":""},"categories":[105],"tags":[],"class_list":["post-42728","post","type-post","status-publish","format-standard","hentry","category-gundem","odd"],"_links":{"self":[{"href":"http:\/\/www.korhanyilmaz.com\/index.php?rest_route=\/wp\/v2\/posts\/42728","targetHints":{"allow":["GET"]}}],"collection":[{"href":"http:\/\/www.korhanyilmaz.com\/index.php?rest_route=\/wp\/v2\/posts"}],"about":[{"href":"http:\/\/www.korhanyilmaz.com\/index.php?rest_route=\/wp\/v2\/types\/post"}],"author":[{"embeddable":true,"href":"http:\/\/www.korhanyilmaz.com\/index.php?rest_route=\/wp\/v2\/users\/1"}],"replies":[{"embeddable":true,"href":"http:\/\/www.korhanyilmaz.com\/index.php?rest_route=%2Fwp%2Fv2%2Fcomments&post=42728"}],"version-history":[{"count":0,"href":"http:\/\/www.korhanyilmaz.com\/index.php?rest_route=\/wp\/v2\/posts\/42728\/revisions"}],"wp:attachment":[{"href":"http:\/\/www.korhanyilmaz.com\/index.php?rest_route=%2Fwp%2Fv2%2Fmedia&parent=42728"}],"wp:term":[{"taxonomy":"category","embeddable":true,"href":"http:\/\/www.korhanyilmaz.com\/index.php?rest_route=%2Fwp%2Fv2%2Fcategories&post=42728"},{"taxonomy":"post_tag","embeddable":true,"href":"http:\/\/www.korhanyilmaz.com\/index.php?rest_route=%2Fwp%2Fv2%2Ftags&post=42728"}],"curies":[{"name":"wp","href":"https:\/\/api.w.org\/{rel}","templated":true}]}}