{"id":42724,"date":"2011-11-17T22:52:56","date_gmt":"2011-11-17T20:52:56","guid":{"rendered":"http:\/\/www.korhanyilmaz.com\/?p=42724"},"modified":"2011-11-18T10:00:05","modified_gmt":"2011-11-18T08:00:05","slug":"muharrem-inceden-akpliler-su-kabagi-benzetmesi","status":"publish","type":"post","link":"http:\/\/www.korhanyilmaz.com\/?p=42724","title":{"rendered":"Muharrem \u0130nce&#8217;den AKP&#8217;liler su kaba\u011f\u0131 benzetmesi"},"content":{"rendered":"<p style=\"text-align: justify;\"><a href=\"http:\/\/www.korhanyilmaz.com\/wp-content\/uploads\/2011\/11\/7142.jpg\"  class=\"lightview\"><img loading=\"lazy\" decoding=\"async\" class=\"aligncenter size-full wp-image-42725\" title=\"\" src=\"http:\/\/www.korhanyilmaz.com\/wp-content\/uploads\/2011\/11\/7142.jpg\" alt=\"\" width=\"312\" height=\"197\" \/><\/a><\/p>\n<p style=\"text-align: justify;\">Muharrem \u0130nce&#8217;nin &#8216;su kaba\u011f\u0131 ve koca \u00e7\u0131nar&#8217; hikayesi AKP&#8217;lileri \u00e7\u0131ld\u0131rtt\u0131.<\/p>\n<p style=\"text-align: justify;\">T\u00fcrkiye B\u00fcy\u00fck Millet Meclisi&#8217;nde bug\u00fcnk\u00fc oturumunda MHP&#8217;nin grup \u00f6nerisi g\u00f6r\u00fc\u015f\u00fcld\u00fc\u011f\u00fc s\u0131rada CHP Yalova Milletvekili Muharrem \u0130nce, AK Parti Grup Ba\u015fkanvekili Mustafa Elita\u015f&#8217;\u0131n grubunun t\u00fczel ki\u015fili\u011fine hakaret etti\u011fi gerek\u00e7esiyle s\u00f6z ald\u0131. Meclis k\u00fcrs\u00fcs\u00fcne gelen Muharrem \u0130nce, konu\u015fmas\u0131nda \u00c7\u0131nar a\u011fac\u0131 ile su kaba\u011f\u0131n\u0131n hikayesini anlat\u0131nca Meclis&#8217;teki milletvekillerini g\u00fcld\u00fcrd\u00fc.\u00a0<!--more--><\/p>\n<p style=\"text-align: justify;\">AK Parti Grup Ba\u015fkanvekili Mustafa Elita\u015f&#8217;\u0131n CHP grubunun ne tarafta oturmas\u0131 gerekti\u011fini ve &#8220;Otur yerine&#8221; gibi talimatlar verdi\u011fini s\u00f6yleyen Muharrem \u0130nce, grubunun t\u00fczel ki\u015fili\u011fine hakaret edildi\u011fi gerek\u00e7esiyle s\u00f6z ald\u0131.<\/p>\n<p style=\"text-align: justify;\">K\u00fcrs\u00fcye gelen Muharrem \u0130nce, &#8220;Bir koca \u00e7\u0131nar a\u011fac\u0131n\u0131n dibine su kaba\u011f\u0131 tohumu d\u00fc\u015fm\u00fc\u015f. Bir-iki ay sonra ya\u011fmur ya\u011f\u0131p g\u00fcne\u015f a\u00e7\u0131nca su kaba\u011f\u0131 h\u0131zla b\u00fcy\u00fcm\u00fc\u015f ve o \u00e7\u0131nar\u0131n boyuna yeti\u015fmi\u015f ve \u00e7\u0131nar a\u011fac\u0131 ile dalga ge\u00e7meye ba\u015flam\u0131\u015f. Su kaba\u011f\u0131 \u00e7\u0131nar a\u011fac\u0131na ka\u00e7 y\u0131ll\u0131k \u00e7\u0131nars\u0131n ben bir-iki ayda geldim ve seni ge\u00e7tim g\u00f6r\u00fcyormusun demi\u015f. \u00c7\u0131nar agac\u0131 ise g\u00fclm\u00fc\u015f ve yak\u0131nda sonbahar geliyor hele bir k\u0131ra\u011f\u0131 d\u00fc\u015fmeye ba\u015flas\u0131n seni g\u00f6r\u00fcce\u011fim demi\u015f. K\u0131\u015f gelince o su kaba\u011f\u0131 serilmi\u015f yere ama o koca \u00e7\u0131nar dimdik ayakta durmu\u015f.&#8221;diyerek hikayeyi anlatt\u0131.<\/p>\n<p style=\"text-align: justify;\">Meclis&#8217;te 300 milletvekili ile Anavatan Partisi&#8217;nin oldu\u011funu hat\u0131rlatan Muharrem \u0130nce &#8220;B\u00f6yle bir parti kalmad\u0131 \u015fimdi. Siz de kalmayacaks\u0131n\u0131z Elita\u015f. Ama koca \u00e7\u0131nar burada olacak. Se\u00e7imin galibi \u00f6v\u00fcnmekte hakl\u0131d\u0131r, kutluyoruz. Merak etmeyin koca \u00e7\u0131nar dimdik ayaktad\u0131r su kaba\u011f\u0131 k\u0131ra\u011f\u0131 g\u00f6r\u00fcnce ba\u015f\u0131n\u0131 yere e\u011fecektir diyorum&#8221;dedi.<\/p>\n<p style=\"text-align: center;\"><a href=\"https:\/\/www.facebook.com\/photo.php?v=324115167604087&amp;set=vb.102269626504839&amp;type=2&amp;theater\" target=\"_blank\"><img loading=\"lazy\" decoding=\"async\" class=\"aligncenter  wp-image-42726\" src=\"http:\/\/www.korhanyilmaz.com\/wp-content\/uploads\/2011\/11\/video-izle.png\" alt=\"\" width=\"146\" height=\"50\" \/><\/a><\/p>\n<p style=\"text-align: justify;\"><a href=\"http:\/\/muhalifgazete.com\/25697-Muharrem-ince-den-AKP-liler-su-kabagi-benzetmesi-.htm\" target=\"_blank\">Kaynak : Muhalif Gazete<\/a><\/p>\n","protected":false},"excerpt":{"rendered":"<p style=\"text-align: justify;\">\n<p style=\"text-align: justify;\">Muharrem \u0130nce&#8217;nin &#8216;su kaba\u011f\u0131 ve koca \u00e7\u0131nar&#8217; hikayesi AKP&#8217;lileri \u00e7\u0131ld\u0131rtt\u0131.<\/p>\n<p style=\"text-align: justify;\">T\u00fcrkiye B\u00fcy\u00fck Millet Meclisi&#8217;nde bug\u00fcnk\u00fc oturumunda MHP&#8217;nin grup \u00f6nerisi g\u00f6r\u00fc\u015f\u00fcld\u00fc\u011f\u00fc s\u0131rada CHP Yalova Milletvekili Muharrem \u0130nce, AK Parti Grup Ba\u015fkanvekili Mustafa Elita\u015f&#8217;\u0131n grubunun t\u00fczel ki\u015fili\u011fine hakaret etti\u011fi gerek\u00e7esiyle s\u00f6z ald\u0131. Meclis k\u00fcrs\u00fcs\u00fcne gelen Muharrem \u0130nce, konu\u015fmas\u0131nda \u00c7\u0131nar a\u011fac\u0131 <\/p>\n","protected":false},"author":1,"featured_media":0,"comment_status":"open","ping_status":"open","sticky":false,"template":"","format":"standard","meta":{"footnotes":""},"categories":[105],"tags":[],"class_list":["post-42724","post","type-post","status-publish","format-standard","hentry","category-gundem","odd"],"_links":{"self":[{"href":"http:\/\/www.korhanyilmaz.com\/index.php?rest_route=\/wp\/v2\/posts\/42724","targetHints":{"allow":["GET"]}}],"collection":[{"href":"http:\/\/www.korhanyilmaz.com\/index.php?rest_route=\/wp\/v2\/posts"}],"about":[{"href":"http:\/\/www.korhanyilmaz.com\/index.php?rest_route=\/wp\/v2\/types\/post"}],"author":[{"embeddable":true,"href":"http:\/\/www.korhanyilmaz.com\/index.php?rest_route=\/wp\/v2\/users\/1"}],"replies":[{"embeddable":true,"href":"http:\/\/www.korhanyilmaz.com\/index.php?rest_route=%2Fwp%2Fv2%2Fcomments&post=42724"}],"version-history":[{"count":0,"href":"http:\/\/www.korhanyilmaz.com\/index.php?rest_route=\/wp\/v2\/posts\/42724\/revisions"}],"wp:attachment":[{"href":"http:\/\/www.korhanyilmaz.com\/index.php?rest_route=%2Fwp%2Fv2%2Fmedia&parent=42724"}],"wp:term":[{"taxonomy":"category","embeddable":true,"href":"http:\/\/www.korhanyilmaz.com\/index.php?rest_route=%2Fwp%2Fv2%2Fcategories&post=42724"},{"taxonomy":"post_tag","embeddable":true,"href":"http:\/\/www.korhanyilmaz.com\/index.php?rest_route=%2Fwp%2Fv2%2Ftags&post=42724"}],"curies":[{"name":"wp","href":"https:\/\/api.w.org\/{rel}","templated":true}]}}