{"id":42720,"date":"2011-11-17T19:36:33","date_gmt":"2011-11-17T17:36:33","guid":{"rendered":"http:\/\/www.korhanyilmaz.com\/?p=42720"},"modified":"2011-11-18T09:47:55","modified_gmt":"2011-11-18T07:47:55","slug":"libyada-istahlandilar-suriyede-ise-sustular","status":"publish","type":"post","link":"http:\/\/www.korhanyilmaz.com\/?p=42720","title":{"rendered":"Libya\u2019da i\u015ftahland\u0131lar Suriye\u2019de ise sustular"},"content":{"rendered":"<p style=\"text-align: justify;\"><a href=\"http:\/\/www.korhanyilmaz.com\/wp-content\/uploads\/2011\/11\/7141.jpg\"  class=\"lightview\"><img loading=\"lazy\" decoding=\"async\" class=\"aligncenter size-full wp-image-42721\" title=\"\" src=\"http:\/\/www.korhanyilmaz.com\/wp-content\/uploads\/2011\/11\/7141.jpg\" alt=\"\" width=\"312\" height=\"165\" \/><\/a><\/p>\n<p style=\"text-align: justify;\">3. Karadeniz Enerji ve Ekonomik Forumu\u2019nun a\u00e7\u0131l\u0131\u015f\u0131nda konu\u015ftu<\/p>\n<p style=\"text-align: justify;\">Erdo\u011fan, konu\u015fmas\u0131nda Suriye\u2019deki olaylara sessiz kal\u0131nmamas\u0131 \u00e7a\u011fr\u0131s\u0131nda bulundu. Erdo\u011fan, \u015f\u00f6yle konu\u015ftu:<\/p>\n<p style=\"text-align: justify;\"><strong>G\u00d6ZARDI ED\u0130LD\u0130\u00a0<\/strong><\/p>\n<p style=\"text-align: justify;\">Ne yaz\u0131k ki, kriz s\u00fcrecinde, birileri Libya\u2019ya bakt\u0131klar\u0131nda sadece ve sadece petrol kuyular\u0131n\u0131 g\u00f6rd\u00fc. Maalesef Libya\u2019da insan unsuru g\u00f6zard\u0131 edildi, Libya\u2019da ya\u015fanan ac\u0131lar g\u00f6rmezden gelindi, Libya i\u00e7in demokrasi, Libya i\u00e7in temel insan hak ve h\u00fcrriyetleri bir l\u00fcks olarak de\u011ferlendirildi.<!--more--><\/p>\n<p style=\"text-align: justify;\">20. y\u00fczy\u0131l, otoriter rejimler eliyle enerji arz g\u00fcvenli\u011finin garantiye al\u0131nd\u0131\u011f\u0131, ancak insan unsurunun ihmal edildi\u011fi bir y\u00fczy\u0131l oldu. 21. y\u00fczy\u0131lda bu ac\u0131mas\u0131z sistemin y\u00fcr\u00fcmeyece\u011fini d\u00fcnya art\u0131k anlamak durumundad\u0131r. Tek tek \u00fclkeler, halklar ve insanlar dikkate al\u0131nmadan, insana, insan oldu\u011fu i\u00e7in de\u011fer verilmeden; k\u00fcresel ekonominin refaha ula\u015famayaca\u011f\u0131n\u0131, enerji arz g\u00fcvenli\u011finin sa\u011flanamayaca\u011f\u0131n\u0131 ve k\u00fcresel bar\u0131\u015f\u0131n tesis edilemeyece\u011fini d\u00fcnya g\u00f6rmek zorundad\u0131r. Son k\u00fcresel ekonomik krizin d\u00fcnyaya verdi\u011fi en b\u00fcy\u00fck ders de asl\u0131nda i\u015fte budur.<\/p>\n<p style=\"text-align: justify;\"><strong>HASSAS\u0130YETLE \u0130ZLENM\u0130YOR\u00a0<\/strong><\/p>\n<p style=\"text-align: justify;\">Suriye, enerji kaynaklar\u0131 noktas\u0131nda yeterince zengin bir \u00fclke olmad\u0131\u011f\u0131 i\u00e7in, d\u00fcnya kamuoyunda yeterince dikkat ve hassasiyetle izlenmiyor olabilir. Yeterince petrole sahip olmad\u0131\u011f\u0131 i\u00e7in, Suriye, Libya kadar yank\u0131 uyand\u0131rm\u0131yor olabilir. Ama bilmenizi isterim ki, Libya\u2019da \u00f6lenler ne kadar insansa, ne kadar cansa, Suriye\u2019de \u00f6ld\u00fcr\u00fclenler de o kadar insand\u0131r, o kadar cand\u0131r. Libya i\u00e7in i\u015ftahlar\u0131n\u0131 kabartanlar\u0131n, Suriye\u2019deki katliamlar i\u00e7in sessiz ve tepkisiz kalmas\u0131, insanl\u0131k vicdan\u0131nda tamiri zor yaralar a\u00e7maktad\u0131r. Hi\u00e7 \u015f\u00fcphesiz, gerek Suriye\u2019deki, gerek genel olarak Ortado\u011fu\u2019daki sorunlar, lokal, b\u00f6lgesel sorunlar de\u011fildir, k\u00fcresel sorunlard\u0131r. Dolay\u0131s\u0131yla, enerji arz g\u00fcvenli\u011fi ad\u0131na oldu\u011fu kadar, k\u00fcresel refah, huzur, dayan\u0131\u015fma ad\u0131na, b\u00f6lgede ya\u015fanan trajediyi g\u00f6rmek, \u00e7\u0131\u011fl\u0131klar\u0131 i\u015fitmek ve akan kan\u0131n durmas\u0131 i\u00e7in acilen tedbirleri almak zorunday\u0131z.<\/p>\n<p style=\"text-align: justify;\"><a href=\"http:\/\/haber.gazetevatan.com\/libyada-istahlandilar-suriyede-ise-sustular\/411595\/1\/Gundem\" target=\"_blank\">Kaynak : Vatan Gazetesi<\/a><\/p>\n","protected":false},"excerpt":{"rendered":"<p style=\"text-align: justify;\">\n<p style=\"text-align: justify;\">3. Karadeniz Enerji ve Ekonomik Forumu\u2019nun a\u00e7\u0131l\u0131\u015f\u0131nda konu\u015ftu<\/p>\n<p style=\"text-align: justify;\">Erdo\u011fan, konu\u015fmas\u0131nda Suriye\u2019deki olaylara sessiz kal\u0131nmamas\u0131 \u00e7a\u011fr\u0131s\u0131nda bulundu. Erdo\u011fan, \u015f\u00f6yle konu\u015ftu:<\/p>\n<p style=\"text-align: justify;\">G\u00d6ZARDI ED\u0130LD\u0130 <\/p>\n<p style=\"text-align: justify;\">Ne yaz\u0131k ki, kriz s\u00fcrecinde, birileri Libya\u2019ya bakt\u0131klar\u0131nda sadece ve sadece petrol kuyular\u0131n\u0131 g\u00f6rd\u00fc. Maalesef Libya\u2019da insan unsuru g\u00f6zard\u0131 edildi, Libya\u2019da ya\u015fanan <\/p>\n","protected":false},"author":1,"featured_media":0,"comment_status":"open","ping_status":"open","sticky":false,"template":"","format":"standard","meta":{"footnotes":""},"categories":[105],"tags":[],"class_list":["post-42720","post","type-post","status-publish","format-standard","hentry","category-gundem","odd"],"_links":{"self":[{"href":"http:\/\/www.korhanyilmaz.com\/index.php?rest_route=\/wp\/v2\/posts\/42720","targetHints":{"allow":["GET"]}}],"collection":[{"href":"http:\/\/www.korhanyilmaz.com\/index.php?rest_route=\/wp\/v2\/posts"}],"about":[{"href":"http:\/\/www.korhanyilmaz.com\/index.php?rest_route=\/wp\/v2\/types\/post"}],"author":[{"embeddable":true,"href":"http:\/\/www.korhanyilmaz.com\/index.php?rest_route=\/wp\/v2\/users\/1"}],"replies":[{"embeddable":true,"href":"http:\/\/www.korhanyilmaz.com\/index.php?rest_route=%2Fwp%2Fv2%2Fcomments&post=42720"}],"version-history":[{"count":0,"href":"http:\/\/www.korhanyilmaz.com\/index.php?rest_route=\/wp\/v2\/posts\/42720\/revisions"}],"wp:attachment":[{"href":"http:\/\/www.korhanyilmaz.com\/index.php?rest_route=%2Fwp%2Fv2%2Fmedia&parent=42720"}],"wp:term":[{"taxonomy":"category","embeddable":true,"href":"http:\/\/www.korhanyilmaz.com\/index.php?rest_route=%2Fwp%2Fv2%2Fcategories&post=42720"},{"taxonomy":"post_tag","embeddable":true,"href":"http:\/\/www.korhanyilmaz.com\/index.php?rest_route=%2Fwp%2Fv2%2Ftags&post=42720"}],"curies":[{"name":"wp","href":"https:\/\/api.w.org\/{rel}","templated":true}]}}