{"id":42716,"date":"2011-11-18T08:25:16","date_gmt":"2011-11-18T06:25:16","guid":{"rendered":"http:\/\/www.korhanyilmaz.com\/?p=42716"},"modified":"2011-11-18T09:34:06","modified_gmt":"2011-11-18T07:34:06","slug":"adalet-bakanligi-mustesari-kahraman-karsilayamayacagi-beklentiler-gerekcesiyle-istifasini-acikladi","status":"publish","type":"post","link":"http:\/\/www.korhanyilmaz.com\/?p=42716","title":{"rendered":"Adalet Bakanl\u0131\u011f\u0131 M\u00fcste\u015far\u0131 Kahraman \u201ckar\u015f\u0131layamayaca\u011f\u0131 beklentiler\u201d gerek\u00e7esiyle istifas\u0131n\u0131 a\u00e7\u0131klad\u0131"},"content":{"rendered":"<p style=\"text-align: center;\"><a href=\"http:\/\/www.korhanyilmaz.com\/wp-content\/uploads\/2011\/11\/7140.jpg\"  class=\"lightview\"><img loading=\"lazy\" decoding=\"async\" class=\"aligncenter  wp-image-42717\" src=\"http:\/\/www.korhanyilmaz.com\/wp-content\/uploads\/2011\/11\/7140.jpg\" alt=\"\" width=\"357\" height=\"210\" \/><\/a><\/p>\n<p style=\"text-align: justify;\">H\u00e2kim ve savc\u0131 kararnamelerinde eski HSYK ile Adalet Bakanl\u0131\u011f\u0131 aras\u0131nda ya\u015fanan krizlerde ad\u0131 \u00f6ne \u00e7\u0131kan, HSYK\u2019nin yeniden \u015fekillendirilmesinde aktif rol \u00fcstlenen, se\u00e7im d\u00f6neminde Adalet Bakanl\u0131\u011f\u0131 yapan, M\u00fcste\u015far Ahmet Kahraman emeklili\u011fini istedi.\u00a0<!--more--><\/p>\n<p style=\"text-align: justify;\">12 Eyl\u00fcl\u2019de yap\u0131lan anayasa de\u011fi\u015fiklikleri \u00f6ncesindeki HSYK ile Adalet Bakanl\u0131\u011f\u0131 aras\u0131nda ya\u015fanan kararname krizleri s\u0131ras\u0131nda etkin rol alan Kahraman\u2019\u0131n emeklili\u011fini istemesi, yarg\u0131 koridorlar\u0131nda pek \u00e7ok spek\u00fclasyonu g\u00fcndeme getirdi. A\u011f\u0131rl\u0131kl\u0131 g\u00f6r\u00fc\u015f, Kahraman\u2019\u0131n \u201cen zorlu d\u00f6nemlerde Adalet Bakan\u0131 ve h\u00fck\u00fcmet ile uyumlu \u00e7al\u0131\u015f\u0131rken\u201d g\u00f6revinden ayr\u0131lmak istemesinde, h\u00fck\u00fcmetin iste\u011finin etkili oldu\u011fu s\u00f6yleniyor. Ancak Kahraman bunun do\u011fru olmad\u0131\u011f\u0131n\u0131 savunurken \u201cSay\u0131n Ba\u015fbakan veya Bakan bana do\u011frudan ayr\u0131l, yoksa g\u00f6revden al\u0131r\u0131z gibi bir \u015fey s\u00f6ylemedi. Te\u015fkilattan, kar\u015f\u0131layamayaca\u011f\u0131m beklentiler gelmeye ba\u015flam\u0131\u015ft\u0131. Bu nedenle ayr\u0131l\u0131yorum\u201d de\u011ferlendirmesini yapt\u0131.<\/p>\n<p style=\"text-align: justify;\">Ahmet Kahraman\u2019\u0131n emeklili\u011fini istemesinin ard\u0131nda yatan bir ba\u015fka olay\u0131n ise Deniz Feneri soru\u015fturmas\u0131 s\u00fcrecinde ya\u015fananlar oldu\u011fu dile getiriliyor. Bu iddiaya g\u00f6re, Deniz Feneri soru\u015fturmas\u0131n\u0131 yakla\u015f\u0131k 3 y\u0131ld\u0131r y\u00fcr\u00fcten savc\u0131lar Nadi T\u00fcrkaslan, Mehmet Tam\u00f6z ve Abdulvahap Yaren\u2019in g\u00f6revden al\u0131nmas\u0131 g\u00fcndeme geldi\u011finde Kahraman bu de\u011fi\u015fikli\u011fe kar\u015f\u0131 \u00e7\u0131kt\u0131. Kahraman\u2019\u0131n HSYK yedek \u00fcyesi de olan savc\u0131 Harun Kodalak\u2019\u0131n Ankara cumhuriyet ba\u015fsavc\u0131 vekilli\u011fine atanmas\u0131na da s\u0131cak bakmad\u0131\u011f\u0131 iddialar aras\u0131nda.<\/p>\n<p style=\"text-align: justify;\">Kahraman\u2019\u0131n yerine HSYK \u00fcyesi se\u00e7ilen Birol Erdem\u2019in atanmas\u0131 bekleniyor.<\/p>\n<p style=\"text-align: justify;\"><a href=\"http:\/\/muhalifgazete.com\/25712-Deniz-Feneri-istifa-ettirdi.htm\" target=\"_blank\">Kaynak : Muhalif Gazete<\/a><\/p>\n","protected":false},"excerpt":{"rendered":"<p style=\"text-align: center;\">\n<p style=\"text-align: justify;\">H\u00e2kim ve savc\u0131 kararnamelerinde eski HSYK ile Adalet Bakanl\u0131\u011f\u0131 aras\u0131nda ya\u015fanan krizlerde ad\u0131 \u00f6ne \u00e7\u0131kan, HSYK\u2019nin yeniden \u015fekillendirilmesinde aktif rol \u00fcstlenen, se\u00e7im d\u00f6neminde Adalet Bakanl\u0131\u011f\u0131 yapan, M\u00fcste\u015far Ahmet Kahraman emeklili\u011fini istedi. <\/p>\n","protected":false},"author":1,"featured_media":0,"comment_status":"open","ping_status":"open","sticky":false,"template":"","format":"standard","meta":{"footnotes":""},"categories":[105],"tags":[482,118],"class_list":["post-42716","post","type-post","status-publish","format-standard","hentry","category-gundem","tag-ahmet-kahraman","tag-hsyk","odd"],"_links":{"self":[{"href":"http:\/\/www.korhanyilmaz.com\/index.php?rest_route=\/wp\/v2\/posts\/42716","targetHints":{"allow":["GET"]}}],"collection":[{"href":"http:\/\/www.korhanyilmaz.com\/index.php?rest_route=\/wp\/v2\/posts"}],"about":[{"href":"http:\/\/www.korhanyilmaz.com\/index.php?rest_route=\/wp\/v2\/types\/post"}],"author":[{"embeddable":true,"href":"http:\/\/www.korhanyilmaz.com\/index.php?rest_route=\/wp\/v2\/users\/1"}],"replies":[{"embeddable":true,"href":"http:\/\/www.korhanyilmaz.com\/index.php?rest_route=%2Fwp%2Fv2%2Fcomments&post=42716"}],"version-history":[{"count":0,"href":"http:\/\/www.korhanyilmaz.com\/index.php?rest_route=\/wp\/v2\/posts\/42716\/revisions"}],"wp:attachment":[{"href":"http:\/\/www.korhanyilmaz.com\/index.php?rest_route=%2Fwp%2Fv2%2Fmedia&parent=42716"}],"wp:term":[{"taxonomy":"category","embeddable":true,"href":"http:\/\/www.korhanyilmaz.com\/index.php?rest_route=%2Fwp%2Fv2%2Fcategories&post=42716"},{"taxonomy":"post_tag","embeddable":true,"href":"http:\/\/www.korhanyilmaz.com\/index.php?rest_route=%2Fwp%2Fv2%2Ftags&post=42716"}],"curies":[{"name":"wp","href":"https:\/\/api.w.org\/{rel}","templated":true}]}}