{"id":42711,"date":"2011-11-18T08:17:02","date_gmt":"2011-11-18T06:17:02","guid":{"rendered":"http:\/\/www.korhanyilmaz.com\/?p=42711"},"modified":"2011-11-18T09:26:43","modified_gmt":"2011-11-18T07:26:43","slug":"enver-ayseverden-gursel-tekin-iddiasi","status":"publish","type":"post","link":"http:\/\/www.korhanyilmaz.com\/?p=42711","title":{"rendered":"Enver Aysever&#8217;den G\u00fcrsel Tekin iddias\u0131"},"content":{"rendered":"<p style=\"text-align: center;\"><a href=\"http:\/\/www.korhanyilmaz.com\/wp-content\/uploads\/2011\/11\/7139.jpg\"  class=\"lightview\"><img loading=\"lazy\" decoding=\"async\" class=\"aligncenter  wp-image-42712\" src=\"http:\/\/www.korhanyilmaz.com\/wp-content\/uploads\/2011\/11\/7139.jpg\" alt=\"\" width=\"338\" height=\"212\" \/><\/a><\/p>\n<p style=\"text-align: justify;\">CNN T\u00fcrk&#8217;te ekrana gelen D\u00f6rt Bir Taraf&#8217;ta CHP eski PM \u00fcyesi gazeteci-yazar Enver Aysever \u00e7arp\u0131c\u0131 bir iddiada bulundu.<\/p>\n<p style=\"text-align: justify;\">Enver Aysever, CHP Genel Sekreteri ve parti s\u00f6zc\u00fcs\u00fc Bihlul Tamayl\u0131gil ile CHP Genel Ba\u015fkan Yard\u0131mc\u0131s\u0131 G\u00fcrsel Tekin&#8217;in \u00f6n\u00fcm\u00fczdeki hafta yap\u0131lacak olan toplant\u0131da MYK&#8217;da istifa edece\u011fini \u00f6ne s\u00fcrd\u00fc.\u00a0<!--more--><\/p>\n<p style=\"text-align: justify;\">CHP&#8217;de ya\u015fanan parti i\u00e7i gerilim nedeniyle G\u00fcrsel Tekin ve Bihlul Tamayl\u0131g\u00fcl&#8217;in istifa edece\u011fini ifade eden Enver Aysever&#8217;in istifalar\u0131n \u00f6n\u00fcm\u00fczdeki hafta yap\u0131lacak olan toplant\u0131ndan sonra netlik kazanaca\u011f\u0131n\u0131 \u00f6ne s\u00fcrd\u00fc.<\/p>\n<p style=\"text-align: justify;\">Enver Aysever iddialar\u0131n\u0131 \u015fu s\u00f6zlerle a\u00e7\u0131klad\u0131:<\/p>\n<p style=\"text-align: justify;\"><strong>\u0130ST\u0130FA EDECEKLER<\/strong><\/p>\n<p style=\"text-align: justify;\">G\u00fcrsel Tekin ve Bihlul Tamayl\u0131gil&#8217;in istifas\u0131n\u0131 bekliyorum ben ve bir \u00e7ok ki\u015fi. Gelecek hafta istifa edeceklerini d\u00fc\u015f\u00fcn\u00fcyorum g\u00f6revden. MYK&#8217;dan istifa edecekler. \u0130stifa etmelerinin nedeni<\/p>\n<p style=\"text-align: justify;\">G\u00fcrsel Bey \u0130stanbul&#8217;da \u00fc\u00e7 il\u00e7enin g\u00f6revinden istifa etmesini istemiyor. Yeni \u0130l Ba\u015fkan\u0131 ve Kemal Bey g\u00f6revden al\u0131nmas\u0131n\u0131 istiyor. Bu \u00e7atlak derinle\u015fmi\u015f ve G\u00fcrsel Bey bu konuda \u00e7ok kararl\u0131. Bihlul Han\u0131m ise genel sekreter olmas\u0131 s\u0131fat\u0131yla bu ideolojik savrulma noktas\u0131nda bir s\u0131k\u0131nt\u0131 ya\u015f\u0131yor. E\u011fer gelecek haftaki MYK&#8217;da Kad\u0131k\u00f6y, Bak\u0131rk\u00f6y ve Ka\u011f\u0131thane il\u00e7elerinin al\u0131nmas\u0131 karar\u0131 gelirse G\u00fcrsel Tekin ve Bihlul Tamayl\u0131gil istifa edecek.<\/p>\n<p style=\"text-align: justify;\"><a href=\"http:\/\/siyaset.milliyet.com.tr\/enver-aysever-den-gursel-tekin-iddiasi\/siyaset\/siyasetdetay\/18.11.2011\/1464385\/default.htm\" target=\"_blank\">Kaynak : H\u00fcrriyet.com.tr<\/a><\/p>\n","protected":false},"excerpt":{"rendered":"<p style=\"text-align: center;\">\n<p style=\"text-align: justify;\">CNN T\u00fcrk&#8217;te ekrana gelen D\u00f6rt Bir Taraf&#8217;ta CHP eski PM \u00fcyesi gazeteci-yazar Enver Aysever \u00e7arp\u0131c\u0131 bir iddiada bulundu.<\/p>\n<p style=\"text-align: justify;\">Enver Aysever, CHP Genel Sekreteri ve parti s\u00f6zc\u00fcs\u00fc Bihlul Tamayl\u0131gil ile CHP Genel Ba\u015fkan Yard\u0131mc\u0131s\u0131 G\u00fcrsel Tekin&#8217;in \u00f6n\u00fcm\u00fczdeki hafta yap\u0131lacak olan toplant\u0131da MYK&#8217;da istifa edece\u011fini \u00f6ne s\u00fcrd\u00fc. <\/p>\n","protected":false},"author":1,"featured_media":0,"comment_status":"open","ping_status":"open","sticky":false,"template":"","format":"standard","meta":{"footnotes":""},"categories":[105],"tags":[],"class_list":["post-42711","post","type-post","status-publish","format-standard","hentry","category-gundem","odd"],"_links":{"self":[{"href":"http:\/\/www.korhanyilmaz.com\/index.php?rest_route=\/wp\/v2\/posts\/42711","targetHints":{"allow":["GET"]}}],"collection":[{"href":"http:\/\/www.korhanyilmaz.com\/index.php?rest_route=\/wp\/v2\/posts"}],"about":[{"href":"http:\/\/www.korhanyilmaz.com\/index.php?rest_route=\/wp\/v2\/types\/post"}],"author":[{"embeddable":true,"href":"http:\/\/www.korhanyilmaz.com\/index.php?rest_route=\/wp\/v2\/users\/1"}],"replies":[{"embeddable":true,"href":"http:\/\/www.korhanyilmaz.com\/index.php?rest_route=%2Fwp%2Fv2%2Fcomments&post=42711"}],"version-history":[{"count":0,"href":"http:\/\/www.korhanyilmaz.com\/index.php?rest_route=\/wp\/v2\/posts\/42711\/revisions"}],"wp:attachment":[{"href":"http:\/\/www.korhanyilmaz.com\/index.php?rest_route=%2Fwp%2Fv2%2Fmedia&parent=42711"}],"wp:term":[{"taxonomy":"category","embeddable":true,"href":"http:\/\/www.korhanyilmaz.com\/index.php?rest_route=%2Fwp%2Fv2%2Fcategories&post=42711"},{"taxonomy":"post_tag","embeddable":true,"href":"http:\/\/www.korhanyilmaz.com\/index.php?rest_route=%2Fwp%2Fv2%2Ftags&post=42711"}],"curies":[{"name":"wp","href":"https:\/\/api.w.org\/{rel}","templated":true}]}}