{"id":4271,"date":"2009-03-01T15:27:35","date_gmt":"2009-03-01T13:27:35","guid":{"rendered":"http:\/\/www.korhanyilmaz.com\/?p=4271"},"modified":"2009-03-01T15:27:35","modified_gmt":"2009-03-01T13:27:35","slug":"baykala-dava-acacak","status":"publish","type":"post","link":"http:\/\/www.korhanyilmaz.com\/?p=4271","title":{"rendered":"Baykal&#039;a dava a\u00e7acak"},"content":{"rendered":"<p style=\"text-align: center;\"><img loading=\"lazy\" decoding=\"async\" class=\"aligncenter size-full wp-image-4272\" title=\"Baykal'a dava a\u00e7acak \" src=\"http:\/\/www.korhanyilmaz.com\/wp-content\/uploads\/2009\/03\/010320091526198403982.jpg\" alt=\"Baykal'a dava a\u00e7acak \" width=\"376\" height=\"240\" \/><\/p>\n<p style=\"text-align: justify;\">BA\u015eBAKAN Recep Tayyip Erdo\u011fan, partisinin bug\u00fcn Kayseri&#8217;de d\u00fczenledi\u011fi mitingdeki konu\u015fmas\u0131nda, CHP Genel Ba\u015fkan\u0131 Deniz Baykal&#8217;\u0131n d\u00fcn Sinop&#8217;ta &#8220;\u0130ktidar olmu\u015fsun ama adam olamam\u0131\u015fs\u0131n. Bu uslup k\u00fclhanbeyi, maganda uslubu&#8221; s\u00f6zlerine yan\u0131t verdi. Olay\u0131 yarg\u0131ya g\u00f6t\u00fcrece\u011fini s\u00f6yleyen Erdo\u011fan, &#8220;Biz adam gibi dururuz, adam. Say\u0131n Baykal d\u00fcn Sinop&#8217;da \u015fahs\u0131mla ilgili baz\u0131 ifadeler kullanm\u0131\u015f. Say\u0131n Baykal beni bu makama sen getirmedin, milletim getirdi. Senin bu milletle aran yok ki. Sana \u00e7ok iyi cevap veririm ama siyaseti b\u0131rakt\u0131ktan sonra. Bu makamda de\u011fil. Milletime haks\u0131zl\u0131k yapan bu davran\u0131\u015f ve s\u00f6zleri de hukuka g\u00f6t\u00fcrece\u011fim&#8221; dedi. Konu\u015fmas\u0131nda yine medyaya y\u00fcklenen Erdo\u011fan, &#8220;\u015eimdi istediklerini alam\u0131yorlar. Sadece hak ettiklerini al\u0131yorlar. Bundan dolay\u0131 da sald\u0131r\u0131yorlar&#8221; diye konu\u015ftu.<!--more--><\/p>\n<p style=\"text-align: justify;\">AKP mitinginde konu\u015fmak i\u00e7in Ankara&#8217;dan &#8216;Ana&#8217; u\u00e7a\u011f\u0131yla Kayseri&#8217;ye gelen Ba\u015fbakan Recep Tayyip Erdo\u011fan, e\u015fi Emine Erdo\u011fan ve Sa\u011f\u0131k Bakan\u0131 Recep Akda\u011f&#8217;\u0131, Erkilet Havalan\u0131&#8217;nda Vali Mevl\u00fct Bilici, B\u00fcy\u00fck\u015fehir Belediye Ba\u015fkan\u0131 AKP&#8217;li Mehmet \u00d6zhaseki ve di\u011fer yetkililer kar\u015f\u0131lad\u0131. Ba\u015fbakan Erdo\u011fan, s\u0131k\u0131 g\u00fcvenlik \u00f6nlemleri aras\u0131nda havalan\u0131ndan mitingin yap\u0131ld\u0131\u011f\u0131 Cumhuriyet Meydan\u0131&#8217;na geldi.<\/p>\n<p style=\"text-align: justify;\">Erdo\u011fan, alandaki yakla\u015f\u0131k 25 bin ki\u015finin &#8216;T\u00fcrkiye seninle gurur duyuyor&#8217; sloganlar\u0131 aras\u0131nda z\u0131kt\u0131\u011f\u0131 k\u00fcrs\u00fcde, Kayseri&#8217;deki de\u011fi\u015fimi ve geli\u015fimi g\u00f6rd\u00fck\u00e7e mutlu oldu\u011funu, Kayseri&#8217;nin T\u00fcrkiye&#8217;nin \u00f6rnek kentlerinden biri ve T\u00fcrk ekonomisinin Anadolu&#8217;daki \u00f6nc\u00fcs\u00fc oldu\u011funu s\u00f6yledi. Erdo\u011fan, &#8220;Kayseri bizim g\u00f6zbebe\u011fimizdir&#8221; dedi.<\/p>\n<p style=\"text-align: justify;\"><strong>&#8216;S\u00d6ZLER\u0130N\u0130 HUKUKA G\u00d6T\u00dcRECE\u011e\u0130M&#8217;<\/strong><\/p>\n<p style=\"text-align: justify;\">Meydandaki kalabal\u0131\u011fa &#8216;Sen T\u00fcrkiye&#8217;sin&#8217;, &#8216;Sen Kayseri&#8217;sin&#8217; diyerek hareketlendiren Erdo\u011fan, &#8220;Biz milletimizin hizmetkar\u0131 olmak i\u00e7in yola \u00e7\u0131kt\u0131k. Bu \u00fclke i\u00e7in ufku heyacan\u0131 olmayanla bizim i\u015fimiz olmaz dedik. Bu \u00fclkenin onurunu korumak i\u00e7in, b\u00fcy\u00fckl\u00fc\u011f\u00fcne yak\u0131\u015f\u0131r tavr\u0131 sergilemek i\u00e7in dimdik durur, bu \u00fclkenin menfatlerine asla halel getirmeyiz dedik&#8221; dedi.<\/p>\n<p style=\"text-align: justify;\">CHP Genel Ba\u015fkan\u0131 Deniz Baykal&#8217;\u0131n d\u00fcn Sinop&#8217;ta kendisiyle ilgili s\u00f6zlerine yan\u0131t veren Erdo\u011fan, s\u00f6zlerini \u015f\u00f6yle s\u00fcrd\u00fcrd\u00fc:<\/p>\n<p style=\"text-align: justify;\">&#8220;Biz adam gibi dururuz adam. Say\u0131n Baykal d\u00fcn Sinop&#8217;ta baz\u0131 ifadeler kullanm\u0131\u015f. \u015eahms\u0131mla ilgili baz\u0131 ifadeler kullanm\u0131\u015f. Say\u0131n Baykal beni bu makama sen getirmedin, milletim getirdi, milletim. Fakat senin bu milletle aran yok ki. Sen bu millete televizyondan bak\u0131yorsun. Millet buradan g\u00f6r\u00fcl\u00fcr, televizyondan g\u00f6r\u00fcnmez. Benim ald\u0131\u011f\u0131m terbiye, benim ald\u0131\u011f\u0131m edep dersi sana cevap vermeye m\u00fcsade etmez. Yoksa sana \u00e7ok iyi cevab\u0131 veririm ama siyaseti b\u0131rakt\u0131ktan sonra. Bu makamda de\u011fil. Milletime haks\u0131zl\u0131k yapan bu davran\u0131\u015f ve s\u00f6zleri de hukuka g\u00f6t\u00fcrece\u011fim. Bundan ku\u015fkun olmas\u0131n. Milletimizin kar\u015f\u0131s\u0131na anl\u0131m\u0131z ak ba\u015f\u0131m\u0131z dik \u00e7\u0131kt\u0131k. Hamdolsun, y\u00fcz\u00fcn\u00fcz\u00fc kara \u00e7\u0131kartmad\u0131k. Emanetinize h\u0131yanet etmedik. S\u00f6zlerimizin ard\u0131nda durup, ba\u015f\u0131n\u0131z\u0131 e\u011fdirmedik. Aldatan ve aldanan olmad\u0131k. Bundan sonra da olmayaca\u011f\u0131z.&#8221;<\/p>\n<p style=\"text-align: justify;\">Ba\u015fbakan Erdo\u011fan, ekonomiye ve ya\u015fanan k\u00fcresel mali krize de de\u011findi, kendilerinden \u00f6nceki iktidarlar\u0131 ele\u015ftirdi. &#8220;Biz g\u00f6reve geldi\u011fimizde T\u00fcrkiye&#8217;nin geliri neydi?&#8221; diye sorun Erdo\u011fan, ard\u0131ndan \u015funlar\u0131 s\u00f6yledi:<\/p>\n<p style=\"text-align: justify;\">&#8220;Medya bunu da d\u00fcr\u00fcst yazs\u0131n. 2008 y\u0131l\u0131 sonu itibar\u0131yla 750 milyar dolar. Yani 6 senede bunun \u00fczerine 520 milyar dolar ilave ettik. 79 senede 230 milyar dolardan gelirimiz nereye geldi? Nereden nereye? Say\u0131n Baykal kalk\u0131p bana i\u015fsizlik dersi veriyor. Sen \u00f6nce bunlar\u0131 \u00f6\u011fren, bunlar\u0131. Cansuyu diye kobilere 1 milyar dolar destek verdik. Yeter ki i\u015fveren i\u015f\u00e7isini d\u0131sar\u0131ya b\u0131rakmas\u0131n.&#8221;<\/p>\n<p style=\"text-align: justify;\"><strong>BAH\u00c7EL\u0130&#8217;YE DE Y\u00dcKLEND\u0130<\/strong><\/p>\n<p style=\"text-align: justify;\">AKP&#8217;nin iktkidara geldi\u011finde enflasyonun y\u00fczde 30 oldu\u011funu, \u015fimdi ise y\u00fczde 9.5&#8217;e indi\u011fini kaydeden Erdo\u011fan, MHP Genel Ba\u015fkan\u0131 Devlet Bah\u00e7eli&#8217;ye y\u00f6nelik de \u015funlar\u0131 s\u00f6yledi:<\/p>\n<p style=\"text-align: justify;\">&#8220;MHP de durmadan konu\u015fuyor. Say\u0131n Bah\u00e7eli, bu rakamlar senin d\u00f6neminin rakamlar\u0131. Benim milletim bunlara imkan verdi, devleti y\u00f6netemediler. Bunlar devlet, h\u00fck\u00fcmet y\u00f6netemezler. \u015eimdi \u00e7\u0131km\u0131\u015f &#8216;IMF&#8217;ye kar\u015f\u0131y\u0131m.&#8217; \u0130nsaf. Yalan yanl\u0131\u015f beyanlarda bulunup halk\u0131m\u0131 aldatacaklar\u0131n\u0131 san\u0131yorlar. Bunlar kendilerine yanl\u0131\u015f k\u0131lavuz se\u00e7iyorlar. T\u00fcrkiye \u015fantiyeye d\u00f6n\u00fc\u015ft\u00fc. T\u00fcrkiye g\u00f6rmedi\u011fi yat\u0131r\u0131mlarla ba\u015fba\u015fa. Asl\u0131nda bu mitingi statta yapmay\u0131 d\u00fcs\u00fcn\u00fcyorduk. Ufak tefek eksiklikler var. &#8216;Fenerbah\u00e7e ma\u00e7\u0131yla a\u00e7aca\u011f\u0131z&#8217; dediler, &#8216;Biz de hay\u0131rl\u0131 olsun&#8217; dedik. Devlet ve belediyle i\u015fbirl\u011fiyle her yere yat\u0131r\u0131mlar yapt\u0131k. Say\u0131n Bah\u00e7eli gelsin buraya da g\u00f6sterelim. Belki faydas\u0131 olur. Bunlar\u0131n dikili a\u011fa\u00e7lar\u0131 var m\u0131 \u00fclkede? 3.5 y\u0131l iktidarda kald\u0131n\u0131z ne yapt\u0131n\u0131z? Ka\u00e7 \u00fcniversite a\u00e7t\u0131n\u0131z, ka\u00e7 hastane ve okul tamamlad\u0131n\u0131z? Adalet saraylar\u0131nda, emniyette, tar\u0131mda ne yapt\u0131n\u0131z? Bunlara bir sorun. Verecek cevaplar\u0131 yok. \u0130\u015fte bu siyaset anla\u015f\u0131yla g\u00f6n\u00fcller kazand\u0131k. Halk\u0131m\u0131z\u0131n a\u015f\u0131n\u0131, ekme\u011fini kazand\u0131rd\u0131k. G\u00fcveni, bar\u0131\u015f\u0131 temin ettik. \u015eimdi, daha b\u00fcy\u00fck hedef ve r\u00fcyalar\u0131m\u0131z var. Biz, \u015fu terbiyeyle b\u00fcy\u00fcd\u00fck; Zalimlerin kar\u015f\u0131s\u0131nda mazlumlar\u0131n yan\u0131nda olaca\u011f\u0131z. Daha lise \u00e7a\u011flar\u0131nda bizi yeti\u015ftiren hocalar\u0131m\u0131z o terbiyeyi verdi. &#8216;Hep zalimin ve zulm\u00fcn kar\u015f\u0131\u015f\u0131nda olacaks\u0131n\u0131z.&#8217; Biz bununla b\u00fcy\u00fcd\u00fck.&#8221;<\/p>\n<p style=\"text-align: justify;\"><strong>Y\u0130NE MEDYAYA ELE\u015eT\u0130R\u0130<\/strong><\/p>\n<p style=\"text-align: justify;\">Erdo\u011fan, yine medyaya ve Baykal&#8217;\u0131 hedef ald\u0131\u011f\u0131 konu\u015fmas\u0131nda, \u00fclkenin istikrar\u0131n\u0131 istemeyenler oldu\u011funu ileri s\u00fcrd\u00fc, &#8220;29 Mart daha iyi olacak. Yar\u0131n bundan daha ayd\u0131nl\u0131k olacak&#8221; dedi.<\/p>\n<p style=\"text-align: justify;\">T\u00fcrkiye&#8217;nin istikrar\u0131n\u0131 bozmak isteyenlere prim vermediklerini kaydeden Erdo\u011fan, s\u00f6zlerini \u015f\u00f6yle s\u00fcrd\u00fcrd\u00fc:<\/p>\n<p style=\"text-align: justify;\">&#8220;Yolsuzlu\u011fa izin vermedik. Hortumlar\u0131n\u0131 kestik. Birileri feryada baslad\u0131. \u00c7\u00fcnk\u00fc al\u0131\u015fm\u0131\u015flard\u0131. Onlara daime el pen\u00e7e divan duranlar var. \u015eimdi istediklerini alam\u0131yorlar. Sadece hak ettiklerini al\u0131yorlar. Bundan dolay\u0131 da sald\u0131r\u0131yorlar. \u0130\u015fte bug\u00fcn bu ad\u0131mlar\u0131 att\u0131\u011f\u0131m\u0131z i\u00e7in rahats\u0131z olan \u00e7evreler var. Say\u0131n Baykal da onlar\u0131n avukatl\u0131\u011f\u0131n\u0131 yap\u0131yor. Bunu bast\u0131rmak i\u00e7in eline dosya alm\u0131\u015f. K\u0131rtasiyecilerde \u00e7ok o dosyalardan. Onun da ger\u00e7e\u011fi \u00e7\u0131kacak ortaya. \u0130spat gerekir, ispat. T\u00fcrkiye hukuk devleti. Git yarg\u0131ya, d\u00fcr\u00fcst ol, d\u00fcr\u00fcst. Git dosyay\u0131 adalate teslim et. Onlar takip eder. Sen partinin kasas\u0131n\u0131 y\u00f6netemiyorsun. \u00dclkeyi nas\u0131l y\u00f6neteceksin? Bu i\u015f \u00f6yle kolay de\u011fil. Benim milletim uyan\u0131kt\u0131r. Kimin ne s\u00f6yledi\u011fini iyi biliyor. Bah\u00e7eli kendi d\u00f6nemlerinde kapanan bankalar\u0131 dile getirmiyor. Kriz Amerika&#8217;dan geldi bize. Bizim d\u00f6nemimizde bir tek banka fona devredilmedi. \u015eimdi bundan rahats\u0131z oluyorlar.&#8221;<\/p>\n<p style=\"text-align: justify;\">Miting konu\u015fmas\u0131n\u0131 Mehmet Akif Ersoy&#8217;dan \u015fiir okuyarak tamamlayan Erdo\u011fan mitingten sonra Kadir Has Stad\u0131&#8217;n\u0131n kar\u015f\u0131s\u0131ndaki Atat\u00fcrk Spor Sitesi&#8217;nin i\u00e7inde bulunan, trib\u00fcnl\u00fc \u00e7im saha, olimpik y\u00fczme havuzu ve atletizm pistinin yer ald\u0131\u011f\u0131 spor kompleksinin a\u00e7\u0131l\u0131\u015f\u0131n\u0131 yapt\u0131.<\/p>\n<p style=\"text-align: justify;\">Erdo\u011fan, daha sonra 70 milyon TL&#8217;ye mal olan 33 bin ki\u015filik Kadir Has Stad\u0131&#8217;n\u0131 gezdi. Bu s\u0131rada stad\u0131n skorboarduna &#8216;One Minute&#8217; yaz\u0131ld\u0131.<\/p>\n<p style=\"text-align: justify;\"><span style=\"color: #888888;\">Kaynak : Vatan Gazetesi<\/span><\/p>\n","protected":false},"excerpt":{"rendered":"<p style=\"text-align: center;\">\n<p style=\"text-align: justify;\">BA\u015eBAKAN Recep Tayyip Erdo\u011fan, partisinin bug\u00fcn Kayseri&#8217;de d\u00fczenledi\u011fi mitingdeki konu\u015fmas\u0131nda, CHP Genel Ba\u015fkan\u0131 Deniz Baykal&#8217;\u0131n d\u00fcn Sinop&#8217;ta &#8220;\u0130ktidar olmu\u015fsun ama adam olamam\u0131\u015fs\u0131n. Bu uslup k\u00fclhanbeyi, maganda uslubu&#8221; s\u00f6zlerine yan\u0131t verdi. Olay\u0131 yarg\u0131ya g\u00f6t\u00fcrece\u011fini s\u00f6yleyen Erdo\u011fan, &#8220;Biz adam gibi dururuz, adam. Say\u0131n Baykal d\u00fcn Sinop&#8217;da \u015fahs\u0131mla ilgili baz\u0131 ifadeler kullanm\u0131\u015f. Say\u0131n <\/p>\n","protected":false},"author":1,"featured_media":0,"comment_status":"open","ping_status":"closed","sticky":false,"template":"","format":"standard","meta":{"footnotes":""},"categories":[105],"tags":[],"class_list":["post-4271","post","type-post","status-publish","format-standard","hentry","category-gundem","odd"],"_links":{"self":[{"href":"http:\/\/www.korhanyilmaz.com\/index.php?rest_route=\/wp\/v2\/posts\/4271","targetHints":{"allow":["GET"]}}],"collection":[{"href":"http:\/\/www.korhanyilmaz.com\/index.php?rest_route=\/wp\/v2\/posts"}],"about":[{"href":"http:\/\/www.korhanyilmaz.com\/index.php?rest_route=\/wp\/v2\/types\/post"}],"author":[{"embeddable":true,"href":"http:\/\/www.korhanyilmaz.com\/index.php?rest_route=\/wp\/v2\/users\/1"}],"replies":[{"embeddable":true,"href":"http:\/\/www.korhanyilmaz.com\/index.php?rest_route=%2Fwp%2Fv2%2Fcomments&post=4271"}],"version-history":[{"count":0,"href":"http:\/\/www.korhanyilmaz.com\/index.php?rest_route=\/wp\/v2\/posts\/4271\/revisions"}],"wp:attachment":[{"href":"http:\/\/www.korhanyilmaz.com\/index.php?rest_route=%2Fwp%2Fv2%2Fmedia&parent=4271"}],"wp:term":[{"taxonomy":"category","embeddable":true,"href":"http:\/\/www.korhanyilmaz.com\/index.php?rest_route=%2Fwp%2Fv2%2Fcategories&post=4271"},{"taxonomy":"post_tag","embeddable":true,"href":"http:\/\/www.korhanyilmaz.com\/index.php?rest_route=%2Fwp%2Fv2%2Ftags&post=4271"}],"curies":[{"name":"wp","href":"https:\/\/api.w.org\/{rel}","templated":true}]}}