{"id":42706,"date":"2011-11-18T08:22:00","date_gmt":"2011-11-18T06:22:00","guid":{"rendered":"http:\/\/www.korhanyilmaz.com\/?p=42706"},"modified":"2011-11-18T09:12:44","modified_gmt":"2011-11-18T07:12:44","slug":"tumgeneral-bakici-firar-etti","status":"publish","type":"post","link":"http:\/\/www.korhanyilmaz.com\/?p=42706","title":{"rendered":"T\u00fcmgeneral Bak\u0131c\u0131 firar etti"},"content":{"rendered":"<p style=\"text-align: justify;\">\n<p style=\"text-align: center;\"><a href=\"http:\/\/www.korhanyilmaz.com\/wp-content\/uploads\/2011\/11\/71381.jpg\"  class=\"lightview\"><img loading=\"lazy\" decoding=\"async\" class=\"aligncenter  wp-image-42708\" src=\"http:\/\/www.korhanyilmaz.com\/wp-content\/uploads\/2011\/11\/71381.jpg\" alt=\"\" width=\"346\" height=\"201\" \/><\/a><\/p>\n<p style=\"text-align: justify;\">\u0130nternet and\u0131c\u0131 davas\u0131 san\u0131\u011f\u0131 T\u00fcmgeneral Mustafa Bak\u0131c\u0131&#8217;n\u0131n firar etti\u011fi iddia edildi. \u0130ddiaya g\u00f6re Bak\u0131c\u0131, firar etmeden \u00f6nce e\u015fine T\u00fcrk Silahl\u0131 Kuvvetleri&#8217;nden (TSK) emeklili\u011fini talep eden bir dilek\u00e7e b\u0131rakt\u0131 ve bu talep e\u015fi taraf\u0131ndan Kara Kuvvetleri Komutanl\u0131\u011f\u0131&#8217;na iletildi. Kara Kuvvetleri Komutanl\u0131\u011f\u0131 Adli M\u00fc\u015favirli\u011fi&#8217;nin, bu talebin i\u015fleme konulmas\u0131n\u0131n hukuki sorumluluklar getirdi\u011fi uyar\u0131s\u0131nda bulundu\u011fu belirtildi.<!--more--><\/p>\n<p style=\"text-align: justify;\">12 Eyl\u00fcl 2011 tarihinde gelen talep buna ra\u011fmen 20 Eyl\u00fcl 2011&#8217;de kabul edildi. Kuzey Irak \u00fczerinden Rusya&#8217;ya ka\u00e7t\u0131\u011f\u0131 \u00f6ne s\u00fcr\u00fclen Bak\u0131c\u0131&#8217;n\u0131n, internet and\u0131c\u0131 belgesinde tu\u011fgeneral r\u00fctbesi ile Genelkurmay Bilgi Destek Daire Ba\u015fkanvekili olarak imzas\u0131 bulunuyor. Bak\u0131c\u0131 h\u00fck\u00fcmeti y\u0131kma eylemi i\u00e7inde bulunman\u0131n yan\u0131 s\u0131ra &#8220;delil karartmakla&#8221; su\u00e7lan\u0131yor.<\/p>\n<p style=\"text-align: justify;\">Sabah Gazetesi&#8217;nden Alper Sancar&#8217;\u0131n haberine g\u00f6re, \u015e\u0131rnak&#8217;ta 23. S\u0131n\u0131r T\u00fcmen Komutanl\u0131\u011f\u0131 g\u00f6revinde bulunan Mustafa Bak\u0131c\u0131, A\u011fustos 2011 Y\u00fcksek Askeri \u015eura&#8217;s\u0131nda t\u00fcmgeneralli\u011fe terfi etti. Hakk\u0131ndaki iddialar nedeniyle pasif bir g\u00f6rev olarak tan\u0131mlanan Kara Kuvvetleri Denetleme ve De\u011ferlendirme Ba\u015fkan Yard\u0131mc\u0131l\u0131\u011f\u0131&#8217;na atand\u0131. \u0130nternet And\u0131c\u0131 iddianamesinin a\u00e7\u0131klanmas\u0131 ile birlikte, \u0130stanbul 13. A\u011f\u0131r Ceza Mahkemesi, san\u0131k durumuna d\u00fc\u015fen Bak\u0131c\u0131 hakk\u0131nda yakalama karar\u0131 verdi. Karara itiraz eden Bak\u0131c\u0131, bir s\u00fcre sonra GATA&#8217;ya yat\u0131r\u0131ld\u0131 ve 26 A\u011fustos tarihinde taburcu oldu.<\/p>\n<p style=\"text-align: justify;\">Bir hafta istirahat raporu alan Bak\u0131c\u0131, Kara Kuvvetleri&#8217;ndeki g\u00f6revine ba\u015flad\u0131 ancak k\u0131sa s\u00fcre sonra bir ayl\u0131k izin dilek\u00e7esi verdi. Hakk\u0131nda yakalama karar\u0131 olan bir komutan\u0131n izne ayr\u0131lmas\u0131 ve bunun onaylanmas\u0131 tart\u0131\u015fma konusu oldu. Konu Genelkurmay Ba\u015fkanl\u0131\u011f\u0131&#8217;na intikal etti. Kendisinden teslim olmas\u0131 istendi ancak bu uyar\u0131lara kar\u015f\u0131 Bak\u0131c\u0131, 12 Eyl\u00fcl 2001 tarihinde e\u015fi arac\u0131l\u0131\u011f\u0131yla Kara Kuvvetleri Komutanl\u0131\u011f\u0131&#8217;na emeklilik dilek\u00e7esi g\u00f6nderdi. Bak\u0131c\u0131&#8217;n\u0131n emeklilik talebini hukuki olarak de\u011ferlendiren Kara Kuvvetleri Adli M\u00fc\u015favirli\u011fi, bu talebin uygun olmad\u0131\u011f\u0131n\u0131 ve kabul edilmesinin sak\u0131ncal\u0131 bir duruma neden olaca\u011f\u0131n\u0131 \u015fu s\u00f6zlerle dile getirdi:<\/p>\n<p style=\"text-align: justify;\">&#8220;K.K.K.&#8217;l\u0131\u011f\u0131nda g\u00f6reve ba\u015flad\u0131\u011f\u0131 esnada hakk\u0131nda \u00e7\u0131kar\u0131lan yakalama karar\u0131 gere\u011fi yakalanarak adli makamlara teslim edilmi\u015f olmas\u0131 gerekti\u011fi, bunun yap\u0131lmad\u0131\u011f\u0131 gibi baz\u0131 merciler taraf\u0131ndan kendisine izin verildi\u011fi ve emeklilik i\u015flemleri yap\u0131ld\u0131\u011f\u0131, bu durumun s\u00fcre\u00e7te g\u00f6rev alan makamlar\u0131 sorumlu konuma d\u00fc\u015f\u00fcrece\u011fi&#8230;&#8221; Bu uyar\u0131lara ra\u011fmen Bak\u0131c\u0131&#8217;n\u0131n emeklilik i\u015flemi 20 Eyl\u00fcl tarihinde onayland\u0131.<\/p>\n<p style=\"text-align: justify;\">Bak\u0131c\u0131, kendisinden haber al\u0131namamas\u0131 ve ailesinin yerini bilmediklerini ifade etmeleri \u00fczerine firari duruma d\u00fc\u015ft\u00fc ve s\u0131n\u0131r kap\u0131lar\u0131na bildirildi. \u0130nterpol arac\u0131\u011f\u0131yla yap\u0131lan incelemede T\u00fcmgeneral Bak\u0131c\u0131&#8217;n\u0131n Kuzey Irak \u00fczerinden Rusya&#8217;ya ka\u00e7t\u0131\u011f\u0131 belirlendi. Yap\u0131lan istihbarat sonucunda Bak\u0131c\u0131&#8217;n\u0131n bankalarda bulunan yakla\u015f\u0131k 300 bin TL&#8217;yi de beraberinde g\u00f6t\u00fcrd\u00fc\u011f\u00fc \u00f6\u011frenildi.<\/p>\n<p style=\"text-align: justify;\">T\u00fcmgeneral Bak\u0131c\u0131&#8217;n\u0131n firari duruma d\u00fc\u015fmesi ile birlikte Ergenekon, Balyoz ve \u0130nternet And\u0131c\u0131 Davalar\u0131 \u00e7er\u00e7evesinde firari duruma d\u00fc\u015fen \u015f\u00fcpheli say\u0131s\u0131 4&#8217;e y\u00fckseldi. Ergenekon san\u0131klar\u0131ndan Yeditepe \u00dcniversitesi&#8217;nin sahibi ve \u0130stek Vakf\u0131&#8217;n\u0131n kurucusu Bedreddin Dalan, Ak Parti eski Milletvekili Turhan \u00c7\u00f6mez ve \u00c7a\u011fda\u015f E\u011fitim Vakf\u0131 Genel Ba\u015fkan\u0131 G\u00fclseven Ya\u015fer firari durumda. Halen tutuklu olan emekli Tu\u011fgeneral Levent Ers\u00f6z de firardayken Ankara 100. Y\u0131l Hastanesi&#8217;nde yakalanm\u0131\u015ft\u0131.<\/p>\n<p style=\"text-align: justify;\"><a href=\"http:\/\/www.cnnturk.com\/2011\/guncel\/11\/18\/tumgeneral.bakici.firar.etti\/637173.0\/index.html\" target=\"_blank\">Kaynak : H\u00fcrriyet.com.tr<\/a><\/p>\n","protected":false},"excerpt":{"rendered":"<p style=\"text-align: justify;\">\n<p style=\"text-align: center;\">\n<p style=\"text-align: justify;\">\u0130nternet and\u0131c\u0131 davas\u0131 san\u0131\u011f\u0131 T\u00fcmgeneral Mustafa Bak\u0131c\u0131&#8217;n\u0131n firar etti\u011fi iddia edildi. \u0130ddiaya g\u00f6re Bak\u0131c\u0131, firar etmeden \u00f6nce e\u015fine T\u00fcrk Silahl\u0131 Kuvvetleri&#8217;nden (TSK) emeklili\u011fini talep eden bir dilek\u00e7e b\u0131rakt\u0131 ve bu talep e\u015fi taraf\u0131ndan Kara Kuvvetleri Komutanl\u0131\u011f\u0131&#8217;na iletildi. Kara Kuvvetleri Komutanl\u0131\u011f\u0131 Adli M\u00fc\u015favirli\u011fi&#8217;nin, bu talebin i\u015fleme konulmas\u0131n\u0131n hukuki <\/p>\n","protected":false},"author":1,"featured_media":0,"comment_status":"open","ping_status":"open","sticky":false,"template":"","format":"standard","meta":{"footnotes":""},"categories":[105],"tags":[],"class_list":["post-42706","post","type-post","status-publish","format-standard","hentry","category-gundem","odd"],"_links":{"self":[{"href":"http:\/\/www.korhanyilmaz.com\/index.php?rest_route=\/wp\/v2\/posts\/42706","targetHints":{"allow":["GET"]}}],"collection":[{"href":"http:\/\/www.korhanyilmaz.com\/index.php?rest_route=\/wp\/v2\/posts"}],"about":[{"href":"http:\/\/www.korhanyilmaz.com\/index.php?rest_route=\/wp\/v2\/types\/post"}],"author":[{"embeddable":true,"href":"http:\/\/www.korhanyilmaz.com\/index.php?rest_route=\/wp\/v2\/users\/1"}],"replies":[{"embeddable":true,"href":"http:\/\/www.korhanyilmaz.com\/index.php?rest_route=%2Fwp%2Fv2%2Fcomments&post=42706"}],"version-history":[{"count":0,"href":"http:\/\/www.korhanyilmaz.com\/index.php?rest_route=\/wp\/v2\/posts\/42706\/revisions"}],"wp:attachment":[{"href":"http:\/\/www.korhanyilmaz.com\/index.php?rest_route=%2Fwp%2Fv2%2Fmedia&parent=42706"}],"wp:term":[{"taxonomy":"category","embeddable":true,"href":"http:\/\/www.korhanyilmaz.com\/index.php?rest_route=%2Fwp%2Fv2%2Fcategories&post=42706"},{"taxonomy":"post_tag","embeddable":true,"href":"http:\/\/www.korhanyilmaz.com\/index.php?rest_route=%2Fwp%2Fv2%2Ftags&post=42706"}],"curies":[{"name":"wp","href":"https:\/\/api.w.org\/{rel}","templated":true}]}}