{"id":42696,"date":"2011-11-17T13:59:58","date_gmt":"2011-11-17T11:59:58","guid":{"rendered":"http:\/\/www.korhanyilmaz.com\/?p=42696"},"modified":"2011-11-18T01:03:03","modified_gmt":"2011-11-17T23:03:03","slug":"babacandan-korkutan-uyari","status":"publish","type":"post","link":"http:\/\/www.korhanyilmaz.com\/?p=42696","title":{"rendered":"Babacan&#8217;dan korkutan uyar\u0131!"},"content":{"rendered":"<p style=\"text-align: center;\"><a href=\"http:\/\/www.korhanyilmaz.com\/wp-content\/uploads\/2011\/11\/7137.jpg\"  class=\"lightview\"><img loading=\"lazy\" decoding=\"async\" class=\"aligncenter  wp-image-42697\" src=\"http:\/\/www.korhanyilmaz.com\/wp-content\/uploads\/2011\/11\/7137.jpg\" alt=\"\" width=\"420\" height=\"210\" \/><\/a><\/p>\n<p style=\"text-align: justify;\"><strong>&#8221;Kimse 3-6 ay yerinde duracak bir para politikas\u0131 beklemesin&#8230;&#8221;<\/strong><\/p>\n<p style=\"text-align: justify;\">Ba\u015fbakan Yard\u0131mc\u0131s\u0131 Ali Babacan, T\u00fcrkiye\u2019de uygulamakta oldu\u011fumuz kat\u0131 d\u00fczenleme ve denetleme \u00e7er\u00e7evesi mutlaka devam edece\u011fini s\u00f6yledi.<\/p>\n<p style=\"text-align: justify;\">Babacan, &#8220;\u00d6n\u00fcm\u00fczdeki d\u00f6nemde herkesin \u00e7ok \u00e7ok ihtiyatl\u0131 hareket etmesi gerek. Hi\u00e7bir \u015fey s\u00fcrpriz olmamal\u0131 bu d\u00f6nemde. \u2019Ya biz bu kadar\u0131n\u0131 da beklemiyorduk\u2019 dememeli kimse, \u00f6yle bir d\u00f6nemden ge\u00e7iyoruz. Ve i\u00e7inden ge\u00e7mekte oldu\u011fumuz d\u00f6nem son y\u00fczy\u0131l\u0131n hi\u00e7bir d\u00f6nemi ile mukayese edilemeyecek karma\u015f\u0131kl\u0131kta bir d\u00f6nem&#8221; dedi.\u00a0<!--more--><\/p>\n<p style=\"text-align: justify;\">Babacan, H\u00fcrriyet Gazetesi\u2019nde bir\u00e7ok sekt\u00f6rden temsilcinin kat\u0131l\u0131m\u0131yla d\u00fczenlenen toplant\u0131da yapt\u0131\u011f\u0131 konu\u015fmada, 2004 y\u0131l\u0131ndan itibaren T\u00fcrkiye\u2019de bankac\u0131l\u0131\u011fa yat\u0131r\u0131m yapan uluslararas\u0131 bankalar\u0131n &#8220;\u00c7ok \u015fey istiyorsunuz&#8221; diye \u015fikayet ettiklerini, bu \u015fikayetleri yapmalar\u0131na ra\u011fmen T\u00fcrkiye\u2019ye yat\u0131r\u0131mlar\u0131 da s\u00fcrd\u00fcrd\u00fcklerini s\u00f6yledi.<\/p>\n<p style=\"text-align: justify;\">Avrupa\u2019n\u0131n ve Amerika\u2019n\u0131n T\u00fcrkiye\u2019ye yat\u0131r\u0131m yapan bankalar\u0131 kendi evlerinde ciddi sars\u0131nt\u0131, zorluk \u00e7ekerken T\u00fcrkiye operasyonlar\u0131n\u0131n sapasa\u011flam ayakta oldu\u011funu vurgulayan Babacan, konu\u015fmas\u0131n\u0131 \u015f\u00f6yle s\u00fcrd\u00fcrd\u00fc: &#8220;Bunlar\u0131n sahibi, ortaklar\u0131, y\u00f6neticileri ayn\u0131. As\u0131l ana \u015firket sallan\u0131yor, T\u00fcrkiye\u2019deki operasyon sapasa\u011flam&#8230; Bunun sebebi ne; T\u00fcrkiye\u2019de bizim kurallar\u0131m\u0131za, ihtiyatl\u0131 \u00e7er\u00e7eveye uymak zorunda olduklar\u0131 i\u00e7in&#8230;<\/p>\n<p style=\"text-align: justify;\">Avrupa\u2019da stres testi yap\u0131yorlar. Biz bunlara 2004 y\u0131l\u0131nda ba\u015flad\u0131k. Hem Merkez Bankas\u0131, hem BDDK yap\u0131yor. Her banka i\u00e7in yap\u0131yor. Her ay bankalar\u0131n tek tek durumuna bak\u0131yor. \u00c7ok ileri bir senaryoda e\u011fer bir bankan\u0131n bilan\u00e7osunda bir zafiyet g\u00f6r\u00fcrlerse uyar\u0131yorlar.<\/p>\n<p style=\"text-align: justify;\">Bankalar\u0131m\u0131z gayet iyi bir i\u015fbirli\u011fiyle bunlara uyuyor. Hem Merkez Bankas\u0131 hem BDDK\u2019n\u0131n d\u00fczenlemelerine bankalar\u0131m\u0131z uyum konusunda \u00e7ok iyi bir performans g\u00f6steriyor ve kar\u015f\u0131l\u0131\u011f\u0131n\u0131 da al\u0131yorlar diye d\u00fc\u015f\u00fcn\u00fcyorum. Ciddi bir karl\u0131l\u0131k ve \u00e7ok y\u00fcksek bir itibar&#8230;&#8221;<\/p>\n<p style=\"text-align: justify;\"><strong>&#8220;\u00d6n\u00fcm\u00fczdeki d\u00f6nemde s\u0131k\u0131 duru\u015f gerekiyor&#8221;\u00a0<\/strong><\/p>\n<p style=\"text-align: justify;\">Ba\u015fbakan Yard\u0131mc\u0131s\u0131 Babacan, \u00f6n\u00fcm\u00fczdeki d\u00f6nemde kamu maliyesi ile bankac\u0131l\u0131kta s\u0131k\u0131 duru\u015f, para politikalar\u0131nda \u00e7ok ihtiyatl\u0131 ve g\u00fcn\u00fcn \u015fartlar\u0131na kolay adapte olabilen bir duru\u015f gerekti\u011finin alt\u0131n\u0131 \u00e7izerek, \u015f\u00f6yle devam etti: &#8220;Baz\u0131lar\u0131 \u2019Merkez Bankas\u0131 \u00e7ok s\u0131k farkl\u0131 kararlar al\u0131yor, farkl\u0131 ad\u0131mlar at\u0131yor\u2019 diyor. Bu kadar \u015fartlar\u0131n s\u0131k de\u011fi\u015fti\u011fi bir ortamda, Merkez Bankas\u0131\u2019n\u0131n da g\u00fcn\u00fcn \u015fartlar\u0131na uygun bir \u015fekilde politikalar\u0131n\u0131 h\u0131zl\u0131 bir \u015fekilde adapte edebilmesi \u00e7ok do\u011fal. Hi\u00e7 kimse b\u00f6yle bir ortamda 3 ay, 6 ay yerinde duracak bir para politikas\u0131 beklemesin. Mutlaka g\u00fcn\u00fcn \u015fartlar\u0131na bunu adapte etmek gerekecek.<\/p>\n<p style=\"text-align: justify;\"><strong>Biz hem Merkez Bankas\u0131, hem BDDK\u2019n\u0131n \u00e7al\u0131\u015fmalar\u0131n\u0131n hep arkas\u0131nda olduk.\u00a0<\/strong><\/p>\n<p style=\"text-align: justify;\">Att\u0131klar\u0131 ad\u0131mlar\u0131n arkas\u0131nda olduk. \u00c7\u00fcnk\u00fc ba\u011f\u0131ms\u0131z kurumlar e\u011fer siyasi iradenin kendi arkalar\u0131nda durduklar\u0131n\u0131 hissetmezlerse, i\u015fte o zaman ba\u011f\u0131ms\u0131zl\u0131klar\u0131na zarar gelmeye ba\u015flar. O zaman kendinden emin olmayarak sa\u011fdan soldan gelen r\u00fczgarlara g\u00f6re, \u015f\u00f6yle ya da b\u00f6yle bask\u0131lar alt\u0131nda kararlar almaya ba\u015flarlar ki, as\u0131l o zaman problemli bir tablo ortaya \u00e7\u0131kar. Dolay\u0131s\u0131yla kurumlar\u0131n ba\u011f\u0131ms\u0131zl\u0131\u011f\u0131, ama ba\u011f\u0131ms\u0131zca ald\u0131klar\u0131 kararlar\u0131n arkas\u0131nda siyasi iradenin sa\u011flam \u015fekilde duruyor olmas\u0131, bu kurumlar\u0131m\u0131z\u0131n g\u00f6revini daha iyi yapmas\u0131 i\u00e7in de son derece gerekli bir durum. Kurumlar\u0131n g\u00f6revlerini yapabilmesi i\u00e7in gerekli bir durum.&#8221;<\/p>\n<p style=\"text-align: justify;\"><strong>&#8220;SON Y\u00dcZYILIN EN KARMA\u015eIK D\u00d6NEM\u0130&#8221;\u00a0<\/strong><\/p>\n<p style=\"text-align: justify;\">Babacan, &#8220;\u00d6n\u00fcm\u00fczdeki d\u00f6nemde herkesin \u00e7ok \u00e7ok ihtiyatl\u0131 hareket etmesi gerek. Hem h\u00fck\u00fcmetin hem t\u00fcm devlet kurulu\u015flar\u0131m\u0131z\u0131n, hem \u015firketlerimizin farkl\u0131 senaryolara haz\u0131r olmas\u0131 gerekecek. Hi\u00e7bir \u015fey s\u00fcrpriz olmamal\u0131 bu d\u00f6nemde. \u2019Ya biz bu kadar\u0131n\u0131 da beklemiyorduk\u2019 dememeli kimse, \u00f6yle bir d\u00f6nemden ge\u00e7iyoruz. Ve i\u00e7inden ge\u00e7mekte oldu\u011fumuz d\u00f6nem son y\u00fczy\u0131l\u0131n hi\u00e7bir d\u00f6nemi ile mukayese edilemeyecek karma\u015f\u0131kl\u0131kta bir d\u00f6nem&#8221; dedi.<\/p>\n<p style=\"text-align: justify;\"><a href=\"http:\/\/haber.gazetevatan.com\/babacandan-korkutan-uyari\/411477\/2\/Ekonomi\" target=\"_blank\">Kaynak : Vatan Gazetesi<\/a><\/p>\n","protected":false},"excerpt":{"rendered":"<p style=\"text-align: center;\">\n<p style=\"text-align: justify;\">&#8221;Kimse 3-6 ay yerinde duracak bir para politikas\u0131 beklemesin&#8230;&#8221;<\/p>\n<p style=\"text-align: justify;\">Ba\u015fbakan Yard\u0131mc\u0131s\u0131 Ali Babacan, T\u00fcrkiye\u2019de uygulamakta oldu\u011fumuz kat\u0131 d\u00fczenleme ve denetleme \u00e7er\u00e7evesi mutlaka devam edece\u011fini s\u00f6yledi.<\/p>\n<p style=\"text-align: justify;\">Babacan, &#8220;\u00d6n\u00fcm\u00fczdeki d\u00f6nemde herkesin \u00e7ok \u00e7ok ihtiyatl\u0131 hareket etmesi gerek. Hi\u00e7bir \u015fey s\u00fcrpriz olmamal\u0131 bu d\u00f6nemde. \u2019Ya biz bu kadar\u0131n\u0131 da <\/p>\n","protected":false},"author":1,"featured_media":0,"comment_status":"open","ping_status":"open","sticky":false,"template":"","format":"standard","meta":{"footnotes":""},"categories":[7],"tags":[],"class_list":["post-42696","post","type-post","status-publish","format-standard","hentry","category-ekonomi","odd"],"_links":{"self":[{"href":"http:\/\/www.korhanyilmaz.com\/index.php?rest_route=\/wp\/v2\/posts\/42696","targetHints":{"allow":["GET"]}}],"collection":[{"href":"http:\/\/www.korhanyilmaz.com\/index.php?rest_route=\/wp\/v2\/posts"}],"about":[{"href":"http:\/\/www.korhanyilmaz.com\/index.php?rest_route=\/wp\/v2\/types\/post"}],"author":[{"embeddable":true,"href":"http:\/\/www.korhanyilmaz.com\/index.php?rest_route=\/wp\/v2\/users\/1"}],"replies":[{"embeddable":true,"href":"http:\/\/www.korhanyilmaz.com\/index.php?rest_route=%2Fwp%2Fv2%2Fcomments&post=42696"}],"version-history":[{"count":0,"href":"http:\/\/www.korhanyilmaz.com\/index.php?rest_route=\/wp\/v2\/posts\/42696\/revisions"}],"wp:attachment":[{"href":"http:\/\/www.korhanyilmaz.com\/index.php?rest_route=%2Fwp%2Fv2%2Fmedia&parent=42696"}],"wp:term":[{"taxonomy":"category","embeddable":true,"href":"http:\/\/www.korhanyilmaz.com\/index.php?rest_route=%2Fwp%2Fv2%2Fcategories&post=42696"},{"taxonomy":"post_tag","embeddable":true,"href":"http:\/\/www.korhanyilmaz.com\/index.php?rest_route=%2Fwp%2Fv2%2Ftags&post=42696"}],"curies":[{"name":"wp","href":"https:\/\/api.w.org\/{rel}","templated":true}]}}