{"id":42692,"date":"2011-11-17T17:48:48","date_gmt":"2011-11-17T15:48:48","guid":{"rendered":"http:\/\/www.korhanyilmaz.com\/?p=42692"},"modified":"2011-11-18T00:57:34","modified_gmt":"2011-11-17T22:57:34","slug":"eski-yargitay-uyesi-21-kasimda-yuce-divanda","status":"publish","type":"post","link":"http:\/\/www.korhanyilmaz.com\/?p=42692","title":{"rendered":"Eski Yarg\u0131tay \u00fcyesi 21 Kas\u0131m&#8217;da Y\u00fcce Divan&#8217;da"},"content":{"rendered":"<p style=\"text-align: center;\"><a href=\"http:\/\/www.korhanyilmaz.com\/wp-content\/uploads\/2011\/11\/7136.jpg\"  class=\"lightview\"><img loading=\"lazy\" decoding=\"async\" class=\"aligncenter  wp-image-42693\" src=\"http:\/\/www.korhanyilmaz.com\/wp-content\/uploads\/2011\/11\/7136.jpg\" alt=\"\" width=\"219\" height=\"292\" \/><\/a><\/p>\n<p style=\"text-align: justify;\">Yarg\u0131daki r\u00fc\u015fvet iddialar\u0131na ili\u015fkin soru\u015fturmada ad\u0131 ge\u00e7en ve Y\u00fcce Divan&#8217;da yarg\u0131lanmas\u0131na karar verilen eski Yarg\u0131tay 6. Ceza Dairesi Ba\u015fkan\u0131 Hasan Erdo\u011fan&#8217;\u0131n yarg\u0131lanmas\u0131na 21 Kas\u0131m Pazartesi g\u00fcn\u00fc ba\u015flanacak.\u00a0<!--more--><\/p>\n<p style=\"text-align: justify;\">Yarg\u0131tay Ba\u015fkanlar Kurulunun, y\u00fcksek yarg\u0131da r\u00fc\u015fvet iddialar\u0131yla ilgili soru\u015fturmada ad\u0131 ge\u00e7en eski Yarg\u0131tay 6. Hukuk Dairesi Ba\u015fkan\u0131 Hasan Erdo\u011fan&#8217;\u0131 Y\u00fcce Divan&#8217;a g\u00f6ndermesiyle Y\u00fcce Divan, tarihinde ilk kez bir y\u00fcksek yarg\u0131c\u0131n davas\u0131na bakacak.<\/p>\n<p style=\"text-align: justify;\">Anayasa Mahkemesi heyetinin Y\u00fcce Divan olarak g\u00f6rev yapaca\u011f\u0131 ve ceza davas\u0131 prosed\u00fcr\u00fc izlenen davan\u0131n ilk duru\u015fmas\u0131 21 Kas\u0131m Pazartesi g\u00fcn\u00fc g\u00f6r\u00fclecek.<\/p>\n<p style=\"text-align: justify;\">Davada, savc\u0131l\u0131k g\u00f6revini Yarg\u0131tay Cumhuriyet Ba\u015fsavc\u0131s\u0131 veya ba\u015fsavc\u0131vekili yapacak.<\/p>\n<p style=\"text-align: justify;\">\u0130stanbul D\u00fcnya Ticaret Merkezi ile CNR Fuarc\u0131l\u0131k aras\u0131ndaki bir davada r\u00fc\u015fvet verildi\u011fi iddialar\u0131yla ilgili ba\u015flat\u0131lan soru\u015fturmada ad\u0131 ge\u00e7en eski Yarg\u0131tay 6. Hukuk Dairesi Ba\u015fkan\u0131 Hasan Erdo\u011fan hakk\u0131ndaki soru\u015fturma, su\u00e7 tarihinde g\u00f6revi ba\u015f\u0131nda bulunmas\u0131 nedeniyle Yarg\u0131tay&#8217;ca y\u00fcr\u00fct\u00fclm\u00fc\u015f, Yarg\u0131tay Ba\u015fkanlar Kurulu, Erdo\u011fan&#8217;\u0131n Y\u00fcce Divan&#8217;da yarg\u0131lanmas\u0131na karar vermi\u015fti.<\/p>\n<p style=\"text-align: justify;\">Anayasa Mahkemesi, Anayasa&#8217;n\u0131n 148. maddesine g\u00f6re, Cumhurba\u015fkan\u0131n\u0131, Bakanlar Kurulu \u00fcyelerini, Anayasa Mahkemesi, Yarg\u0131tay, Dan\u0131\u015ftay, Askeri Yarg\u0131tay, Askeri Y\u00fcksek \u0130dare Mahkemesi Ba\u015fkan ve \u00fcyelerini, Ba\u015fsavc\u0131lar\u0131n\u0131,\u00a0Cumhuriyet Ba\u015fsavc\u0131vekilini, Hakimler ve Savc\u0131lar Y\u00fcksek Kurulu ve Say\u0131\u015ftay Ba\u015fkan ve \u00fcyelerini g\u00f6revleriyle ilgili su\u00e7lardan dolay\u0131 Y\u00fcce Divan s\u0131fat\u0131yla yarg\u0131l\u0131yor.<\/p>\n<p style=\"text-align: justify;\">Daha \u00f6nce kesin olan Y\u00fcce Divan kararlar\u0131na, yeniden inceleme yolu da ge\u00e7en y\u0131l yap\u0131lan Anayasa de\u011fi\u015fikli\u011fi ile a\u00e7\u0131ld\u0131. Buna g\u00f6re, iki b\u00f6l\u00fcm ve Genel Kurul halinde \u00e7al\u0131\u015fan Anayasa Mahkemesi heyeti, Y\u00fcce Divan yarg\u0131lamalar\u0131n\u0131, Ba\u015fkan\u0131n veya Ba\u015fkan\u0131n belirleyece\u011fi bir Ba\u015fkanvekilinin ba\u015fkanl\u0131\u011f\u0131nda en az 12 \u00fcye ile yapacak. Y\u00fcce Divan kararlar\u0131na kar\u015f\u0131 yeniden inceleme ba\u015fvurusu yap\u0131labilecek. Genel Kurulun yeniden inceleme sonucu verdi\u011fi kararlar kesin olacak.<\/p>\n<p style=\"text-align: justify;\"><a href=\"http:\/\/www.cnnturk.com\/2011\/turkiye\/11\/17\/eski.yargitay.uyesi.21.kasimda.yuce.divanda\/637136.0\/index.html\" target=\"_blank\">Kaynak : CNN T\u00dcRK<\/a><\/p>\n","protected":false},"excerpt":{"rendered":"<p style=\"text-align: center;\">\n<p style=\"text-align: justify;\">Yarg\u0131daki r\u00fc\u015fvet iddialar\u0131na ili\u015fkin soru\u015fturmada ad\u0131 ge\u00e7en ve Y\u00fcce Divan&#8217;da yarg\u0131lanmas\u0131na karar verilen eski Yarg\u0131tay 6. Ceza Dairesi Ba\u015fkan\u0131 Hasan Erdo\u011fan&#8217;\u0131n yarg\u0131lanmas\u0131na 21 Kas\u0131m Pazartesi g\u00fcn\u00fc ba\u015flanacak. <\/p>\n","protected":false},"author":1,"featured_media":0,"comment_status":"open","ping_status":"open","sticky":false,"template":"","format":"standard","meta":{"footnotes":""},"categories":[105],"tags":[],"class_list":["post-42692","post","type-post","status-publish","format-standard","hentry","category-gundem","odd"],"_links":{"self":[{"href":"http:\/\/www.korhanyilmaz.com\/index.php?rest_route=\/wp\/v2\/posts\/42692","targetHints":{"allow":["GET"]}}],"collection":[{"href":"http:\/\/www.korhanyilmaz.com\/index.php?rest_route=\/wp\/v2\/posts"}],"about":[{"href":"http:\/\/www.korhanyilmaz.com\/index.php?rest_route=\/wp\/v2\/types\/post"}],"author":[{"embeddable":true,"href":"http:\/\/www.korhanyilmaz.com\/index.php?rest_route=\/wp\/v2\/users\/1"}],"replies":[{"embeddable":true,"href":"http:\/\/www.korhanyilmaz.com\/index.php?rest_route=%2Fwp%2Fv2%2Fcomments&post=42692"}],"version-history":[{"count":0,"href":"http:\/\/www.korhanyilmaz.com\/index.php?rest_route=\/wp\/v2\/posts\/42692\/revisions"}],"wp:attachment":[{"href":"http:\/\/www.korhanyilmaz.com\/index.php?rest_route=%2Fwp%2Fv2%2Fmedia&parent=42692"}],"wp:term":[{"taxonomy":"category","embeddable":true,"href":"http:\/\/www.korhanyilmaz.com\/index.php?rest_route=%2Fwp%2Fv2%2Fcategories&post=42692"},{"taxonomy":"post_tag","embeddable":true,"href":"http:\/\/www.korhanyilmaz.com\/index.php?rest_route=%2Fwp%2Fv2%2Ftags&post=42692"}],"curies":[{"name":"wp","href":"https:\/\/api.w.org\/{rel}","templated":true}]}}