{"id":42687,"date":"2011-11-17T22:05:40","date_gmt":"2011-11-17T20:05:40","guid":{"rendered":"http:\/\/www.korhanyilmaz.com\/?p=42687"},"modified":"2011-11-18T01:06:36","modified_gmt":"2011-11-17T23:06:36","slug":"mecliste-kucak-tartismasi","status":"publish","type":"post","link":"http:\/\/www.korhanyilmaz.com\/?p=42687","title":{"rendered":"Meclis&#8217;te &#8220;kucak&#8221; tart\u0131\u015fmas\u0131"},"content":{"rendered":"<p style=\"text-align: center;\"><a href=\"http:\/\/www.korhanyilmaz.com\/wp-content\/uploads\/2011\/11\/7135.jpg\"  class=\"lightview\"><img loading=\"lazy\" decoding=\"async\" class=\"aligncenter  wp-image-42688\" src=\"http:\/\/www.korhanyilmaz.com\/wp-content\/uploads\/2011\/11\/7135.jpg\" alt=\"\" width=\"306\" height=\"236\" \/><\/a><\/p>\n<p style=\"text-align: justify;\">Meclis&#8217;te &#8220;kucakta siyaset&#8221; tart\u0131\u015fmas\u0131 ya\u015fand\u0131. Tart\u0131\u015fman\u0131n taraflar\u0131, son g\u00fcnlerde aralar\u0131 bir hayli gergin olan BDP ve AK Partililerdi.<\/p>\n<p style=\"text-align: justify;\">TBMM Genel Kurulunda, MHP&#8217;nin, narenciye \u00fcreticilerinin piyasada olu\u015fan fiyat dalgalanmalar\u0131ndan korunmas\u0131 ve narenciye ithalat\u0131nda T\u00fcrkiye&#8217;nin potansiyelinin de\u011ferlendirilmesiyle ilgili sorunlar\u0131n tespiti, al\u0131nmas\u0131 gereken \u00f6nlemlerin belirlenmesi amac\u0131yla verilen Meclis ara\u015ft\u0131rma \u00f6nergesinin bug\u00fcn g\u00f6r\u00fc\u015f\u00fclmesi istemini i\u00e7eren grup \u00f6nerisi ele al\u0131nd\u0131.\u00a0<!--more--><\/p>\n<p style=\"text-align: justify;\">MHP Mersin Milletvekili Ali \u00d6z, \u00f6neri \u00fczerinde s\u00f6z alarak, narenciye \u00fcreticilerine desteklerin hasat mevsimi ba\u015flamadan nakit olarak verilmesi gerekti\u011fini s\u00f6yledi.<\/p>\n<p style=\"text-align: justify;\">\u00d6nerinin aleyhinde s\u00f6z alan BDP Mu\u015f Milletvekili S\u0131rr\u0131 Sak\u0131k, &#8220;Asl\u0131nda bin lehte istemi\u015ftim ama b\u00f6yle olunca da b\u00f6ylesine yerinde bir \u00f6nerinin aleyhinde buraya \u00e7\u0131k\u0131p ne s\u00f6ylenecek merak ediyorum&#8221; dedi.<\/p>\n<p style=\"text-align: justify;\">Partisinin do\u011fru buldu\u011fu her \u00f6neriye destek verdi\u011fini belirten Sak\u0131k, &#8220;Bu \u00fclkenin \u0130\u00e7i\u015fleri Bakan\u0131 Allah ad\u0131na bu \u00fclkeye zulmediyor ama ge\u00e7en g\u00fcnk\u00fc gensoruya s\u0131rf bizden geldi\u011fi i\u00e7in destek vermediniz. Bizimle yan yana g\u00f6r\u00fcnmekten bu kadar korkman\u0131n anlam\u0131 yoktur. BDP, &#8216;g\u00fcnde 3 kez di\u015fler f\u0131r\u00e7alans\u0131n&#8217; dedi\u011finde yok mu diyeceksiniz? \u00dclkenin selameti i\u00e7in Ba\u015fbakan&#8217;a, AKP&#8217;ye \u00e7a\u011fr\u0131m\u0131zd\u0131r; derhal bu bakan\u0131 g\u00f6revden al\u0131n, istifa etmesi gerekir&#8221; diye konu\u015ftu.<\/p>\n<p style=\"text-align: justify;\"><strong>&#8220;Kandil&#8217;den talimat al\u0131yorsunuz&#8221;\u00a0<\/strong><\/p>\n<p style=\"text-align: justify;\">AK Parti Grup Ba\u015fkanvekili Mustafa Elita\u015f, &#8220;sata\u015fma&#8221; oldu\u011fu gerek\u00e7esiyle s\u00f6z alarak, &#8220;BDP milletvekillerinin \u015funu iyi bilmesi gerekiyor; \u0130\u00e7i\u015fleri Bakan\u0131, \u00e7\u0131kt\u0131 KCK&#8217;n\u0131n ne oldu\u011funu anlatt\u0131. KCK, bir taraftan yarg\u0131s\u0131n\u0131 kuran, bir taraftan kendi \u00fcyelerini dahi hunharca katleden bunu da g\u00fcvenlik g\u00f6revlilerinin \u00fczerine y\u0131kan adi bir cinayet \u015febekesidir&#8221; dedi.<\/p>\n<p style=\"text-align: justify;\">BDP milletvekillerinin kendi \u00f6zg\u00fcr iradelerini kullanamad\u0131klar\u0131n\u0131 savunan Elita\u015f, &#8220;Ya Kandil&#8217;den ya \u0130mral\u0131&#8217;dan talimat al\u0131yorsunuz&#8221; ifadesini kulland\u0131.<\/p>\n<p style=\"text-align: justify;\">Elita\u015f, bu arada, s\u00f6zlerine itiraz eden CHP \u0130stanbul Milletvekili Aykut Erdo\u011fdu&#8217;ya, BDP s\u0131ralar\u0131n\u0131 i\u015faret ederek, &#8220;sen \u015fu s\u0131ralara ge\u00e7 istersen&#8221; \u015feklinde tepki g\u00f6sterdi. Elita\u015f, &#8220;Bu nas\u0131l parti? Herkes konu\u015fuyor. Genel ba\u015fkanlar\u0131 ba\u015fka, milletvekilleri ba\u015fka s\u00f6yl\u00fcyor. Tabelan\u0131za da &#8216;Ba\u011f\u0131ms\u0131z CHP&#8217; yazs\u0131nlar&#8221; diye konu\u015ftu.<\/p>\n<p style=\"text-align: justify;\"><strong>Hasip Kaplan&#8217;\u0131n konu\u015fmas\u0131\u00a0<\/strong><\/p>\n<p style=\"text-align: justify;\">AK Parti Grup Ba\u015fkanvekili Mustafa Elita\u015f&#8217;\u0131n, &#8220;Kandil&#8217;den, \u0130mral\u0131&#8217;dan talimat almadan hareket etmiyorsunuz&#8221; s\u00f6zleri \u00fczerine k\u00fcrs\u00fcye \u00e7\u0131kan BDP Grup Ba\u015fkanvekili Hasip Kaplan, &#8220;KCK konusunda bir tek mahkeme karar\u0131 olmamas\u0131na ra\u011fmen \u0130\u00e7i\u015fleri Bakan\u0131 \u00e7\u0131k\u0131yor burada yarg\u0131s\u0131z infaz yap\u0131yor. Biz Kandil&#8217;den de\u011fil parti t\u00fcz\u00fck programlar\u0131m\u0131zdan, sand\u0131klardan se\u00e7ilerek geldik. Biz d\u00fckkandan almad\u0131k milletvekili belgesini&#8221; diye konu\u015ftu. Kaplan, &#8220;okyanus \u00f6tesinden talimat alanlar\u0131n kendilerine &#8216;siz Kandilden talimat al\u0131yorsunuz&#8217; diyemeyece\u011fini&#8221; s\u00f6yledi.<\/p>\n<p style=\"text-align: justify;\">Kaplan, konu\u015fmas\u0131 s\u0131ras\u0131nda, &#8220;kendisine laf att\u0131\u011f\u0131n\u0131&#8221; iddia etti\u011fi AK Parti Ad\u0131yaman Milletvekili Mehmet Metiner&#8217;e de &#8220;Sen sus, bu sata\u015fma ba\u015fkan\u0131, ba\u015fka i\u015fi yok. Buraya gelen her hatibe laf yeti\u015ftiriyor&#8221; diye tepki g\u00f6sterdi.<\/p>\n<p style=\"text-align: justify;\">CHP&#8217;li Erdo\u011fdu, &#8220;sata\u015fma&#8221; oldu\u011fu gerek\u00e7esiyle k\u00fcrs\u00fcye gelerek, Elita\u015f&#8217;a hitaben, &#8220;Nerede oturaca\u011f\u0131m\u0131 sizden \u00f6\u011frenecek de\u011filim. Hakaret etti\u011finiz siyasi parti ile Oslo&#8217;da yapt\u0131\u011f\u0131n\u0131z g\u00f6r\u00fc\u015fmeleri s\u00f6ylemek zorunday\u0131z. Habur&#8217;dakileri biz mi yapt\u0131k? Dengeli olun. Zikzaklarla \u00fclke y\u00f6netilmez&#8221; dedi.<\/p>\n<p style=\"text-align: justify;\">Bu s\u00f6zler \u00fczerine tekrar k\u00fcrs\u00fcye gelen Elita\u015f da &#8220;Say\u0131n milletvekilinin orada oturmas\u0131ndan mutluyum, iyi ki bizim s\u0131ralar\u0131m\u0131zda oturmuyor. \u015eunu iyi bilin, hi\u00e7 kimseden talimat almay\u0131z Y\u00fcce T\u00fcrk milletinden ba\u015fka&#8221; \u015feklinde konu\u015ftu.<\/p>\n<p style=\"text-align: justify;\">\u00a0BDP&#8217;li Sak\u0131k da tekrar k\u00fcrs\u00fcye gelerek, milletvekillerinin konu\u015fmas\u0131n\u0131n engellenemeyece\u011fini s\u00f6yledi. Sak\u0131k, &#8220;Siz ne kadar me\u015fruysan\u0131z KCK tutuklular\u0131 da o kadar me\u015frudur. Halk se\u00e7ti\u011fi milletvekillerini parlamentoda g\u00f6rmek istiyor, siz &#8216;hay\u0131r&#8217; diyorsunuz. \u00dclkeyi polis devletine d\u00f6n\u00fc\u015ft\u00fcr\u00fcn\u00fcz. Sizin y\u00fcre\u011finiz anayasa de\u011fi\u015fikli\u011fi yapmaya yetmez&#8221; ifadesini kulland\u0131.<\/p>\n<p style=\"text-align: justify;\"><strong>&#8220;Terbiyem el vermedi\u011fi i\u00e7in&#8230;&#8221;\u00a0<\/strong><\/p>\n<p style=\"text-align: justify;\">AK Parti&#8217;li Metiner de &#8220;sata\u015fma&#8221; gerek\u00e7esiyle s\u00f6z alarak, Kaplan&#8217;\u0131n s\u00f6zlerinin terbiye ile ba\u011fda\u015fmayaca\u011f\u0131n\u0131 belirterek, &#8220;Siyaset akademisinden bir suikast\u00e7\u0131 \u00e7\u0131k\u0131yor Metiner i\u00e7in. Siyaset akademisi ter\u00f6r e\u011fitimine d\u00f6n\u00fc\u015ft\u00fcr\u00fclm\u00fc\u015fse bunun hesab\u0131n\u0131 sizin vermeniz gerekir&#8221; a\u00e7\u0131klamas\u0131nda bulundu.<\/p>\n<p style=\"text-align: justify;\">CHP Grup Ba\u015fkanvekili Muharrem \u0130nce de s\u00f6z alarak, AK Parti&#8217;nin se\u00e7imlerde en fazla oyu ald\u0131\u011f\u0131n\u0131, buna sayg\u0131 duyduklar\u0131n\u0131 s\u00f6yledi. Bir hikaye anlatmak istedi\u011fini belirten \u0130nce, \u015f\u00f6yle devam etti:<\/p>\n<p style=\"text-align: justify;\">&#8220;\u00c7\u0131nar a\u011fac\u0131n\u0131n dibine su kaba\u011f\u0131 tohumu d\u00fc\u015fm\u00fc\u015f. Sonra ya\u011fmur mevsimi ba\u015flay\u0131nca su kaba\u011f\u0131 h\u0131zla b\u00fcy\u00fcm\u00fc\u015f, \u00e7\u0131nar\u0131n boyuna yeti\u015fmi\u015f, &#8216;ben \u015furada bir iki ayda geldim, seni ge\u00e7tim&#8217; demi\u015f. \u00c7\u0131nar da buna k\u0131s k\u0131s g\u00fclm\u00fc\u015f; &#8216;yak\u0131nda sonbahar geliyor hele bir k\u0131ra\u011f\u0131lar d\u00fc\u015fmeye ba\u015flas\u0131n seni g\u00f6rece\u011fim&#8217; demi\u015f. K\u0131\u015f gelince su kaba\u011f\u0131 serilmi\u015f yere, \u00e7\u0131nar dimdik ayakta. Burada 300 milletvekiliyle Anavatan vard\u0131. \u00d6yle bir parti kalmad\u0131. Siz de kalmayacaks\u0131n\u0131z ama bu koca \u00e7\u0131nar burada olacak. Se\u00e7imin galibi \u00f6v\u00fcnmekle hakl\u0131d\u0131r. Kutluyoruz. Koca \u00e7\u0131nar da dimdik ayaktad\u0131r. Su kaba\u011f\u0131 k\u0131\u015f\u0131 g\u00f6r\u00fcnce ba\u015f\u0131n\u0131 yere e\u011fecektir.&#8221;<\/p>\n<p style=\"text-align: justify;\">\u00d6nerinin lehinde s\u00f6z alan CHP Adana Milletvekili \u00dcmit \u00d6zg\u00fcm\u00fc\u015f, AK Parti&#8217;li Metiner&#8217;in bulundu\u011fu yeri i\u015faret ederek, &#8220;Allah kimseyi onun yerine d\u00fc\u015f\u00fcrmesin. Kendi genel ba\u015fkan\u0131na &#8216;birikimsiz&#8217;, &#8216;\u00e7aps\u0131z&#8217; diyen birisi, konu\u015fmalar\u0131 teybe d\u00fc\u015f\u00fcnce gerdan k\u0131rarak, \u015fark dans\u00f6zl\u00fc\u011f\u00fc yaparak etraf\u0131nda dola\u015fmaya ba\u015flad\u0131. \u0130nsanda biraz utanma olur. Ben olsam \u015fu dire\u011fin arkas\u0131nda otururum&#8221; ifadesini kulland\u0131.<\/p>\n<p style=\"text-align: justify;\"><strong>&#8220;\u015eark dans\u00f6zl\u00fc\u011f\u00fc&#8230;&#8221;\u00a0<\/strong><\/p>\n<p style=\"text-align: justify;\">Bu s\u00f6zler \u00fczerine aya\u011fa kalkarak, &#8220;Terbiyesizlik yap\u0131yor&#8221; diye ba\u011f\u0131ran Elita\u015f&#8217;a \u00d6zg\u00fcm\u00fc\u015f, &#8220;Terbiyeyi sizden \u00f6\u011frenmeyece\u011fim&#8221; diye yan\u0131t verdi.<\/p>\n<p style=\"text-align: justify;\">Genel Kurula girerek, s\u00f6z isteyen Metiner, &#8220;(Allah kimseyi onun yerine koymas\u0131n) diyor. Benim yerime ge\u00e7ebilmesi i\u00e7in ba\u015fkaca hasletlerinin olmas\u0131 gerekiyor. &#8216;\u015eark dans\u00f6zl\u00fc\u011f\u00fc&#8217;, &#8216;takla atmak&#8217; gibi s\u00f6zler terbiyeden yoksun. S\u00f6zlerinizin hepsini fazlas\u0131yla size iade edebilirim ama terbiyem el vermedi\u011fi i\u00e7in bunu yapmayaca\u011f\u0131m&#8221; \u015feklinde konu\u015ftu.<\/p>\n<p style=\"text-align: justify;\">Konu\u015fmalar\u0131n ard\u0131ndan yap\u0131lan oylamada, grup \u00f6nerisi reddedildi. TBMM Genel Kurulunda, CHP&#8217;nin, Kocaeli&#8217;nin Derince il\u00e7esindeki tehlikeli at\u0131klar\u0131n ara\u015ft\u0131r\u0131lmas\u0131na ili\u015fkin ara\u015ft\u0131rma \u00f6nergesinin bug\u00fcn g\u00f6r\u00fc\u015f\u00fclmesi \u00f6nerisi de kabul edilmedi.<\/p>\n<p><center><a class=\"lightview\" title=\" :::: width:550, height:413\" href=\"\/swf\/flvplayer.swf?file=cnnturk\/haber\/2011-11-17\/ku.mp4&amp;streamer=rtmp:\/\/213.243.10.90\/vod\/&amp;skin=\/swf\/nacht.zip&amp;menu=false&amp;volume=45&amp;autostart=true&amp;volume=50&amp;controlbar=over&amp;stretching=exactfit\" rel=\"set[sifre02]\"><img decoding=\"async\" src=\"http:\/\/www.korhanyilmaz.com\/wp-data\/images\/videoizle1.png\" alt=\"\" \/><\/a><\/center><\/p>\n<p style=\"text-align: justify;\">\u00a0<a href=\"http:\/\/www.cnnturk.com\/2011\/guncel\/11\/17\/mecliste.kucak.tartismasi\/637153.0\/index.html\" target=\"_blank\">Kaynak : CNN T\u00dcRK<\/a><\/p>\n","protected":false},"excerpt":{"rendered":"<p style=\"text-align: center;\">\n<p style=\"text-align: justify;\">Meclis&#8217;te &#8220;kucakta siyaset&#8221; tart\u0131\u015fmas\u0131 ya\u015fand\u0131. Tart\u0131\u015fman\u0131n taraflar\u0131, son g\u00fcnlerde aralar\u0131 bir hayli gergin olan BDP ve AK Partililerdi.<\/p>\n<p style=\"text-align: justify;\">TBMM Genel Kurulunda, MHP&#8217;nin, narenciye \u00fcreticilerinin piyasada olu\u015fan fiyat dalgalanmalar\u0131ndan korunmas\u0131 ve narenciye ithalat\u0131nda T\u00fcrkiye&#8217;nin potansiyelinin de\u011ferlendirilmesiyle ilgili sorunlar\u0131n tespiti, al\u0131nmas\u0131 gereken \u00f6nlemlerin belirlenmesi amac\u0131yla verilen Meclis ara\u015ft\u0131rma \u00f6nergesinin bug\u00fcn <\/p>\n","protected":false},"author":1,"featured_media":0,"comment_status":"open","ping_status":"open","sticky":false,"template":"","format":"standard","meta":{"footnotes":""},"categories":[105],"tags":[],"class_list":["post-42687","post","type-post","status-publish","format-standard","hentry","category-gundem","odd"],"_links":{"self":[{"href":"http:\/\/www.korhanyilmaz.com\/index.php?rest_route=\/wp\/v2\/posts\/42687","targetHints":{"allow":["GET"]}}],"collection":[{"href":"http:\/\/www.korhanyilmaz.com\/index.php?rest_route=\/wp\/v2\/posts"}],"about":[{"href":"http:\/\/www.korhanyilmaz.com\/index.php?rest_route=\/wp\/v2\/types\/post"}],"author":[{"embeddable":true,"href":"http:\/\/www.korhanyilmaz.com\/index.php?rest_route=\/wp\/v2\/users\/1"}],"replies":[{"embeddable":true,"href":"http:\/\/www.korhanyilmaz.com\/index.php?rest_route=%2Fwp%2Fv2%2Fcomments&post=42687"}],"version-history":[{"count":0,"href":"http:\/\/www.korhanyilmaz.com\/index.php?rest_route=\/wp\/v2\/posts\/42687\/revisions"}],"wp:attachment":[{"href":"http:\/\/www.korhanyilmaz.com\/index.php?rest_route=%2Fwp%2Fv2%2Fmedia&parent=42687"}],"wp:term":[{"taxonomy":"category","embeddable":true,"href":"http:\/\/www.korhanyilmaz.com\/index.php?rest_route=%2Fwp%2Fv2%2Fcategories&post=42687"},{"taxonomy":"post_tag","embeddable":true,"href":"http:\/\/www.korhanyilmaz.com\/index.php?rest_route=%2Fwp%2Fv2%2Ftags&post=42687"}],"curies":[{"name":"wp","href":"https:\/\/api.w.org\/{rel}","templated":true}]}}