{"id":42661,"date":"2011-11-17T19:22:00","date_gmt":"2011-11-17T17:22:00","guid":{"rendered":"http:\/\/www.korhanyilmaz.com\/?p=42661"},"modified":"2011-11-17T20:26:19","modified_gmt":"2011-11-17T18:26:19","slug":"hizli-yargilama-icin-ucuncu-paket","status":"publish","type":"post","link":"http:\/\/www.korhanyilmaz.com\/?p=42661","title":{"rendered":"H\u0131zl\u0131 yarg\u0131lama i\u00e7in \u00fc\u00e7\u00fcnc\u00fc paket"},"content":{"rendered":"<p style=\"text-align: center;\"><a href=\"http:\/\/www.korhanyilmaz.com\/wp-content\/uploads\/2011\/11\/7132.jpg\"  class=\"lightview\"><img loading=\"lazy\" decoding=\"async\" class=\"aligncenter  wp-image-42662\" src=\"http:\/\/www.korhanyilmaz.com\/wp-content\/uploads\/2011\/11\/7132.jpg\" alt=\"\" width=\"322\" height=\"241\" \/><\/a><\/p>\n<p style=\"text-align: justify;\">Adalet Bakan\u0131 Sadullah Ergin, yarg\u0131lamalar\u0131n h\u0131zland\u0131r\u0131lmas\u0131na y\u00f6nelik olarak mevzuat\u0131n taranmas\u0131 \u00e7al\u0131\u015fmalar\u0131na hali haz\u0131rda devam edildi\u011fini belirterek, &#8221;Bu konuda haz\u0131rlanmakta olan \u00fc\u00e7\u00fcnc\u00fc paket kanun tasar\u0131s\u0131 da en k\u0131sa s\u00fcrede T\u00fcrkiye B\u00fcy\u00fck Millet Meclisine sunulacakt\u0131r&#8221; dedi.<!--more--><\/p>\n<p style=\"text-align: justify;\">Ankara- Ergin, bakanl\u0131k b\u00fct\u00e7esini TBMM Plan ve B\u00fct\u00e7e Komisyonuna sunarken yapt\u0131\u011f\u0131 konu\u015fmada, bug\u00fcn i\u00e7in adalet sisteminin kar\u015f\u0131 kar\u015f\u0131ya oldu\u011fu temel sorunun, yarg\u0131lamalar\u0131n makul s\u00fcrede bitirilememesi oldu\u011funu s\u00f6yledi.<\/p>\n<p style=\"text-align: justify;\">Uzayan her bir i\u015flemin taraflar \u00fczerinde yaratt\u0131\u011f\u0131 gerginlik bir yana, toplumsal ekonomik ve siyasi sonu\u00e7lar\u0131 oldu\u011funu ifade eden Ergin, &#8221;Kadastro davas\u0131 yar\u0131m as\u0131r s\u00fcrm\u00fc\u015f bir \u00e7ift\u00e7inin hayat\u0131n\u0131 g\u00fcvenlik ve esenlik i\u00e7erisinde s\u00fcrd\u00fcrebilmesi m\u00fcmk\u00fcn de\u011fildir. Ticari davas\u0131 uzun s\u00fcren tacirin de, idari davas\u0131 uzun s\u00fcrm\u00fc\u015f bir memurun da bundan fark\u0131 yoktur&#8221; diye konu\u015ftu.<\/p>\n<p style=\"text-align: justify;\">Uzayan yarg\u0131lamalar\u0131n, g\u00fcvensizlik \u00fczerine kurulmu\u015f bir toplumsal ya\u015fam\u0131 beraberinde getirdi\u011fini, b\u00f6yle i\u015fleyen bir toplumsal d\u00fczenin, vatanda\u015flar\u0131n ya\u015fam standard\u0131n\u0131n y\u00fckseltilmesini imkans\u0131z k\u0131ld\u0131\u011f\u0131n\u0131 kaydeden Ergin, \u015f\u00f6yle konu\u015ftu:<\/p>\n<p style=\"text-align: justify;\">&#8221;Yarg\u0131lamalar\u0131n uzunlu\u011fu sorunu, ge\u00e7mi\u015ften bu yana baz\u0131 \u00e7\u00f6z\u00fcm \u00f6nerileriyle birlikte uygulamac\u0131lar ve akademisyenlerce hep dillendirilmi\u015ftir. Birden fazla fakt\u00f6r\u00fcn do\u011furdu\u011fu bu sorunun \u00e7\u00f6z\u00fcm\u00fcnde y\u0131llarca mesafe al\u0131namamas\u0131n\u0131n ilk nedeni, uzun soluklu \u00e7al\u0131\u015fma y\u00fcr\u00fctecek bir siyasi istikrar\u0131n olmamas\u0131 olarak ifade edilmelidir. \u00c7\u00fcnk\u00fc at\u0131lacak ad\u0131mlar\u0131n \u00f6nceden belirlenmesi ve bir takvim dahilinde ger\u00e7ekle\u015ftirilmesi, sonu\u00e7lar\u0131n izlenmesi ve geli\u015fmelere uygun tedbirlerin al\u0131nmas\u0131 gerekmektedir. Bir di\u011fer neden ise yarg\u0131lamay\u0131 yava\u015flatan alanlardan sadece baz\u0131lar\u0131na yo\u011funla\u015f\u0131lmas\u0131d\u0131r. Sadece mevzuat de\u011fi\u015fikliklerinin yap\u0131lmas\u0131 ya da insan kaynaklar\u0131 kapasitesinin ele al\u0131nmas\u0131n\u0131n yeterli olmad\u0131\u011f\u0131 a\u00e7\u0131kt\u0131r. Makul s\u00fcrede yarg\u0131laman\u0131n temini bir\u00e7ok fakt\u00f6re ba\u011fl\u0131 bulunmakta ve uzun vadeli yakla\u015f\u0131m\u0131 gerektirmektedir.&#8221;<\/p>\n<p style=\"text-align: justify;\"><strong>Yarg\u0131laman\u0131n h\u0131zland\u0131r\u0131lmas\u0131\u00a0<\/strong><\/p>\n<p style=\"text-align: justify;\">Bakan Ergin, 2002 y\u0131l\u0131ndan bu yana y\u00fcr\u00fctt\u00fckleri faaliyetlerle bunu sa\u011flamak i\u00e7in bir\u00e7ok alanda \u00f6nemli geli\u015fmeler kaydedildi\u011fini s\u00f6yledi.<\/p>\n<p style=\"text-align: justify;\">Yarg\u0131lamalar\u0131n gecikmesi sonucunu do\u011furan sebeplerin en \u00f6nemlisinin, i\u015f y\u00fck\u00fc fazlal\u0131\u011f\u0131 oldu\u011funu vurgulayan Ergin, bu konuda iki \u00f6nemli \u00e7al\u0131\u015fma yapt\u0131klar\u0131n\u0131 belirterek, Yarg\u0131tay ve Dan\u0131\u015ftayda \u00fcye ve daire say\u0131s\u0131n\u0131n art\u0131r\u0131lmas\u0131, tetkik hakimi istihdam\u0131 gibi yeni d\u00fczenlemeleri anlatt\u0131.<\/p>\n<p style=\"text-align: justify;\"><span style=\"text-decoration: underline;\">Ergin, \u015funlar\u0131 kaydetti:<\/span><\/p>\n<p style=\"text-align: justify;\">&#8221;Yarg\u0131lamalar\u0131n h\u0131zland\u0131r\u0131lmas\u0131na y\u00f6nelik olarak mevzuat\u0131n taranmas\u0131 \u00e7al\u0131\u015fmalar\u0131na hali haz\u0131rda devam edilmektedir. Bu konuda haz\u0131rlanmakta olan \u00fc\u00e7\u00fcnc\u00fc paket kanun tasar\u0131s\u0131 da en k\u0131sa s\u00fcrede T\u00fcrkiye B\u00fcy\u00fck Millet Meclisine sunulacakt\u0131r. Bu ve benzeri paketlerin kanunla\u015fmas\u0131 ile birlikte yarg\u0131lamalar\u0131n h\u0131zland\u0131r\u0131lmas\u0131nda \u00f6nemli bir mesafe al\u0131nm\u0131\u015f olunacakt\u0131r. Yarg\u0131lamalar\u0131 h\u0131zland\u0131racak mevzuat d\u00fczenlemelerini i\u00e7eren paketlerin gecikmeksizin haz\u0131rlan\u0131p kanunla\u015ft\u0131r\u0131lmas\u0131, bili\u015fim imkanlar\u0131n\u0131n art\u0131r\u0131lmas\u0131 ve altyap\u0131 sorunlar\u0131n\u0131n \u00e7\u00f6z\u00fclmesi gibi \u00e7al\u0131\u015fmalar ve bundan sonra y\u00fcr\u00fct\u00fclecek bu do\u011frultudaki faaliyetlerle \u00f6zlemini duydu\u011fumuz h\u0131zl\u0131 i\u015fleyen ve g\u00fcven veren yarg\u0131 sistemine ula\u015faca\u011f\u0131m\u0131za olan inanc\u0131m\u0131 huzurlar\u0131n\u0131zda bir daha ifade etmek isterim.&#8221;<\/p>\n<p style=\"text-align: justify;\"><a href=\"http:\/\/www.cumhuriyet.com.tr\/?hn=293768&amp;kw=H%FDzl%FD+yarg%FDlama+i%E7in+%FC%E7%FCnc%FC+paket\" target=\"_blank\">Kaynak : Cumhuriyet Haber Portal\u0131<\/a><\/p>\n","protected":false},"excerpt":{"rendered":"<p style=\"text-align: center;\">\n<p style=\"text-align: justify;\">Adalet Bakan\u0131 Sadullah Ergin, yarg\u0131lamalar\u0131n h\u0131zland\u0131r\u0131lmas\u0131na y\u00f6nelik olarak mevzuat\u0131n taranmas\u0131 \u00e7al\u0131\u015fmalar\u0131na hali haz\u0131rda devam edildi\u011fini belirterek, &#8221;Bu konuda haz\u0131rlanmakta olan \u00fc\u00e7\u00fcnc\u00fc paket kanun tasar\u0131s\u0131 da en k\u0131sa s\u00fcrede T\u00fcrkiye B\u00fcy\u00fck Millet Meclisine sunulacakt\u0131r&#8221; dedi.<\/p>\n","protected":false},"author":1,"featured_media":0,"comment_status":"open","ping_status":"open","sticky":false,"template":"","format":"standard","meta":{"footnotes":""},"categories":[105],"tags":[],"class_list":["post-42661","post","type-post","status-publish","format-standard","hentry","category-gundem","odd"],"_links":{"self":[{"href":"http:\/\/www.korhanyilmaz.com\/index.php?rest_route=\/wp\/v2\/posts\/42661","targetHints":{"allow":["GET"]}}],"collection":[{"href":"http:\/\/www.korhanyilmaz.com\/index.php?rest_route=\/wp\/v2\/posts"}],"about":[{"href":"http:\/\/www.korhanyilmaz.com\/index.php?rest_route=\/wp\/v2\/types\/post"}],"author":[{"embeddable":true,"href":"http:\/\/www.korhanyilmaz.com\/index.php?rest_route=\/wp\/v2\/users\/1"}],"replies":[{"embeddable":true,"href":"http:\/\/www.korhanyilmaz.com\/index.php?rest_route=%2Fwp%2Fv2%2Fcomments&post=42661"}],"version-history":[{"count":0,"href":"http:\/\/www.korhanyilmaz.com\/index.php?rest_route=\/wp\/v2\/posts\/42661\/revisions"}],"wp:attachment":[{"href":"http:\/\/www.korhanyilmaz.com\/index.php?rest_route=%2Fwp%2Fv2%2Fmedia&parent=42661"}],"wp:term":[{"taxonomy":"category","embeddable":true,"href":"http:\/\/www.korhanyilmaz.com\/index.php?rest_route=%2Fwp%2Fv2%2Fcategories&post=42661"},{"taxonomy":"post_tag","embeddable":true,"href":"http:\/\/www.korhanyilmaz.com\/index.php?rest_route=%2Fwp%2Fv2%2Ftags&post=42661"}],"curies":[{"name":"wp","href":"https:\/\/api.w.org\/{rel}","templated":true}]}}