{"id":42655,"date":"2011-11-17T16:33:32","date_gmt":"2011-11-17T14:33:32","guid":{"rendered":"http:\/\/www.korhanyilmaz.com\/?p=42655"},"modified":"2011-11-17T19:07:08","modified_gmt":"2011-11-17T17:07:08","slug":"saglik-bakanligindan-kozinoglu-savunmasi","status":"publish","type":"post","link":"http:\/\/www.korhanyilmaz.com\/?p=42655","title":{"rendered":"Sa\u011fl\u0131k Bakanl\u0131\u011f\u0131&#8217;ndan Kozino\u011flu savunmas\u0131"},"content":{"rendered":"<p style=\"text-align: center;\"><a href=\"http:\/\/www.korhanyilmaz.com\/wp-content\/uploads\/2011\/11\/7131.jpg\"  class=\"lightview\"><img loading=\"lazy\" decoding=\"async\" class=\"aligncenter  wp-image-42656\" src=\"http:\/\/www.korhanyilmaz.com\/wp-content\/uploads\/2011\/11\/7131.jpg\" alt=\"\" width=\"307\" height=\"236\" \/><\/a><\/p>\n<p style=\"text-align: justify;\">Sa\u011fl\u0131k Bakanl\u0131\u011f\u0131, cezaevinde \u00f6len M\u0130T mensubu Ka\u015fif Kozino\u011flu&#8217;nun \u00f6l\u00fcm\u00fcyle ilgili a\u00e7\u0131klama yapt\u0131.<\/p>\n<p style=\"text-align: justify;\">Kozino\u011flu, cezaevinde hayat\u0131n\u0131 kaybetmi\u015fti. Adalet Bakanl\u0131\u011f\u0131 ertesi g\u00fcn yapt\u0131\u011f\u0131 a\u00e7\u0131klamada Kozino\u011flu&#8217;nun a\u011f\u0131r spor sonras\u0131 fenala\u015f\u0131p hayat\u0131n\u0131 kaybetti\u011fini belirtmi\u015fti. Kozino\u011flu&#8217;nun yak\u0131nlar\u0131 ise cezaevi revirinde doktor olmad\u0131\u011f\u0131n\u0131, Kozino\u011flu&#8217;nun doktorun bulunmad\u0131\u011f\u0131 bir ambulansla hastaneye g\u00f6t\u00fcr\u00fcld\u00fc\u011f\u00fcn\u00fc, yolda ikinci bir ambulanstaki doktor taraf\u0131ndan kendisine m\u00fcdahale edildi\u011fini iddia etmi\u015fti.\u00a0<!--more--><\/p>\n<p style=\"text-align: justify;\">Sa\u011fl\u0131k Bakanl\u0131\u011f\u0131 Bas\u0131n ve Halkla \u0130li\u015fkiler M\u00fc\u015favirli\u011fi&#8217;nden yap\u0131lan yaz\u0131l\u0131 a\u00e7\u0131klamada, Silivri Ceza \u0130nfaz Kurumunda tutuklu bulunan Ka\u015fif Kozino\u011flu&#8217;nun rahats\u0131zlanmas\u0131 ve hayat\u0131n\u0131 kaybetmesi s\u00fcreciyle ilgili a\u00e7\u0131klama yap\u0131lmas\u0131na gerek g\u00f6r\u00fcld\u00fc\u011f\u00fc belirtildi.<\/p>\n<p style=\"text-align: justify;\">A\u00e7\u0131klamada, 30 Nisan 2009 tarihli &#8220;Sa\u011fl\u0131k Bakanl\u0131\u011f\u0131 ve Adalet Bakanl\u0131\u011f\u0131 Aras\u0131nda Ceza \u0130nfaz Kurumlar\u0131ndaki Sa\u011fl\u0131k Hizmetlerinin D\u00fczenlenmesi Hakk\u0131nda Protokol&#8221; h\u00fck\u00fcmlerine g\u00f6re Silivri Ceza \u0130nfaz Kurumu&#8217;nda bir semt poliklini\u011finin kuruldu\u011fu, poliklini\u011fin ilgili protokol ve Yatakl\u0131 Tedavi Kurumlar\u0131 \u0130\u015fletme Y\u00f6netmeli\u011fi h\u00fck\u00fcmlerine g\u00f6re hizmet verdi\u011fi ifade edildi.<\/p>\n<p style=\"text-align: justify;\">Olay\u0131n oldu\u011fu 12 Kas\u0131m&#8217;da semt poliklini\u011finde bir hekimin g\u00f6revde oldu\u011fu ve ayn\u0131 saatlerde bu sa\u011fl\u0131k merkezinde hasta bakt\u0131\u011f\u0131n\u0131n tespit edildi\u011fi bildirilen a\u00e7\u0131klamada, &#8220;Cezaevindeki bu sa\u011fl\u0131k merkezimize ve burada g\u00f6rev yapan hekimimize s\u00f6z konusu vakayla ilgili olarak herhangi bir bildirimde bulunulmad\u0131\u011f\u0131 anla\u015f\u0131lm\u0131\u015ft\u0131r&#8221; ifadeleri kullan\u0131ld\u0131.<\/p>\n<p style=\"text-align: justify;\">\u0130stanbul 112 Komuta Kontrol Merkezinin kay\u0131tlar\u0131n\u0131n \u015fu \u015fekilde oldu\u011fu bildirildi:<\/p>\n<p style=\"text-align: justify;\">&#8220;Komuta Kontrol Merkezimize saat 18.30&#8217;da \u00e7a\u011fr\u0131 gelmi\u015f ve ambulans\u0131m\u0131z 18.42&#8217;de vakaya ula\u015fm\u0131\u015ft\u0131r. Vakaya ilk m\u00fcdahale ambulans\u0131m\u0131zda g\u00f6revli acil t\u0131p teknisyeni (ATT) taraf\u0131ndan yap\u0131lm\u0131\u015ft\u0131r. Geli\u015fmi\u015f \u00fclkelerde oldu\u011fu gibi \u00fclkemizde de acil sa\u011fl\u0131k sistemimizde ATT ve paramedikli sistem kullan\u0131lmaktad\u0131r. ATT ve paramedikler, acil hastal\u0131k ve yaralanmalara olay yerinde veya ambulansta m\u00fcdahale edebilecek, yaral\u0131\/hastay\u0131 sa\u011fl\u0131k kurulu\u015funa ula\u015ft\u0131r\u0131ncaya kadar gerekli acil t\u0131bbi yard\u0131m\u0131 yapabilecek yeterlili\u011fe sahiptirler.<\/p>\n<p style=\"text-align: justify;\">Saat 18.54&#8217;te vaka, Silivri Devlet Hastanesi&#8217;ne nakledilmek \u00fczere ambulansla yola \u00e7\u0131km\u0131\u015f, 2 dakika sonra da (saat 18.56&#8217;da) ikinci ambulans vakaya ula\u015fm\u0131\u015ft\u0131r. Saat 19.10&#8217;da da hastaneye ula\u015f\u0131lm\u0131\u015ft\u0131r.&#8221;<\/p>\n<p style=\"text-align: justify;\"><a href=\"http:\/\/www.cnnturk.com\/2011\/guncel\/11\/17\/saglik.bakanligindan.kozinoglu.savunmasi\/637122.0\/index.html\" target=\"_blank\">Kaynak : CNN T\u00dcRK<\/a><\/p>\n","protected":false},"excerpt":{"rendered":"<p style=\"text-align: center;\">\n<p style=\"text-align: justify;\">Sa\u011fl\u0131k Bakanl\u0131\u011f\u0131, cezaevinde \u00f6len M\u0130T mensubu Ka\u015fif Kozino\u011flu&#8217;nun \u00f6l\u00fcm\u00fcyle ilgili a\u00e7\u0131klama yapt\u0131.<\/p>\n<p style=\"text-align: justify;\">Kozino\u011flu, cezaevinde hayat\u0131n\u0131 kaybetmi\u015fti. Adalet Bakanl\u0131\u011f\u0131 ertesi g\u00fcn yapt\u0131\u011f\u0131 a\u00e7\u0131klamada Kozino\u011flu&#8217;nun a\u011f\u0131r spor sonras\u0131 fenala\u015f\u0131p hayat\u0131n\u0131 kaybetti\u011fini belirtmi\u015fti. Kozino\u011flu&#8217;nun yak\u0131nlar\u0131 ise cezaevi revirinde doktor olmad\u0131\u011f\u0131n\u0131, Kozino\u011flu&#8217;nun doktorun bulunmad\u0131\u011f\u0131 bir ambulansla hastaneye g\u00f6t\u00fcr\u00fcld\u00fc\u011f\u00fcn\u00fc, yolda ikinci bir ambulanstaki <\/p>\n","protected":false},"author":1,"featured_media":0,"comment_status":"open","ping_status":"open","sticky":false,"template":"","format":"standard","meta":{"footnotes":""},"categories":[105],"tags":[],"class_list":["post-42655","post","type-post","status-publish","format-standard","hentry","category-gundem","odd"],"_links":{"self":[{"href":"http:\/\/www.korhanyilmaz.com\/index.php?rest_route=\/wp\/v2\/posts\/42655","targetHints":{"allow":["GET"]}}],"collection":[{"href":"http:\/\/www.korhanyilmaz.com\/index.php?rest_route=\/wp\/v2\/posts"}],"about":[{"href":"http:\/\/www.korhanyilmaz.com\/index.php?rest_route=\/wp\/v2\/types\/post"}],"author":[{"embeddable":true,"href":"http:\/\/www.korhanyilmaz.com\/index.php?rest_route=\/wp\/v2\/users\/1"}],"replies":[{"embeddable":true,"href":"http:\/\/www.korhanyilmaz.com\/index.php?rest_route=%2Fwp%2Fv2%2Fcomments&post=42655"}],"version-history":[{"count":0,"href":"http:\/\/www.korhanyilmaz.com\/index.php?rest_route=\/wp\/v2\/posts\/42655\/revisions"}],"wp:attachment":[{"href":"http:\/\/www.korhanyilmaz.com\/index.php?rest_route=%2Fwp%2Fv2%2Fmedia&parent=42655"}],"wp:term":[{"taxonomy":"category","embeddable":true,"href":"http:\/\/www.korhanyilmaz.com\/index.php?rest_route=%2Fwp%2Fv2%2Fcategories&post=42655"},{"taxonomy":"post_tag","embeddable":true,"href":"http:\/\/www.korhanyilmaz.com\/index.php?rest_route=%2Fwp%2Fv2%2Ftags&post=42655"}],"curies":[{"name":"wp","href":"https:\/\/api.w.org\/{rel}","templated":true}]}}