{"id":42650,"date":"2011-11-17T18:04:45","date_gmt":"2011-11-17T16:04:45","guid":{"rendered":"http:\/\/www.korhanyilmaz.com\/?p=42650"},"modified":"2011-11-17T19:04:05","modified_gmt":"2011-11-17T17:04:05","slug":"kozinoglunun-kogus-arkadasindan-bomba-iddia","status":"publish","type":"post","link":"http:\/\/www.korhanyilmaz.com\/?p=42650","title":{"rendered":"Kozino\u011flu&#8217;nun ko\u011fu\u015f arkada\u015f\u0131ndan bomba iddia"},"content":{"rendered":"<p style=\"text-align: justify;\"><a href=\"http:\/\/www.korhanyilmaz.com\/wp-content\/uploads\/2011\/11\/7130.jpg\"  class=\"lightview\"><img loading=\"lazy\" decoding=\"async\" class=\"aligncenter size-full wp-image-42651\" title=\"\" src=\"http:\/\/www.korhanyilmaz.com\/wp-content\/uploads\/2011\/11\/7130.jpg\" alt=\"\" width=\"292\" height=\"224\" \/><\/a><\/p>\n<p style=\"text-align: justify;\">Silivri Cezaevi&#8217;nde 12 Kas\u0131m ak\u015fam\u0131 rahats\u0131zlanarak hayat\u0131n\u0131 kaybeden Odatv davas\u0131 san\u0131\u011f\u0131 Ka\u015fif Kozino\u011flu&#8217;nun, ko\u011fu\u015f arkada\u015f\u0131 ikinci Ergenekon davas\u0131n\u0131n tutuklu san\u0131\u011f\u0131 Hasan Ataman Y\u0131ld\u0131r\u0131m, mahkemeye sundu\u011fu dilek\u00e7esinde ilgin\u00e7 iddialarda bulundu.\u00a0<!--more--><\/p>\n<p style=\"text-align: justify;\">(DHA) &#8212; Ataman Y\u0131ld\u0131r\u0131m, Ka\u015fif Kozino\u011flu&#8217;nun \u00f6lmeden bir gece \u00f6nce rahats\u0131z olan ko\u011fu\u015f arkada\u015f\u0131 Hasan Atilla U\u011fur&#8217;un kalp krizi ge\u00e7irebilece\u011fi endi\u015fesiyle sabaha kadar n\u00f6bet tuttu\u011funu belirtti.<\/p>\n<p style=\"text-align: justify;\">Y\u0131ld\u0131r\u0131m, ter\u00f6ristba\u015f\u0131 Abdullah \u00d6calan&#8217;\u0131 sorgulayan timde g\u00f6rev yapan ve bu konuda kitap yazan Atilla U\u011fur&#8217;un sivil hastanelerde doktor ya da hem\u015fire k\u0131l\u0131\u011f\u0131ndaki ter\u00f6ristler taraf\u0131ndan i\u011fne ile \u00f6ld\u00fcr\u00fclebilece\u011fini ileri s\u00fcrd\u00fc.<\/p>\n<p style=\"text-align: justify;\">Hasan Ataman Y\u0131ld\u0131r\u0131m, bug\u00fcn g\u00f6r\u00fclen duru\u015fma s\u0131ras\u0131nda \u0130stanbul 13. A\u011f\u0131r Ceza Mahkemesi&#8217;ne sundu\u011fu dilek\u00e7esinde Ka\u015fif Kozino\u011flu ve davan\u0131n san\u0131\u011f\u0131 emekli Albay Hasan Atilla U\u011fur ile ayn\u0131 ko\u011fu\u015fta kald\u0131klar\u0131n\u0131 belirterek \u015fu a\u00e7\u0131klamalar\u0131 yapt\u0131:<\/p>\n<p style=\"text-align: justify;\">&#8220;Ka\u015fif Kozino\u011flu, ge\u00e7en hafta hasta olan Atilla U\u011fur i\u00e7in 11 Kas\u0131m ak\u015fam\u0131 uyumad\u0131. Sabah saat 06.30&#8217;a kadar ko\u011fu\u015fta n\u00f6bet tuttu. &#8216;Atilla&#8217;y\u0131 kalp krizinden kaybedebiliriz&#8217; diye d\u00fc\u015f\u00fcn\u00fcyorduk. Ka\u015fif o g\u00fcn saat 15.45&#8217;te uyand\u0131. Avluda beraber saat 16.15&#8217;ten itibaren y\u00fcr\u00fcd\u00fck. Ben 30 dakika, Kozino\u011flu ise 60 dakika y\u00fcr\u00fcd\u00fc. Sonra ko\u011fu\u015ftaki odas\u0131na \u00e7\u0131k\u0131p 45 dakika kadar spor yapt\u0131. Ben bu sporu bana g\u00f6re a\u011f\u0131r spor olarak de\u011ferlendirdim. Ancak bu \u015fekilde y\u00fcr\u00fcy\u00fc\u015f ve sporu d\u00fczenli olarak yapmaktayd\u0131. Yani onun i\u00e7in normal spordur.&#8221;<\/p>\n<p style=\"text-align: justify;\"><strong>&#8220;Merdivenlerden kendi inmek istedi&#8221;\u00a0<\/strong><\/p>\n<p style=\"text-align: justify;\">Kozino\u011flu&#8217;nun rahats\u0131zland\u0131\u011f\u0131 ak\u015fam\u0131 dakika dakika dilek\u00e7esinde anlatan Y\u0131ld\u0131r\u0131m, Kozino\u011flu&#8217;nun spordan sonra du\u015f ald\u0131\u011f\u0131n\u0131 belirterek, &#8220;Kozino\u011flu a\u011fr\u0131s\u0131 olunca 18.15&#8217;te Atilla&#8217;n\u0131n odas\u0131na gelerek yard\u0131m istedi. Ka\u015fif&#8217;in odas\u0131na ge\u00e7ildi. G\u00f6\u011fs\u00fcnde \u015fiddetli a\u011fr\u0131 ve tansiyon 12.7\/20.5 oldu\u011fu hemen \u00f6l\u00e7\u00fcld\u00fc ve 18.17&#8217;de acil butonuna bas\u0131ld\u0131. Dil alt\u0131 hap\u0131 verildi. 18.35 civar\u0131 g\u00f6revlilerin getirdi\u011fi sedyeye binmek istemedi ve hatta 19 basamakl\u0131 merdiveni kendi inmek istedi. Fakat g\u00f6revli memurlar, sedye ile merdivenleri indirerek bilinci a\u00e7\u0131k ve konu\u015fur durumda ko\u011fu\u015ftan ayr\u0131ld\u0131&#8221; dedi.<\/p>\n<p style=\"text-align: justify;\"><strong>&#8220;Ambulansta olmas\u0131 gereken doktor yoktu&#8221;\u00a0<\/strong><\/p>\n<p style=\"text-align: justify;\">Y\u0131ld\u0131r\u0131m, Kozino\u011flu&#8217;nun bundan sonra ya\u015fad\u0131klar\u0131n\u0131 da \u00f6\u011frendi\u011fine g\u00f6re dilek\u00e7esinde yer verdi.<\/p>\n<p style=\"text-align: justify;\">Y\u0131ld\u0131r\u0131m dilek\u00e7esinde, &#8220;Daha sonra \u00f6\u011frendi\u011fimize g\u00f6re mahkum kabul k\u0131sm\u0131nda bilinci a\u00e7\u0131k, nab\u0131z atar ve konu\u015fur durumda bekledi. 112 acil yakla\u015f\u0131k 18.50&#8217;de geldi ve ambulansla Silivri Devlet Hastanesi&#8217;ne g\u00f6t\u00fcr\u00fcld\u00fc. Ancak ambulansta olmas\u0131 gereken doktor yoktu. Teknisyenler m\u00fcdahale etmi\u015fler. TEM yolunda giderken ba\u015fka bir ambulans ile temas edilerek TEM \u00e7\u0131k\u0131\u015f\u0131na gelen di\u011fer ambulans doktoru ile birle\u015ferek Silivri Devlet Hastanesi&#8217;ne var\u0131ld\u0131 zaman 19.15&#8217;te vefat etmi\u015fti&#8221; ifadelerine yer verdi.<\/p>\n<p style=\"text-align: justify;\"><strong>&#8220;Bizler burada \u00f6l\u00fcm\u00fc bekliyoruz&#8221;\u00a0<\/strong><\/p>\n<p style=\"text-align: justify;\">Hasan Ataman Y\u0131ld\u0131r\u0131m dilek\u00e7esinde &#8220;Kozino\u011flu, ilk a\u011fr\u0131n\u0131n gelmesinden sonra ancak 1 saat sonra hastaneye ula\u015ft\u0131r\u0131lm\u0131\u015ft\u0131r. Cezaevi kampusunda \u015fu \u015fartlarda b\u00fct\u00fcn tutuklular i\u00e7in bu durum ayn\u0131d\u0131r. Bizler burada \u00f6l\u00fcm\u00fc bekliyoruz&#8221; ifadelerine yer verdi.<\/p>\n<p style=\"text-align: justify;\">Ko\u011fu\u015f arkada\u015f\u0131 emekli Albay Atilla U\u011fur&#8217;un sa\u011fl\u0131k durumunun Kozino\u011flu&#8217;nun \u00f6l\u00fcm\u00fcnden \u00f6nceki 2 g\u00fcn k\u00f6t\u00fc oldu\u011funu anlatan Ataman Y\u0131ld\u0131r\u0131m, Atilla U\u011fur&#8217;un &#8220;\u00d6calan&#8217;\u0131n nas\u0131l sorgulad\u0131m&#8221; adl\u0131 bir kitap yazd\u0131ktan sonra tehditlerin artt\u0131\u011f\u0131n\u0131 savundu.<\/p>\n<p style=\"text-align: justify;\"><strong>&#8220;\u0130\u011fne ile \u00f6ld\u00fcr\u00fclebilir&#8221;\u00a0<\/strong><\/p>\n<p style=\"text-align: justify;\">Y\u0131ld\u0131r\u0131m, &#8220;Ter\u00f6r \u00f6rg\u00fctlerinin hedefe halindedir. Bu gerek\u00e7eyle kendisi GATA Askeri Hastanesi&#8217;ne gitmek istiyor. Sivil devlet ve \u00fcniversite hastanelerinde aralar\u0131na kar\u0131\u015facak ter\u00f6r mensuplar\u0131nca doktor, hem\u015fire k\u0131l\u0131\u011f\u0131nda i\u011fne ile \u00f6ld\u00fcr\u00fclmesi m\u00fcmk\u00fcnd\u00fcr&#8221; dedi.<\/p>\n<p style=\"text-align: justify;\">Ataman Y\u0131ld\u0131r\u0131m dilek\u00e7esinde, &#8220;Atilla Albay\u0131m (U\u011fur) Ka\u015fif Bey&#8217;in \u00f6l\u00fcm\u00fcnden sonra kesinlikle Silivri Devlet Hastanesi&#8217;ne gitmeyi kabul etmiyor. Silivri Devlet Hastanesi&#8217;nde \u00f6lmek yerine ko\u011fu\u015fta \u00f6lmeyi tercih ediyor. Her g\u00fcn g\u00f6z\u00fcm\u00fcn \u00f6n\u00fcnde eriyor. Ben Atilla Albay&#8217;\u0131 \u00c7apa&#8217;ya gitmeye ikna ettim. Her g\u00fcn g\u00f6z\u00fcm\u00fcn \u00f6n\u00fcnde eriyor. Kendisinin \u00c7apa&#8217;ya sevki i\u00e7in mahkemeye talepte bulunuyorum. Ko\u011fu\u015fta ikinci bir \u00f6l\u00fcm istemiyorum&#8221; diye devam etti.<\/p>\n<p style=\"text-align: justify;\">Mahkeme Ba\u015fkan\u0131 Hasan H\u00fcseyin \u00d6zese, Hasan Ataman Y\u0131ld\u0131r\u0131m&#8217;\u0131n ko\u011fu\u015f arkada\u015f\u0131 emekli Albay Atilla U\u011fur&#8217;un sa\u011fl\u0131k durumuna ili\u015fkin dilek\u00e7esini cezaevi y\u00f6netimine g\u00f6nderdiklerini, cezaevi y\u00f6netiminin gere\u011fini yapaca\u011f\u0131n\u0131 s\u00f6yledi.<\/p>\n<p style=\"text-align: justify;\"><a href=\"http:\/\/www.cnnturk.com\/2011\/guncel\/11\/17\/kozinoglunun.kogus.arkadasindan.bomba.iddia\/637143.0\/index.html\" target=\"_blank\">Kaynak : CNN T\u00dcRK\u00a0<\/a><\/p>\n","protected":false},"excerpt":{"rendered":"<p style=\"text-align: justify;\">\n<p style=\"text-align: justify;\">Silivri Cezaevi&#8217;nde 12 Kas\u0131m ak\u015fam\u0131 rahats\u0131zlanarak hayat\u0131n\u0131 kaybeden Odatv davas\u0131 san\u0131\u011f\u0131 Ka\u015fif Kozino\u011flu&#8217;nun, ko\u011fu\u015f arkada\u015f\u0131 ikinci Ergenekon davas\u0131n\u0131n tutuklu san\u0131\u011f\u0131 Hasan Ataman Y\u0131ld\u0131r\u0131m, mahkemeye sundu\u011fu dilek\u00e7esinde ilgin\u00e7 iddialarda bulundu. <\/p>\n","protected":false},"author":1,"featured_media":0,"comment_status":"open","ping_status":"open","sticky":false,"template":"","format":"standard","meta":{"footnotes":""},"categories":[105],"tags":[481,473],"class_list":["post-42650","post","type-post","status-publish","format-standard","hentry","category-gundem","tag-hasan-ataman-yildirim","tag-kasif-kozinoglu","odd"],"_links":{"self":[{"href":"http:\/\/www.korhanyilmaz.com\/index.php?rest_route=\/wp\/v2\/posts\/42650","targetHints":{"allow":["GET"]}}],"collection":[{"href":"http:\/\/www.korhanyilmaz.com\/index.php?rest_route=\/wp\/v2\/posts"}],"about":[{"href":"http:\/\/www.korhanyilmaz.com\/index.php?rest_route=\/wp\/v2\/types\/post"}],"author":[{"embeddable":true,"href":"http:\/\/www.korhanyilmaz.com\/index.php?rest_route=\/wp\/v2\/users\/1"}],"replies":[{"embeddable":true,"href":"http:\/\/www.korhanyilmaz.com\/index.php?rest_route=%2Fwp%2Fv2%2Fcomments&post=42650"}],"version-history":[{"count":0,"href":"http:\/\/www.korhanyilmaz.com\/index.php?rest_route=\/wp\/v2\/posts\/42650\/revisions"}],"wp:attachment":[{"href":"http:\/\/www.korhanyilmaz.com\/index.php?rest_route=%2Fwp%2Fv2%2Fmedia&parent=42650"}],"wp:term":[{"taxonomy":"category","embeddable":true,"href":"http:\/\/www.korhanyilmaz.com\/index.php?rest_route=%2Fwp%2Fv2%2Fcategories&post=42650"},{"taxonomy":"post_tag","embeddable":true,"href":"http:\/\/www.korhanyilmaz.com\/index.php?rest_route=%2Fwp%2Fv2%2Ftags&post=42650"}],"curies":[{"name":"wp","href":"https:\/\/api.w.org\/{rel}","templated":true}]}}